{"id":83421,"date":"2026-06-03T18:53:07","date_gmt":"2026-06-03T16:53:07","guid":{"rendered":"https:\/\/ogrod.pan.pl\/?p=83421"},"modified":"2026-06-03T18:53:12","modified_gmt":"2026-06-03T16:53:12","slug":"floralia-music-in-flowers-2026-rinko-kobayashi-and-agata-gorska","status":"publish","type":"post","link":"https:\/\/ogrod.pan.pl\/en\/floralia-muzyczne-muzyka-w-kwiatach-2026-rinko-kobayashi-i-agata-gorska\/","title":{"rendered":"\u201eMusical Floralia - Music in Flowers\u201d 2026 Rinko Kobayashi and Agata Gorska."},"content":{"rendered":"\n<p class=\"wp-block-paragraph\">W najbli\u017csz\u0105 niedziel\u0119 zapraszamy na kolejne koncerty w ramach <a href=\"https:\/\/www.facebook.com\/events\/1001852832795506\/?__cft__[0]=AZYfjta9zHYmQ83AzD1wwOCLciHRirZ_4HKp7yukRrfYh464w8Xh2C2D_P6dIoJ3KwLJ9VBlmGdjQrouE8n_0zZgFaE1tgI8ortouDls6s_1_Hgquh-40riesAbF9WGz6HKzvdl4MCVJPKZpEZxZQj2c&amp;__tn__=-UK-R\" target=\"_blank\" rel=\"noopener\">XXX Mi\u0119dzynarodowy Festiwal Pianistyczny &#8222;Floralia Muzyczne &#8211; Muzyka w Kwiatach&#8221; 2026<\/a><\/p>\n\n\n\n<p class=\"wp-block-paragraph\">Tym razem w Dworku Wojciecha Fangora wyst\u0105pi\u0105 dwie wybitne pianistki o mi\u0119dzynarodowej renomie:<\/p>\n\n\n\n<p class=\"wp-block-paragraph\"><img loading=\"lazy\" decoding=\"async\" height=\"16\" width=\"16\" alt=\"\ud83d\uddd3\" src=\"https:\/\/static.xx.fbcdn.net\/images\/emoji.php\/v9\/t5c\/1\/16\/1f5d3.png\"> 7 czerwca 2026<\/p>\n\n\n\n<p class=\"wp-block-paragraph\"><img loading=\"lazy\" decoding=\"async\" height=\"16\" width=\"16\" alt=\"\ud83c\udfb9\" src=\"https:\/\/static.xx.fbcdn.net\/images\/emoji.php\/v9\/ta2\/1\/16\/1f3b9.png\"> godz. 14:00 \u2013 Rinko Kobayashi<\/p>\n\n\n\n<p class=\"wp-block-paragraph\"><img loading=\"lazy\" decoding=\"async\" height=\"16\" width=\"16\" alt=\"\ud83c\udfb9\" src=\"https:\/\/static.xx.fbcdn.net\/images\/emoji.php\/v9\/ta2\/1\/16\/1f3b9.png\"> godz. 15:00 \u2013 Agata G\u00f3rska<\/p>\n\n\n\n<p class=\"wp-block-paragraph\"><img loading=\"lazy\" decoding=\"async\" height=\"16\" width=\"16\" alt=\"\ud83d\udccd\" src=\"https:\/\/static.xx.fbcdn.net\/images\/emoji.php\/v9\/t2d\/1\/16\/1f4cd.png\"> PAN Ogr\u00f3d Botaniczny w Powsinie<\/p>\n\n\n\n<p class=\"wp-block-paragraph\">Dworek Wojciecha Fangora<\/p>\n\n\n\n<p class=\"wp-block-paragraph\">ul. Prawdziwka 2, Warszawa<\/p>\n\n\n\n<p class=\"wp-block-paragraph\"><img loading=\"lazy\" decoding=\"async\" height=\"16\" width=\"16\" alt=\"\ud83c\udfb9\" src=\"https:\/\/static.xx.fbcdn.net\/images\/emoji.php\/v9\/ta2\/1\/16\/1f3b9.png\"> godz. 14:00 \u2013 Rinko Kobayashi<\/p>\n\n\n\n<p class=\"wp-block-paragraph\">Laureatka i zdobywczyni nagrody specjalnej Mi\u0119dzynarodowego Konkursu Pianistycznego im. Fryderyka Chopina w Warszawie. Koncertowa\u0142a na najwa\u017cniejszych scenach \u015bwiata, m.in. w Carnegie Hall w Nowym Jorku i Wigmore Hall w Londynie. Od lat popularyzuje muzyk\u0119 Chopina na \u015bwiecie.<\/p>\n\n\n\n<p class=\"wp-block-paragraph\">Program:<\/p>\n\n\n\n<p class=\"wp-block-paragraph\">\u2022 Bach\u2013Kempff \u2013 Siciliano BWV 1031<\/p>\n\n\n\n<p class=\"wp-block-paragraph\">\u2022 F. Liszt \u2013 Liebestraume As-dur nr 3 S.541\/3<\/p>\n\n\n\n<p class=\"wp-block-paragraph\">\u2022 F. Chopin \u2013 Nokturn cis-moll op. posth.<\/p>\n\n\n\n<p class=\"wp-block-paragraph\">\u2022 F. Chopin \u2013 Fantaisie-Impromptu cis-moll op. 66<\/p>\n\n\n\n<p class=\"wp-block-paragraph\">\u2022 F. Chopin \u2013 Mazurek a-moll op. 17 nr 4<\/p>\n\n\n\n<p class=\"wp-block-paragraph\">\u2022 F. Chopin \u2013 Walc Des-dur op. 64 nr 1<\/p>\n\n\n\n<p class=\"wp-block-paragraph\">\u2022 F. Chopin \u2013 Walc cis-moll op. 64 nr 2<\/p>\n\n\n\n<p class=\"wp-block-paragraph\">\u2022 F. Chopin \u2013 Polonez As-dur op. 53<\/p>\n\n\n\n<p class=\"wp-block-paragraph\"><img loading=\"lazy\" decoding=\"async\" height=\"16\" width=\"16\" alt=\"\ud83c\udfb9\" src=\"https:\/\/static.xx.fbcdn.net\/images\/emoji.php\/v9\/ta2\/1\/16\/1f3b9.png\"> godz. 15:00 \u2013 Agata G\u00f3rska-Ko\u0142odziejska<\/p>\n\n\n\n<p class=\"wp-block-paragraph\">Pianistka, profesor Akademii Muzycznej w \u0141odzi, laureatka mi\u0119dzynarodowych konkurs\u00f3w pianistycznych oraz ceniona interpretatorka muzyki Fryderyka Chopina. W swojej dzia\u0142alno\u015bci artystycznej ch\u0119tnie si\u0119ga tak\u017ce po rzadko wykonywane dzie\u0142a polskich kompozytor\u00f3w.<\/p>\n\n\n\n<p class=\"wp-block-paragraph\">Program:<\/p>\n\n\n\n<p class=\"wp-block-paragraph\">\u2022 Fryderyk Chopin \u2013 Nokturn cis-moll op. posth.<\/p>\n\n\n\n<p class=\"wp-block-paragraph\">\u2022 Raul Koczalski \u2013 24 Preludia op. 65<\/p>\n\n\n\n<p class=\"wp-block-paragraph\">\u2022 Fryderyk Chopin \u2013 Mazurek h-moll op. 33 nr 4<\/p>\n\n\n\n<p class=\"wp-block-paragraph\">\u2022 Fryderyk Chopin \u2013 Walc F-dur op. 34 nr 3<\/p>\n\n\n\n<p class=\"wp-block-paragraph\">Partnerem Festiwalu:<\/p>\n\n\n\n<p class=\"wp-block-paragraph\">Mazowsze serce Polski<\/p>\n\n\n\n<p class=\"wp-block-paragraph\">Patronat medialny:<\/p>\n\n\n\n<p class=\"wp-block-paragraph\">Polskie Radio RDC<\/p>\n\n\n\n<p class=\"wp-block-paragraph\"><\/p>\n","protected":false},"excerpt":{"rendered":"<p>This coming Sunday, we invite you to the next concerts as part of the 30th International Piano Festival \u201eFloralia Muzyczne \u2013 Music in Flowers\u201d 2026 This time, two outstanding pianists of international renown will perform at Wojciech Fangor\u2019s Manor House: June 7, 2026, at 2:00 p.m. \u2013 Rinko Kobayashi at 3:00 p.m. \u2013 Agata G\u00f3rska Polish Academy of Sciences Botanical Garden in Powsin Wojciech Fangor Manor, ul\u2026.<\/p>","protected":false},"author":25,"featured_media":83422,"comment_status":"closed","ping_status":"closed","sticky":false,"template":"","format":"standard","meta":{"_kad_blocks_custom_css":"","_kad_blocks_head_custom_js":"","_kad_blocks_body_custom_js":"","_kad_blocks_footer_custom_js":"","ngg_post_thumbnail":0,"_kad_post_transparent":"","_kad_post_title":"","_kad_post_layout":"","_kad_post_sidebar_id":"","_kad_post_content_style":"","_kad_post_vertical_padding":"","_kad_post_feature":"","_kad_post_feature_position":"","_kad_post_header":false,"_kad_post_footer":false,"_kad_post_classname":"","footnotes":""},"categories":[1],"tags":[],"class_list":["post-83421","post","type-post","status-publish","format-standard","has-post-thumbnail","hentry","category-aktualnosci"],"taxonomy_info":{"category":[{"value":1,"label":"Aktualno\u015bci"}]},"featured_image_src_large":["https:\/\/ogrod.pan.pl\/wp-content\/uploads\/2026\/06\/68acc707-873b-45d3-83f8-f5d63820fb38-1024x683.png",1024,683,true],"author_info":{"display_name":"Maria Cichocka","author_link":"https:\/\/ogrod.pan.pl\/en\/author\/mariacichocka\/"},"comment_info":0,"category_info":[{"term_id":1,"name":"Aktualno\u015bci","slug":"aktualnosci","term_group":0,"term_taxonomy_id":1,"taxonomy":"category","description":"","parent":0,"count":204,"filter":"raw","term_order":"0","cat_ID":1,"category_count":204,"category_description":"","cat_name":"Aktualno\u015bci","category_nicename":"aktualnosci","category_parent":0}],"tag_info":false,"meta_box":{"mb_document_group":[{"_state":"expanded"}]},"_links":{"self":[{"href":"https:\/\/ogrod.pan.pl\/en\/wp-json\/wp\/v2\/posts\/83421","targetHints":{"allow":["GET"]}}],"collection":[{"href":"https:\/\/ogrod.pan.pl\/en\/wp-json\/wp\/v2\/posts"}],"about":[{"href":"https:\/\/ogrod.pan.pl\/en\/wp-json\/wp\/v2\/types\/post"}],"author":[{"embeddable":true,"href":"https:\/\/ogrod.pan.pl\/en\/wp-json\/wp\/v2\/users\/25"}],"replies":[{"embeddable":true,"href":"https:\/\/ogrod.pan.pl\/en\/wp-json\/wp\/v2\/comments?post=83421"}],"version-history":[{"count":1,"href":"https:\/\/ogrod.pan.pl\/en\/wp-json\/wp\/v2\/posts\/83421\/revisions"}],"predecessor-version":[{"id":83423,"href":"https:\/\/ogrod.pan.pl\/en\/wp-json\/wp\/v2\/posts\/83421\/revisions\/83423"}],"wp:featuredmedia":[{"embeddable":true,"href":"https:\/\/ogrod.pan.pl\/en\/wp-json\/wp\/v2\/media\/83422"}],"wp:attachment":[{"href":"https:\/\/ogrod.pan.pl\/en\/wp-json\/wp\/v2\/media?parent=83421"}],"wp:term":[{"taxonomy":"category","embeddable":true,"href":"https:\/\/ogrod.pan.pl\/en\/wp-json\/wp\/v2\/categories?post=83421"},{"taxonomy":"post_tag","embeddable":true,"href":"https:\/\/ogrod.pan.pl\/en\/wp-json\/wp\/v2\/tags?post=83421"}],"curies":[{"name":"wp","href":"https:\/\/api.w.org\/{rel}","templated":true}]}}