{"id":83248,"date":"2026-05-07T09:55:08","date_gmt":"2026-05-07T07:55:08","guid":{"rendered":"https:\/\/ogrod.pan.pl\/?p=83248"},"modified":"2026-05-07T11:01:57","modified_gmt":"2026-05-07T09:01:57","slug":"xxx-international-piano-festival-floralia-music-music-in-flowers-2026","status":"publish","type":"post","link":"https:\/\/ogrod.pan.pl\/en\/xxx-miedzynarodowy-festiwal-pianistyczny-floralia-muzyczne-muzyka-w-kwiatach-2026\/","title":{"rendered":"XXX International Piano Festival \u201eMusical Floralia - Music in Flowers\u201d 2026\u00a0"},"content":{"rendered":"<p class=\"wp-block-paragraph\"><strong>Please visit<\/strong> <strong>XXX International Piano Festival \u201eMusical Floralia - Music in Flowers\u201d 2026<\/strong>\u00a0<\/p>\n\n\n\n<p class=\"wp-block-paragraph\">The \u201eMusical Floralia\u201d Piano Festival has been organized since 1996 on the initiative of Anna Maria Sta\u0144czyk. It is attended by pianists from all over the world and young talents - students and pupils of music schools.&nbsp;&nbsp;<\/p>\n\n\n\n<p class=\"wp-block-paragraph\">This year, the opening recital (May 17) will be performed by Yehuda Prokopowicz. Also presenting will be Adam Go\u017adziewski (May 24), Agata G\u00f3rska-Ko\u0142odziejska (June 7) and Mariusz Adamczak (June 21), and of foreign pianists, Rinko Kobayashi (June 7) and Toshiki Ishii from Japan (May 24) and Fran\u00e7ois Chaplin from France (June 21).&nbsp;&nbsp;<\/p>\n\n\n\n<p class=\"wp-block-paragraph\">The Young Stage will feature Miron Lajming from Gdansk and students from the Fryderyk Chopin Music School Complex in Warsaw (June 14), as well as the winners of the 2nd Jan Sebastian Bach National Piano Competition (May 31). Meanwhile, during the last festival Sunday (June 28), we will hear Justyna Zolnacz, a student at the Fryderyk Chopin University of Music, and Gabriel Bortnowski, a student at the Music Academy in Katowice.&nbsp;&nbsp;<\/p>\n\n\n\n<p class=\"wp-block-paragraph\">All concerts will be held on the terrace of Villa Jan\u00f3wek (Wojciech Fangor's Manor House) in the Powsin Botanical Garden (entrance from 2 Prawdziwka Street). In case of rain, the concerts will be moved inside the Villa.&nbsp;&nbsp;<\/p>\n\n\n\n<p class=\"wp-block-paragraph\">Festival Program:<\/p>\n\n\n\n<p class=\"wp-block-paragraph\"><strong>May 17<\/strong><\/p>\n\n\n\n<p class=\"wp-block-paragraph\">15:00 Yehuda Prokopovich&nbsp;<\/p>\n\n\n\n<p class=\"wp-block-paragraph\"><strong>May 24<\/strong><\/p>\n\n\n\n<p class=\"wp-block-paragraph\">14:00 Toshiki Ishii (Japan)<\/p>\n\n\n\n<p class=\"wp-block-paragraph\">15:00 Adam Go\u017adziewski&nbsp;&nbsp;<\/p>\n\n\n\n<p class=\"wp-block-paragraph\"><strong>May 31<\/strong>&nbsp;&nbsp;YOUTH STAGE<\/p>\n\n\n\n<p class=\"wp-block-paragraph\">14:00 Laureates of the Second National Johann Sebastian Bach Piano Competition in Warsaw.&nbsp;<\/p>\n\n\n\n<p class=\"wp-block-paragraph\"><strong>June 7<\/strong><\/p>\n\n\n\n<p class=\"wp-block-paragraph\">14:00 Rinko Kobyashi (Japan\/Poland)<\/p>\n\n\n\n<p class=\"wp-block-paragraph\">15:00 Agata G\u00f3rska-Ko\u0142odziejska&nbsp;&nbsp;<\/p>\n\n\n\n<p class=\"wp-block-paragraph\"><strong>June 14<\/strong> YOUTH STAGE<\/p>\n\n\n\n<p class=\"wp-block-paragraph\">14:00 Miron Lajming<\/p>\n\n\n\n<p class=\"wp-block-paragraph\">15:00 Students of the Fryderyk Chopin Music School Complex in Warsaw.&nbsp;<\/p>\n\n\n\n<p class=\"wp-block-paragraph\"><strong>June 21<\/strong><\/p>\n\n\n\n<p class=\"wp-block-paragraph\">14:00 Mariusz Adamczak<\/p>\n\n\n\n<p class=\"wp-block-paragraph\">15:00 Fran\u00e7ois Chaplin (France)&nbsp;&nbsp;<\/p>\n\n\n\n<p class=\"wp-block-paragraph\"><strong>June 28<\/strong>&nbsp;YOUTH STAGE<\/p>\n\n\n\n<p class=\"wp-block-paragraph\">14:00 Justyna Zolnacz<\/p>\n\n\n\n<p class=\"wp-block-paragraph\">15:00 Gabriel Bortnowski&nbsp;&nbsp;<\/p>\n\n\n\n<p class=\"wp-block-paragraph\"><strong>Organizers<\/strong>:<\/p>\n\n\n\n<p class=\"wp-block-paragraph\">Frederic Chopin Society&nbsp;&nbsp;<\/p>\n\n\n\n<p class=\"wp-block-paragraph\">PAS Botanical Garden in Powsin&nbsp;&nbsp;<\/p>\n\n\n\n<p class=\"wp-block-paragraph\"><strong>Event partner:<\/strong><\/p>\n\n\n\n<p class=\"wp-block-paragraph\">Local Government of the Mazovian Voivodeship&nbsp;<\/p>\n\n\n\n<p class=\"wp-block-paragraph\"><strong>Media Patronage<\/strong>:<\/p>\n\n\n\n<p class=\"wp-block-paragraph\">Polish Radio RDC&nbsp;<\/p>\n\n\n\n<p class=\"wp-block-paragraph\"><strong>Location&nbsp;<\/strong>&nbsp;<\/p>\n\n\n\n<p class=\"wp-block-paragraph\">Warsaw Powsin, PAN Botanical Garden&nbsp;&nbsp;<\/p>\n\n\n\n<p class=\"wp-block-paragraph\">Villa Jan\u00f3wek (Manor House of Wojciech Fangor)&nbsp;&nbsp;&nbsp;&nbsp;<\/p>","protected":false},"excerpt":{"rendered":"<p>We invite you to the 30th International Piano Festival \u201eFloralia Muzyczne \u2013 Music in Flowers\u201d 2026  The \u201eFloralia Muzyczne\u201d Piano Festival has been organized since 1996 on the initiative of Anna Maria Sta\u0144czyk. It features pianists from around the world as well as young talents\u2014students and pupils from music schools.   This year, the opening recital (May 17) will be performed by Yehuda Prokopowicz. Also performing will be Adam Go\u017adziewski (May 24), Agata G\u00f3rska-Ko\u0142odziejska (June 7), and Mariusz Adamczak (June 21\u2026<\/p>","protected":false},"author":25,"featured_media":83251,"comment_status":"closed","ping_status":"closed","sticky":false,"template":"","format":"standard","meta":{"_kad_blocks_custom_css":"","_kad_blocks_head_custom_js":"","_kad_blocks_body_custom_js":"","_kad_blocks_footer_custom_js":"","ngg_post_thumbnail":0,"_kad_post_transparent":"","_kad_post_title":"","_kad_post_layout":"","_kad_post_sidebar_id":"","_kad_post_content_style":"","_kad_post_vertical_padding":"","_kad_post_feature":"","_kad_post_feature_position":"","_kad_post_header":false,"_kad_post_footer":false,"_kad_post_classname":"","footnotes":""},"categories":[1],"tags":[],"class_list":["post-83248","post","type-post","status-publish","format-standard","has-post-thumbnail","hentry","category-aktualnosci"],"taxonomy_info":{"category":[{"value":1,"label":"Aktualno\u015bci"}]},"featured_image_src_large":["https:\/\/ogrod.pan.pl\/wp-content\/uploads\/2026\/05\/Baner_rdc-1-1024x607.jpg",1024,607,true],"author_info":{"display_name":"Maria Cichocka","author_link":"https:\/\/ogrod.pan.pl\/en\/author\/mariacichocka\/"},"comment_info":0,"category_info":[{"term_id":1,"name":"Aktualno\u015bci","slug":"aktualnosci","term_group":0,"term_taxonomy_id":1,"taxonomy":"category","description":"","parent":0,"count":204,"filter":"raw","term_order":"0","cat_ID":1,"category_count":204,"category_description":"","cat_name":"Aktualno\u015bci","category_nicename":"aktualnosci","category_parent":0}],"tag_info":false,"meta_box":{"mb_document_group":[{"_state":"expanded"}]},"_links":{"self":[{"href":"https:\/\/ogrod.pan.pl\/en\/wp-json\/wp\/v2\/posts\/83248","targetHints":{"allow":["GET"]}}],"collection":[{"href":"https:\/\/ogrod.pan.pl\/en\/wp-json\/wp\/v2\/posts"}],"about":[{"href":"https:\/\/ogrod.pan.pl\/en\/wp-json\/wp\/v2\/types\/post"}],"author":[{"embeddable":true,"href":"https:\/\/ogrod.pan.pl\/en\/wp-json\/wp\/v2\/users\/25"}],"replies":[{"embeddable":true,"href":"https:\/\/ogrod.pan.pl\/en\/wp-json\/wp\/v2\/comments?post=83248"}],"version-history":[{"count":2,"href":"https:\/\/ogrod.pan.pl\/en\/wp-json\/wp\/v2\/posts\/83248\/revisions"}],"predecessor-version":[{"id":83252,"href":"https:\/\/ogrod.pan.pl\/en\/wp-json\/wp\/v2\/posts\/83248\/revisions\/83252"}],"wp:featuredmedia":[{"embeddable":true,"href":"https:\/\/ogrod.pan.pl\/en\/wp-json\/wp\/v2\/media\/83251"}],"wp:attachment":[{"href":"https:\/\/ogrod.pan.pl\/en\/wp-json\/wp\/v2\/media?parent=83248"}],"wp:term":[{"taxonomy":"category","embeddable":true,"href":"https:\/\/ogrod.pan.pl\/en\/wp-json\/wp\/v2\/categories?post=83248"},{"taxonomy":"post_tag","embeddable":true,"href":"https:\/\/ogrod.pan.pl\/en\/wp-json\/wp\/v2\/tags?post=83248"}],"curies":[{"name":"wp","href":"https:\/\/api.w.org\/{rel}","templated":true}]}}