{"id":83221,"date":"2026-04-23T10:10:43","date_gmt":"2026-04-23T08:10:43","guid":{"rendered":"https:\/\/ogrod.pan.pl\/?p=83221"},"modified":"2026-04-23T10:15:49","modified_gmt":"2026-04-23T08:15:49","slug":"83221-2","status":"publish","type":"post","link":"https:\/\/ogrod.pan.pl\/en\/83221-2\/","title":{"rendered":"X Mi\u0119dzynarodowa Wystawa Drzew Bonsai \u201eD\u0105b Polski\u201d"},"content":{"rendered":"<p>Zapraszamy na X Mi\u0119dzynarodow\u0105 Wystaw\u0119 Drzew Bonsai \u201eD\u0105b Polski\u201d, kt\u00f3ra odb\u0119dzie si\u0119 w dniach 25\u201326 kwietnia 2026 roku w PAN Ogrodzie Botanicznym w Powsinie.<\/p>\n\n\n\n<p>To wyj\u0105tkowe wydarzenie gromadzi mi\u0142o\u015bnik\u00f3w i mistrz\u00f3w sztuki bonsai z kraju i zagranicy. W trakcie wystawy b\u0119dzie mo\u017cna podziwia\u0107 starannie formowane drzewa bonsai oraz wzi\u0105\u0107 udzia\u0142 w pokazach zwi\u0105zanych z kultur\u0105 japo\u0144sk\u0105.<\/p>\n\n\n\n<p><img loading=\"lazy\" decoding=\"async\" height=\"16\" width=\"16\" alt=\"\ud83d\udcc5\" src=\"https:\/\/static.xx.fbcdn.net\/images\/emoji.php\/v9\/t7e\/1\/16\/1f4c5.png\">Event program:<\/p>\n\n\n\n<p>Sobota, 25 kwietnia (9:00\u201319:00)<br>10:30 \u2013 oficjalne otwarcie wystawy<br>11:00 \u2013 pokazy sumi-e, czyli japo\u0144skiej sztuki malowania tuszem<br>13:00 \u2013 pokazy formowania drzew bonsai<\/p>\n\n\n\n<p>Niedziela, 26 kwietnia (9:00\u201317:00)<br>11:00 \u2013 pokazy sumi-e, czyli japo\u0144skiej sztuki malowania tuszem<br>13:00 \u2013 pokazy formowania drzew bonsai<\/p>\n\n\n\n<p><img loading=\"lazy\" decoding=\"async\" height=\"16\" width=\"16\" alt=\"\ud83d\udccd\" src=\"https:\/\/static.xx.fbcdn.net\/images\/emoji.php\/v9\/t2d\/1\/16\/1f4cd.png\">Miejsce:<br>PAN Botanical Garden in Powsin<br>2 Prawdziwka Street<br>Hale wystawiennicze, budynek M<\/p>\n\n\n\n<p>Zapraszamy wszystkich pasjonat\u00f3w przyrody, sztuki oraz kultury japo\u0144skiej do wsp\u00f3lnego odkrywania pi\u0119kna bonsai.<\/p>","protected":false},"excerpt":{"rendered":"<p>Zapraszamy na X Mi\u0119dzynarodow\u0105 Wystaw\u0119 Drzew Bonsai \u201eD\u0105b Polski\u201d, kt\u00f3ra odb\u0119dzie si\u0119 w dniach 25\u201326 kwietnia 2026 roku w PAN Ogrodzie Botanicznym w Powsinie. To wyj\u0105tkowe wydarzenie gromadzi mi\u0142o\u015bnik\u00f3w i mistrz\u00f3w sztuki bonsai z kraju i zagranicy. W trakcie wystawy b\u0119dzie mo\u017cna podziwia\u0107 starannie formowane drzewa bonsai oraz wzi\u0105\u0107 udzia\u0142 w pokazach zwi\u0105zanych z kultur\u0105&#8230;<\/p>","protected":false},"author":25,"featured_media":83223,"comment_status":"closed","ping_status":"closed","sticky":false,"template":"","format":"standard","meta":{"_kad_blocks_custom_css":"","_kad_blocks_head_custom_js":"","_kad_blocks_body_custom_js":"","_kad_blocks_footer_custom_js":"","ngg_post_thumbnail":0,"_kad_post_transparent":"","_kad_post_title":"","_kad_post_layout":"","_kad_post_sidebar_id":"","_kad_post_content_style":"","_kad_post_vertical_padding":"","_kad_post_feature":"","_kad_post_feature_position":"","_kad_post_header":false,"_kad_post_footer":false,"_kad_post_classname":"","footnotes":""},"categories":[1],"tags":[],"class_list":["post-83221","post","type-post","status-publish","format-standard","has-post-thumbnail","hentry","category-aktualnosci"],"taxonomy_info":{"category":[{"value":1,"label":"Aktualno\u015bci"}]},"featured_image_src_large":["https:\/\/ogrod.pan.pl\/wp-content\/uploads\/2026\/04\/Okladka-na-strone-wystawa-bonsai-1-1024x683.jpg",1024,683,true],"author_info":{"display_name":"Maria Cichocka","author_link":"https:\/\/ogrod.pan.pl\/en\/author\/mariacichocka\/"},"comment_info":0,"category_info":[{"term_id":1,"name":"Aktualno\u015bci","slug":"aktualnosci","term_group":0,"term_taxonomy_id":1,"taxonomy":"category","description":"","parent":0,"count":184,"filter":"raw","term_order":"0","cat_ID":1,"category_count":184,"category_description":"","cat_name":"Aktualno\u015bci","category_nicename":"aktualnosci","category_parent":0}],"tag_info":false,"meta_box":{"mb_document_group":[{"_state":"expanded"}]},"_links":{"self":[{"href":"https:\/\/ogrod.pan.pl\/en\/wp-json\/wp\/v2\/posts\/83221","targetHints":{"allow":["GET"]}}],"collection":[{"href":"https:\/\/ogrod.pan.pl\/en\/wp-json\/wp\/v2\/posts"}],"about":[{"href":"https:\/\/ogrod.pan.pl\/en\/wp-json\/wp\/v2\/types\/post"}],"author":[{"embeddable":true,"href":"https:\/\/ogrod.pan.pl\/en\/wp-json\/wp\/v2\/users\/25"}],"replies":[{"embeddable":true,"href":"https:\/\/ogrod.pan.pl\/en\/wp-json\/wp\/v2\/comments?post=83221"}],"version-history":[{"count":3,"href":"https:\/\/ogrod.pan.pl\/en\/wp-json\/wp\/v2\/posts\/83221\/revisions"}],"predecessor-version":[{"id":83227,"href":"https:\/\/ogrod.pan.pl\/en\/wp-json\/wp\/v2\/posts\/83221\/revisions\/83227"}],"wp:featuredmedia":[{"embeddable":true,"href":"https:\/\/ogrod.pan.pl\/en\/wp-json\/wp\/v2\/media\/83223"}],"wp:attachment":[{"href":"https:\/\/ogrod.pan.pl\/en\/wp-json\/wp\/v2\/media?parent=83221"}],"wp:term":[{"taxonomy":"category","embeddable":true,"href":"https:\/\/ogrod.pan.pl\/en\/wp-json\/wp\/v2\/categories?post=83221"},{"taxonomy":"post_tag","embeddable":true,"href":"https:\/\/ogrod.pan.pl\/en\/wp-json\/wp\/v2\/tags?post=83221"}],"curies":[{"name":"wp","href":"https:\/\/api.w.org\/{rel}","templated":true}]}}