{"id":83203,"date":"2026-04-21T14:23:43","date_gmt":"2026-04-21T12:23:43","guid":{"rendered":"https:\/\/ogrod.pan.pl\/?p=83203"},"modified":"2026-04-22T15:09:34","modified_gmt":"2026-04-22T13:09:34","slug":"botaniczna-rabatka-spotkania-literackie-w-ogrodzie","status":"publish","type":"post","link":"https:\/\/ogrod.pan.pl\/en\/botaniczna-rabatka-spotkania-literackie-w-ogrodzie\/","title":{"rendered":"Literacka Rabatka &#8211; Ogrodowe Spotkania przy Ksi\u0105\u017cce"},"content":{"rendered":"<p><\/p>\n\n\n\n<p>Serdecznie zapraszam na spotkanie po\u015bwi\u0119cone wydanej pod koniec zesz\u0142ego roku w Wielkiej Brytanii ksi\u0105\u017cce o eukaliptusach. Jej autorem jest wybitny australijski badacz z Uniwersytetu Zachodniej Australii, znawca nie tylko eukaliptus\u00f3w, ale i ca\u0142ej australijskiej flory. Na bazie zaprezentowanych w niej informacji, jak i innych \u017ar\u00f3de\u0142, opowiem nieco o tych absolutnie niesamowitych drzewach i krzewach, z kt\u00f3rych niestety ok. 1\/4 jest obecnie zagro\u017cona wygini\u0119ciem. Uwypukl\u0119 te\u017c poruszony w ksi\u0105\u017cce w\u0105tek podej\u015bcia rdzennej ludno\u015bci Australii do eukaliptus\u00f3w, z kt\u00f3rego mo\u017cna si\u0119 wiele nauczy\u0107, zw\u0142aszcza je\u015bli chodzi o ich ochron\u0119.<br>Dodatkow\u0105 atrakcj\u0105 b\u0119dzie to, \u017ce po spotkaniu b\u0119dzie mo\u017cna zobaczy\u0107 oryginalny obrazek &#8222;Bush Medicine&#8221; (Lek z buszu) namalowany przez jedn\u0105 z Aborygenek tradycyjn\u0105 metod\u0105 kropkowania. Zakupi\u0142am go w Alice Springs, podczas podr\u00f3\u017cy po kontynencie.<\/p>\n\n\n\n<p>Agata Sagan<\/p>\n\n\n\n<p><img loading=\"lazy\" decoding=\"async\" height=\"16\" width=\"16\" alt=\"\ud83d\udcda\" src=\"https:\/\/static.xx.fbcdn.net\/images\/emoji.php\/v9\/t49\/1\/16\/1f4da.png\">&nbsp;Spotkania Literackie<\/p>\n\n\n\n<p>Zapraszamy na wyj\u0105tkowe spotkanie dla mi\u0142o\u015bnik\u00f3w literatury, to pierwsze spotkanie z cyklu!<\/p>\n\n\n\n<p><img loading=\"lazy\" decoding=\"async\" height=\"16\" width=\"16\" alt=\"\ud83d\uddd3\" src=\"https:\/\/static.xx.fbcdn.net\/images\/emoji.php\/v9\/t5c\/1\/16\/1f5d3.png\">&nbsp;3 maja<br><img loading=\"lazy\" decoding=\"async\" height=\"16\" width=\"16\" alt=\"\ud83d\udd54\" src=\"https:\/\/static.xx.fbcdn.net\/images\/emoji.php\/v9\/tac\/1\/16\/1f554.png\">&nbsp;Godzina 17:00<br><img loading=\"lazy\" decoding=\"async\" height=\"16\" width=\"16\" alt=\"\ud83d\udccd\" src=\"https:\/\/static.xx.fbcdn.net\/images\/emoji.php\/v9\/t2d\/1\/16\/1f4cd.png\">&nbsp;Botanica Cafe &amp; Bistro<\/p>\n\n\n\n<p><img loading=\"lazy\" decoding=\"async\" height=\"16\" width=\"16\" src=\"https:\/\/static.xx.fbcdn.net\/images\/emoji.php\/v9\/td8\/1\/16\/1f39f.png\" alt=\"\ud83c\udf9f\">\u00a0Wst\u0119p na podstawie biletu do Ogrodu lub karnetu<br>See you there!\u00a0<\/p>","protected":false},"excerpt":{"rendered":"<p>Serdecznie zapraszam na spotkanie po\u015bwi\u0119cone wydanej pod koniec zesz\u0142ego roku w Wielkiej Brytanii ksi\u0105\u017cce o eukaliptusach. Jej autorem jest wybitny australijski badacz z Uniwersytetu Zachodniej Australii, znawca nie tylko eukaliptus\u00f3w, ale i ca\u0142ej australijskiej flory. Na bazie zaprezentowanych w niej informacji, jak i innych \u017ar\u00f3de\u0142, opowiem nieco o tych absolutnie niesamowitych drzewach i krzewach, z&#8230;<\/p>","protected":false},"author":13,"featured_media":83210,"comment_status":"closed","ping_status":"closed","sticky":false,"template":"","format":"standard","meta":{"_kad_blocks_custom_css":"","_kad_blocks_head_custom_js":"","_kad_blocks_body_custom_js":"","_kad_blocks_footer_custom_js":"","ngg_post_thumbnail":0,"_kad_post_transparent":"","_kad_post_title":"","_kad_post_layout":"","_kad_post_sidebar_id":"","_kad_post_content_style":"","_kad_post_vertical_padding":"","_kad_post_feature":"","_kad_post_feature_position":"","_kad_post_header":false,"_kad_post_footer":false,"_kad_post_classname":"","footnotes":""},"categories":[1],"tags":[],"class_list":["post-83203","post","type-post","status-publish","format-standard","has-post-thumbnail","hentry","category-aktualnosci"],"taxonomy_info":{"category":[{"value":1,"label":"Aktualno\u015bci"}]},"featured_image_src_large":["https:\/\/ogrod.pan.pl\/wp-content\/uploads\/2026\/04\/www_rabatka1111.jpg",850,567,false],"author_info":{"display_name":"Agnieszka Pfeiffer","author_link":"https:\/\/ogrod.pan.pl\/en\/author\/agnieszka-pfeiffer\/"},"comment_info":0,"category_info":[{"term_id":1,"name":"Aktualno\u015bci","slug":"aktualnosci","term_group":0,"term_taxonomy_id":1,"taxonomy":"category","description":"","parent":0,"count":184,"filter":"raw","term_order":"0","cat_ID":1,"category_count":184,"category_description":"","cat_name":"Aktualno\u015bci","category_nicename":"aktualnosci","category_parent":0}],"tag_info":false,"meta_box":{"mb_document_group":[{"_state":"expanded"}]},"_links":{"self":[{"href":"https:\/\/ogrod.pan.pl\/en\/wp-json\/wp\/v2\/posts\/83203","targetHints":{"allow":["GET"]}}],"collection":[{"href":"https:\/\/ogrod.pan.pl\/en\/wp-json\/wp\/v2\/posts"}],"about":[{"href":"https:\/\/ogrod.pan.pl\/en\/wp-json\/wp\/v2\/types\/post"}],"author":[{"embeddable":true,"href":"https:\/\/ogrod.pan.pl\/en\/wp-json\/wp\/v2\/users\/13"}],"replies":[{"embeddable":true,"href":"https:\/\/ogrod.pan.pl\/en\/wp-json\/wp\/v2\/comments?post=83203"}],"version-history":[{"count":3,"href":"https:\/\/ogrod.pan.pl\/en\/wp-json\/wp\/v2\/posts\/83203\/revisions"}],"predecessor-version":[{"id":83212,"href":"https:\/\/ogrod.pan.pl\/en\/wp-json\/wp\/v2\/posts\/83203\/revisions\/83212"}],"wp:featuredmedia":[{"embeddable":true,"href":"https:\/\/ogrod.pan.pl\/en\/wp-json\/wp\/v2\/media\/83210"}],"wp:attachment":[{"href":"https:\/\/ogrod.pan.pl\/en\/wp-json\/wp\/v2\/media?parent=83203"}],"wp:term":[{"taxonomy":"category","embeddable":true,"href":"https:\/\/ogrod.pan.pl\/en\/wp-json\/wp\/v2\/categories?post=83203"},{"taxonomy":"post_tag","embeddable":true,"href":"https:\/\/ogrod.pan.pl\/en\/wp-json\/wp\/v2\/tags?post=83203"}],"curies":[{"name":"wp","href":"https:\/\/api.w.org\/{rel}","templated":true}]}}