{"id":82732,"date":"2025-12-22T11:23:55","date_gmt":"2025-12-22T10:23:55","guid":{"rendered":"https:\/\/ogrod.pan.pl\/?p=82732"},"modified":"2025-12-23T09:44:15","modified_gmt":"2025-12-23T08:44:15","slug":"ogloszenie-z-dnia-22-grudnia-2025-r","status":"publish","type":"post","link":"https:\/\/ogrod.pan.pl\/en\/ogloszenie-z-dnia-22-grudnia-2025-r\/","title":{"rendered":"Og\u0142oszenie z dnia 22 grudnia 2025 r."},"content":{"rendered":"<p>\u015awiadczenie us\u0142ug obs\u0142ugi serwisowej w zakresie 5 kot\u0142owni znajduj\u0105cych si\u0119 na terenie Polskiej Akademii Nauk &#8211; Ogrodu Botanicznego Centrum Zachowania R\u00f3\u017cnorodno\u015bci Biologicznej w Powsinie.<\/p>\n<ul>\n<li style=\"list-style-type: none;\">\n<ul>\n<li><a href=\"https:\/\/dl.dropboxusercontent.com\/scl\/fi\/cv9npm5kefi56rvpzcu7h\/Ogloszenie-o-zamowieniu-BZP.26.2.-28.2025.pdf?rlkey=er9ry6yuv90wn3fetc8ws8axb&amp;dl=0&amp;raw=1\" target=\"\" rel=\"noopener\">Og\u0142oszenie o zam\u00f3wieniu BZP.26.2.28.2025<\/a><\/li>\n<li><a href=\"https:\/\/dl.dropboxusercontent.com\/scl\/fi\/78rjlydo5ytx1ujpeb7uw\/Zalacznik-nr-1-do-ogloszenia-BZP.26.2.28.2025.docx?rlkey=wx4qda7tjkxqhwj38oq4swmo6&amp;dl=0&amp;raw=1\" target=\"_blank\" rel=\"noopener\">Za\u0142\u0105cznik nr 1 do og\u0142oszenia BZP.26.2.28.2025<\/a><\/li>\n<li><a href=\"https:\/\/dl.dropboxusercontent.com\/scl\/fi\/7ewwcnyngdhtluyuo6i23\/Zalacznik-nr-2-do-ogloszenia-BZP.26.2.28.2025.pdf?rlkey=jjskb46qg6lur6jg6iua2ril6&amp;dl=0&amp;raw=1\" target=\"\" rel=\"noopener\">Za\u0142\u0105cznik nr 2 do og\u0142oszenia BZP.26.2.28.2025<\/a><\/li>\n<li><a href=\"https:\/\/dl.dropboxusercontent.com\/scl\/fi\/3ieor1uxjrzkjjywap4jq\/Zalacznik-nr-2-do-ogloszenia-BZP.26.2.28.2025-poprawiony.pdf?rlkey=ok0kzno6xbrft1rwgeyczk98q&amp;dl=0&amp;raw=1\" target=\"\" rel=\"noopener\">Za\u0142\u0105cznik nr 2 do og\u0142oszenia BZP.26.2.28.2025 poprawiony<\/a><\/li>\n<li><a href=\"https:\/\/dl.dropboxusercontent.com\/scl\/fi\/ks9c2oqyc6yo6uuqfdjns\/Zalacznik-nr-3-do-ogloszenia-BZP.26.2.28.2025.docx?rlkey=mdzrnlwylgk32q07yhl6l4i98&amp;dl=0&amp;raw=1\" target=\"_blank\" rel=\"noopener\">Za\u0142\u0105cznik nr 3 do og\u0142oszenia BZP.26.2.28.2025<\/a><\/li>\n<li><a href=\"https:\/\/dl.dropboxusercontent.com\/scl\/fi\/pvwfxok3aq7shbzzt187u\/Zalacznik-nr-4-do-ogloszenia-BZP.26.2.28.2025.pdf?rlkey=el9893y1cdihk158gszn1d9xe&amp;dl=0&amp;raw=1\" target=\"\" rel=\"noopener\">Za\u0142\u0105cznik nr 4 do og\u0142oszenia BZP.26.2.28.2025<\/a><\/li>\n<li><a href=\"https:\/\/dl.dropboxusercontent.com\/scl\/fi\/mjpoki64pp8tkh5ekkzz2\/Zalacznik-nr-5-do-ogloszenia-BZP.26.2.28.2025.pdf?rlkey=gej7vgba66osv01p3w9kz9oiu&amp;dl=0&amp;raw=1\" target=\"\" rel=\"noopener\">Za\u0142\u0105cznik nr 5 do og\u0142oszenia BZP.26.2.28.2025<\/a><\/li>\n<\/ul>\n<\/li>\n<\/ul>\n\n\n<p><\/p>","protected":false},"excerpt":{"rendered":"<p>\u015awiadczenie us\u0142ug obs\u0142ugi serwisowej w zakresie 5 kot\u0142owni znajduj\u0105cych si\u0119 na terenie Polskiej Akademii Nauk &#8211; Ogrodu Botanicznego Centrum Zachowania R\u00f3\u017cnorodno\u015bci Biologicznej w Powsinie. Og\u0142oszenie o zam\u00f3wieniu BZP.26.2.28.2025 Za\u0142\u0105cznik nr 1 do og\u0142oszenia BZP.26.2.28.2025 Za\u0142\u0105cznik nr 2 do og\u0142oszenia BZP.26.2.28.2025 Za\u0142\u0105cznik nr 2 do og\u0142oszenia BZP.26.2.28.2025 poprawiony Za\u0142\u0105cznik nr 3 do og\u0142oszenia BZP.26.2.28.2025 Za\u0142\u0105cznik nr&#8230;<\/p>","protected":false},"author":16,"featured_media":0,"comment_status":"closed","ping_status":"closed","sticky":false,"template":"","format":"standard","meta":{"_kad_blocks_custom_css":"","_kad_blocks_head_custom_js":"","_kad_blocks_body_custom_js":"","_kad_blocks_footer_custom_js":"","ngg_post_thumbnail":0,"_kad_post_transparent":"default","_kad_post_title":"default","_kad_post_layout":"default","_kad_post_sidebar_id":"","_kad_post_content_style":"default","_kad_post_vertical_padding":"default","_kad_post_feature":"","_kad_post_feature_position":"","_kad_post_header":false,"_kad_post_footer":false,"_kad_post_classname":"","footnotes":""},"categories":[495],"tags":[],"class_list":["post-82732","post","type-post","status-publish","format-standard","hentry","category-przetargi-i-konkursy"],"taxonomy_info":{"category":[{"value":495,"label":"Przetargi i konkursy"}]},"featured_image_src_large":false,"author_info":{"display_name":"Maciej Jab\u0142o\u0144ski","author_link":"https:\/\/ogrod.pan.pl\/en\/author\/maciej-jablonski\/"},"comment_info":0,"category_info":[{"term_id":495,"name":"Przetargi i konkursy","slug":"przetargi-i-konkursy","term_group":0,"term_taxonomy_id":495,"taxonomy":"category","description":"","parent":0,"count":242,"filter":"raw","term_order":"0","cat_ID":495,"category_count":242,"category_description":"","cat_name":"Przetargi i konkursy","category_nicename":"przetargi-i-konkursy","category_parent":0}],"tag_info":false,"meta_box":{"mb_document_group":[]},"_links":{"self":[{"href":"https:\/\/ogrod.pan.pl\/en\/wp-json\/wp\/v2\/posts\/82732","targetHints":{"allow":["GET"]}}],"collection":[{"href":"https:\/\/ogrod.pan.pl\/en\/wp-json\/wp\/v2\/posts"}],"about":[{"href":"https:\/\/ogrod.pan.pl\/en\/wp-json\/wp\/v2\/types\/post"}],"author":[{"embeddable":true,"href":"https:\/\/ogrod.pan.pl\/en\/wp-json\/wp\/v2\/users\/16"}],"replies":[{"embeddable":true,"href":"https:\/\/ogrod.pan.pl\/en\/wp-json\/wp\/v2\/comments?post=82732"}],"version-history":[{"count":4,"href":"https:\/\/ogrod.pan.pl\/en\/wp-json\/wp\/v2\/posts\/82732\/revisions"}],"predecessor-version":[{"id":82743,"href":"https:\/\/ogrod.pan.pl\/en\/wp-json\/wp\/v2\/posts\/82732\/revisions\/82743"}],"wp:attachment":[{"href":"https:\/\/ogrod.pan.pl\/en\/wp-json\/wp\/v2\/media?parent=82732"}],"wp:term":[{"taxonomy":"category","embeddable":true,"href":"https:\/\/ogrod.pan.pl\/en\/wp-json\/wp\/v2\/categories?post=82732"},{"taxonomy":"post_tag","embeddable":true,"href":"https:\/\/ogrod.pan.pl\/en\/wp-json\/wp\/v2\/tags?post=82732"}],"curies":[{"name":"wp","href":"https:\/\/api.w.org\/{rel}","templated":true}]}}