{"id":82339,"date":"2025-10-29T14:56:56","date_gmt":"2025-10-29T13:56:56","guid":{"rendered":"https:\/\/ogrod.pan.pl\/?p=82339"},"modified":"2025-10-31T13:39:08","modified_gmt":"2025-10-31T12:39:08","slug":"wraz-z-warszawa-w-kwiatach-zapraszamy-na-warsztaty-kompostownik-i-lisciownik-w-ogrodzie","status":"publish","type":"post","link":"https:\/\/ogrod.pan.pl\/en\/wraz-z-warszawa-w-kwiatach-zapraszamy-na-warsztaty-kompostownik-i-lisciownik-w-ogrodzie\/","title":{"rendered":"Wraz z &#8222;Warszaw\u0105 w kwiatach&#8221; zapraszamy na warsztaty \u2022 Kompostownik i li\u015bciownik w ogrodzie"},"content":{"rendered":"<p><strong>Warszawa w kwiatach zaprasza na warsztaty, kt\u00f3re poprowadzi Paulina Szczepaniak z PAN Ogrodu Botanicznego w Powsinie.<\/strong><\/p>\n<p>\ud83d\udfe2 PODCZAS WARSZTAT\u00d3W DOWIESZ SI\u0118:<br \/>\n\ud83c\udf3f jak za\u0142o\u017cy\u0107 dobrze dzia\u0142aj\u0105cy kompostownik i li\u015bciownik,<br \/>\n\ud83c\udf3f jaki rodzaj kompostownika lub spos\u00f3b kompostowania wybra\u0107,<br \/>\n\ud83c\udf3f gdzie zagospodarowa\u0107 miejsce przeznaczone do gromadzenia zielonego odpadu i sk\u0142adowania jesiennych li\u015bci,<br \/>\n\ud83c\udf3f jak i kiedy korzysta\u0107 z dojrza\u0142ego kompostu oraz ziemi li\u015bciowej,<br \/>\n\ud83c\udf3f jak przyspieszy\u0107 proces kompostowania oraz jak unikn\u0105\u0107 problem\u00f3w z kompostowaniem.<\/p>\n<p>\ud83d\udfe2 O PROWADZ\u0104CEJ<br \/>\n\ud83d\udc69 Architekt krajobrazu, ogrodnik, edukator w Ogrodzie Botanicznym w Powsinie.<br \/>\n\ud83d\udfe2 GDZIE I KIEDY?<br \/>\n<strong>czwartek, 30.10 o godzinie 18:00<\/strong><br \/>\n<strong>Pawilon Edukacyjny Kamie\u0144 nad Wis\u0142\u0105 (ul. Wybrze\u017ce Puckie 1)<\/strong><br \/>\n\ud83d\udfe2 DLA KOGO?<br \/>\nDla wszystkich, dla rodzin z dzie\u0107mi od 12 roku \u017cycia, dla zainteresowanych ogrodnictwem.<br \/>\n\ud83d\udfe2 WYDARZENIE BEZP\u0141ATNE<br \/>\nOrganizatorem wydarzenia jest Zarz\u0105d Zieleni Warszawy<br \/>\n\ud83d\udfe2 ZAPISY &#8211; NOWY SYSTEM<\/p>\n<p>Ze wzgl\u0119du na ograniczon\u0105 liczb\u0119 miejsc, na warsztaty obowi\u0105zuj\u0105 ZAPISY! Zg\u0142oszenia przyjmujemy przez stron\u0119 internetow\u0105: <a href=\"https:\/\/zzw.waw.pl\/edukacja\/kalendarz-wydarzen\/\" target=\"_blank\" rel=\"noopener\">https:\/\/zzw.waw.pl\/edukacja\/kalendarz-wydarzen\/<\/a><\/p>\n<p>\ud83d\uddd3\ufe0f Zapisy startuj\u0105 w poniedzia\u0142ek, 27 pa\u017adziernika od godz. 12:00 i trwaj\u0105 do wyczerpania miejsc.<\/p>","protected":false},"excerpt":{"rendered":"<p>Warszawa w kwiatach zaprasza na warsztaty, kt\u00f3re poprowadzi Paulina Szczepaniak z PAN Ogrodu Botanicznego w Powsinie. \ud83d\udfe2 PODCZAS WARSZTAT\u00d3W DOWIESZ SI\u0118: \ud83c\udf3f jak za\u0142o\u017cy\u0107 dobrze dzia\u0142aj\u0105cy kompostownik i li\u015bciownik, \ud83c\udf3f jaki rodzaj kompostownika lub spos\u00f3b kompostowania wybra\u0107, \ud83c\udf3f gdzie zagospodarowa\u0107 miejsce przeznaczone do gromadzenia zielonego odpadu i sk\u0142adowania jesiennych li\u015bci, \ud83c\udf3f jak i kiedy korzysta\u0107&#8230;<\/p>","protected":false},"author":4,"featured_media":82340,"comment_status":"open","ping_status":"closed","sticky":false,"template":"","format":"standard","meta":{"_kad_blocks_custom_css":"","_kad_blocks_head_custom_js":"","_kad_blocks_body_custom_js":"","_kad_blocks_footer_custom_js":"","ngg_post_thumbnail":0,"_kad_post_transparent":"default","_kad_post_title":"default","_kad_post_layout":"default","_kad_post_sidebar_id":"","_kad_post_content_style":"default","_kad_post_vertical_padding":"default","_kad_post_feature":"","_kad_post_feature_position":"","_kad_post_header":false,"_kad_post_footer":false,"_kad_post_classname":"","footnotes":""},"categories":[1],"tags":[],"class_list":["post-82339","post","type-post","status-publish","format-standard","has-post-thumbnail","hentry","category-aktualnosci"],"taxonomy_info":{"category":[{"value":1,"label":"Aktualno\u015bci"}]},"featured_image_src_large":["https:\/\/ogrod.pan.pl\/wp-content\/uploads\/2025\/10\/570773595_1196839585832202_1559706118910098450_n-1024x683.jpg",1024,683,true],"author_info":{"display_name":"admin_1","author_link":"https:\/\/ogrod.pan.pl\/en\/author\/admin_1\/"},"comment_info":0,"category_info":[{"term_id":1,"name":"Aktualno\u015bci","slug":"aktualnosci","term_group":0,"term_taxonomy_id":1,"taxonomy":"category","description":"","parent":0,"count":184,"filter":"raw","term_order":"0","cat_ID":1,"category_count":184,"category_description":"","cat_name":"Aktualno\u015bci","category_nicename":"aktualnosci","category_parent":0}],"tag_info":false,"meta_box":{"mb_document_group":[]},"_links":{"self":[{"href":"https:\/\/ogrod.pan.pl\/en\/wp-json\/wp\/v2\/posts\/82339","targetHints":{"allow":["GET"]}}],"collection":[{"href":"https:\/\/ogrod.pan.pl\/en\/wp-json\/wp\/v2\/posts"}],"about":[{"href":"https:\/\/ogrod.pan.pl\/en\/wp-json\/wp\/v2\/types\/post"}],"author":[{"embeddable":true,"href":"https:\/\/ogrod.pan.pl\/en\/wp-json\/wp\/v2\/users\/4"}],"replies":[{"embeddable":true,"href":"https:\/\/ogrod.pan.pl\/en\/wp-json\/wp\/v2\/comments?post=82339"}],"version-history":[{"count":5,"href":"https:\/\/ogrod.pan.pl\/en\/wp-json\/wp\/v2\/posts\/82339\/revisions"}],"predecessor-version":[{"id":82395,"href":"https:\/\/ogrod.pan.pl\/en\/wp-json\/wp\/v2\/posts\/82339\/revisions\/82395"}],"wp:featuredmedia":[{"embeddable":true,"href":"https:\/\/ogrod.pan.pl\/en\/wp-json\/wp\/v2\/media\/82340"}],"wp:attachment":[{"href":"https:\/\/ogrod.pan.pl\/en\/wp-json\/wp\/v2\/media?parent=82339"}],"wp:term":[{"taxonomy":"category","embeddable":true,"href":"https:\/\/ogrod.pan.pl\/en\/wp-json\/wp\/v2\/categories?post=82339"},{"taxonomy":"post_tag","embeddable":true,"href":"https:\/\/ogrod.pan.pl\/en\/wp-json\/wp\/v2\/tags?post=82339"}],"curies":[{"name":"wp","href":"https:\/\/api.w.org\/{rel}","templated":true}]}}