{"id":80805,"date":"2025-06-24T23:18:10","date_gmt":"2025-06-24T21:18:10","guid":{"rendered":"https:\/\/ogrodpan.pl\/?p=80805"},"modified":"2025-06-25T13:36:24","modified_gmt":"2025-06-25T11:36:24","slug":"floralia-music-sensory-feast","status":"publish","type":"post","link":"https:\/\/ogrod.pan.pl\/en\/floralia-muzyczne-zmyslowa-uczta\/","title":{"rendered":"Musical Floralia - a sensual feast"},"content":{"rendered":"<p><strong>The final concert of the Music Floralia is on June 29!<br \/>\n<\/strong><strong>And this past weekend we enjoyed ourselves like this:<\/strong><\/p>\n<p>Garden visitors were lured to the vicinity of the Jan\u00f3wek villa by the sounds of a piano concert by two virtuosos - Kacper Kuklinski and Weronika Chodakowska. These young artists took us into the world of Chopin, Rachmaninoff, Ravel and Mikula. In addition, the audience's senses were awakened by the sunny weather and the breezes that added drama. That's the whole charm of our \"under the cloud\" concerts! A true feast for the soul and body.<\/p>\n<p>co-organizer: Frederic Chopin Society<\/p>\nngg_shortcode_0_placeholder","protected":false},"excerpt":{"rendered":"<p>Koncert fina\u0142owy w ramach Florali\u00f3w Muzycznych ju\u017c 29 czerwca! A w miniony weekend bawili\u015bmy si\u0119 tak: Ogrodowych go\u015bci przywabi\u0142y w pobli\u017ce willi Jan\u00f3wek d\u017awi\u0119ki koncertu fortepianowego dw\u00f3jki wirtuoz\u00f3w &#8211; Kacpra Kukli\u0144skiego i Weroniki Chodakowskiej. Ci m\u0142odzi arty\u015bci przenie\u015bli nas w \u015bwiat Chopina, Rachmaninowa, Ravela i Mikuli. Dodatkowo zmys\u0142y publiczno\u015bci rozbudza\u0142a s\u0142oneczna pogoda i dodaj\u0105ce dramaturgii&#8230;<\/p>","protected":false},"author":4,"featured_media":80822,"comment_status":"closed","ping_status":"closed","sticky":false,"template":"","format":"standard","meta":{"_kad_blocks_custom_css":"","_kad_blocks_head_custom_js":"","_kad_blocks_body_custom_js":"","_kad_blocks_footer_custom_js":"","ngg_post_thumbnail":0,"_kad_post_transparent":"default","_kad_post_title":"default","_kad_post_layout":"default","_kad_post_sidebar_id":"","_kad_post_content_style":"default","_kad_post_vertical_padding":"default","_kad_post_feature":"","_kad_post_feature_position":"","_kad_post_header":false,"_kad_post_footer":false,"_kad_post_classname":"","footnotes":""},"categories":[1],"tags":[],"class_list":["post-80805","post","type-post","status-publish","format-standard","has-post-thumbnail","hentry","category-aktualnosci"],"taxonomy_info":{"category":[{"value":1,"label":"Aktualno\u015bci"}]},"featured_image_src_large":["https:\/\/ogrod.pan.pl\/wp-content\/uploads\/2025\/06\/Szary-Lato-Dzieci-Zabawa-Wspomnienia-Post-na-Facebooku-11-815x683.jpg",815,683,true],"author_info":{"display_name":"admin_1","author_link":"https:\/\/ogrod.pan.pl\/en\/author\/admin_1\/"},"comment_info":0,"category_info":[{"term_id":1,"name":"Aktualno\u015bci","slug":"aktualnosci","term_group":0,"term_taxonomy_id":1,"taxonomy":"category","description":"","parent":0,"count":184,"filter":"raw","term_order":"0","cat_ID":1,"category_count":184,"category_description":"","cat_name":"Aktualno\u015bci","category_nicename":"aktualnosci","category_parent":0}],"tag_info":false,"meta_box":{"mb_document_group":[]},"_links":{"self":[{"href":"https:\/\/ogrod.pan.pl\/en\/wp-json\/wp\/v2\/posts\/80805","targetHints":{"allow":["GET"]}}],"collection":[{"href":"https:\/\/ogrod.pan.pl\/en\/wp-json\/wp\/v2\/posts"}],"about":[{"href":"https:\/\/ogrod.pan.pl\/en\/wp-json\/wp\/v2\/types\/post"}],"author":[{"embeddable":true,"href":"https:\/\/ogrod.pan.pl\/en\/wp-json\/wp\/v2\/users\/4"}],"replies":[{"embeddable":true,"href":"https:\/\/ogrod.pan.pl\/en\/wp-json\/wp\/v2\/comments?post=80805"}],"version-history":[{"count":0,"href":"https:\/\/ogrod.pan.pl\/en\/wp-json\/wp\/v2\/posts\/80805\/revisions"}],"wp:featuredmedia":[{"embeddable":true,"href":"https:\/\/ogrod.pan.pl\/en\/wp-json\/wp\/v2\/media\/80822"}],"wp:attachment":[{"href":"https:\/\/ogrod.pan.pl\/en\/wp-json\/wp\/v2\/media?parent=80805"}],"wp:term":[{"taxonomy":"category","embeddable":true,"href":"https:\/\/ogrod.pan.pl\/en\/wp-json\/wp\/v2\/categories?post=80805"},{"taxonomy":"post_tag","embeddable":true,"href":"https:\/\/ogrod.pan.pl\/en\/wp-json\/wp\/v2\/tags?post=80805"}],"curies":[{"name":"wp","href":"https:\/\/api.w.org\/{rel}","templated":true}]}}