{"id":80668,"date":"2025-06-10T15:42:21","date_gmt":"2025-06-10T13:42:21","guid":{"rendered":"https:\/\/ogrodpan.pl\/?p=80668"},"modified":"2025-06-10T15:47:29","modified_gmt":"2025-06-10T13:47:29","slug":"floralia-music-concert-lule-elezi","status":"publish","type":"post","link":"https:\/\/ogrod.pan.pl\/en\/floralia-muzyczne-koncert-lule-elezi\/","title":{"rendered":"Musical Floralia - Lule Elezi concert"},"content":{"rendered":"<p>This was the fourth meeting with the XXIX International Piano Festival \"Musical Floralia - Music in Flowers\".<br \/>\nThis time, guests of the Garden were taken on a sensual piano journey by Lule Elezi from Kosovo, treating attendees to music by Ludwig van Beethoven, Frederic Chopin and Rauf Dhomi.<\/p>\n<p>The pianist's concert was honored by distinguished guests Drilon S. Gashi - ambassador of the Republic of Kosovo to Poland, Avni Bilbilaj - atashe of the Albanian Embassy, Visar Rrecaj - consul of the Republic of Kosovo, Haxhi Dulla - president of the Polish-Kosovo Association \"Kos-Pol\",<br \/>\nAleksandra Glowacka - President of the Circle of the Fryderyk Chopin Society in Sanniki, Mazovia.<\/p>\n<p>Floralia is a true feast for the soul. The artistic dimension of the concerts is emphasized each time by nature - the senses are sharpened and come alive again and again amidst the singing of birds, the dance of swaying plants and the sound of the wind.<\/p>\n<p>Depending on weather conditions, concerts are held on the terrace or inside the Jan\u00f3wek Villa (Wojciech Fangor's Manor House) in the Botanical Garden of the Polish Academy of Sciences in Powsin (entrance from 2 Prawdziwka Street).<\/p>\n<ul>\n<li>Concerts every Sunday until June 29, 2025!<\/li>\n<li>Details and concert schedule can be found here: tiny.co.uk\/6hx_th82<\/li>\n<li>Organizer: the Fryderyk Chopin Society<\/li>\n<li>The project is co-financed by: City of Warsaw<\/li>\n<\/ul>\n<p>See you at the next concerts!<\/p>","protected":false},"excerpt":{"rendered":"<p>To by\u0142o ju\u017c czwarte spotkanie z XXIX Mi\u0119dzynarodowym Festiwalem Pianistycznym &#8222;Floralia Muzyczne &#8211; Muzyka w kwiatach&#8221; Tym razem go\u015bci Ogrodu w zmys\u0142ow\u0105 podr\u00f3\u017c fortepianow\u0105 zabra\u0142a Lule Elezi z Kosowa, racz\u0105c zebranych muzyk\u0105 Ludwiga van Beethovena, Fryderyka Chopina i Raufa Dhomi. Koncert pianistki u\u015bwietnili znamienici go\u015bcie: Drilon S. Gashi &#8211; ambasador Republiki Kosowa w Polsce, Avni&#8230;<\/p>","protected":false},"author":4,"featured_media":80669,"comment_status":"closed","ping_status":"closed","sticky":false,"template":"","format":"standard","meta":{"_kad_blocks_custom_css":"","_kad_blocks_head_custom_js":"","_kad_blocks_body_custom_js":"","_kad_blocks_footer_custom_js":"","ngg_post_thumbnail":0,"_kad_post_transparent":"default","_kad_post_title":"default","_kad_post_layout":"default","_kad_post_sidebar_id":"","_kad_post_content_style":"default","_kad_post_vertical_padding":"default","_kad_post_feature":"","_kad_post_feature_position":"","_kad_post_header":false,"_kad_post_footer":false,"_kad_post_classname":"","footnotes":""},"categories":[1],"tags":[],"class_list":["post-80668","post","type-post","status-publish","format-standard","has-post-thumbnail","hentry","category-aktualnosci"],"taxonomy_info":{"category":[{"value":1,"label":"Aktualno\u015bci"}]},"featured_image_src_large":["https:\/\/ogrod.pan.pl\/wp-content\/uploads\/2025\/06\/Szary-Lato-Dzieci-Zabawa-Wspomnienia-Post-na-Facebooku-7-815x683.jpg",815,683,true],"author_info":{"display_name":"admin_1","author_link":"https:\/\/ogrod.pan.pl\/en\/author\/admin_1\/"},"comment_info":0,"category_info":[{"term_id":1,"name":"Aktualno\u015bci","slug":"aktualnosci","term_group":0,"term_taxonomy_id":1,"taxonomy":"category","description":"","parent":0,"count":184,"filter":"raw","term_order":"0","cat_ID":1,"category_count":184,"category_description":"","cat_name":"Aktualno\u015bci","category_nicename":"aktualnosci","category_parent":0}],"tag_info":false,"meta_box":{"mb_document_group":[]},"_links":{"self":[{"href":"https:\/\/ogrod.pan.pl\/en\/wp-json\/wp\/v2\/posts\/80668","targetHints":{"allow":["GET"]}}],"collection":[{"href":"https:\/\/ogrod.pan.pl\/en\/wp-json\/wp\/v2\/posts"}],"about":[{"href":"https:\/\/ogrod.pan.pl\/en\/wp-json\/wp\/v2\/types\/post"}],"author":[{"embeddable":true,"href":"https:\/\/ogrod.pan.pl\/en\/wp-json\/wp\/v2\/users\/4"}],"replies":[{"embeddable":true,"href":"https:\/\/ogrod.pan.pl\/en\/wp-json\/wp\/v2\/comments?post=80668"}],"version-history":[{"count":0,"href":"https:\/\/ogrod.pan.pl\/en\/wp-json\/wp\/v2\/posts\/80668\/revisions"}],"wp:featuredmedia":[{"embeddable":true,"href":"https:\/\/ogrod.pan.pl\/en\/wp-json\/wp\/v2\/media\/80669"}],"wp:attachment":[{"href":"https:\/\/ogrod.pan.pl\/en\/wp-json\/wp\/v2\/media?parent=80668"}],"wp:term":[{"taxonomy":"category","embeddable":true,"href":"https:\/\/ogrod.pan.pl\/en\/wp-json\/wp\/v2\/categories?post=80668"},{"taxonomy":"post_tag","embeddable":true,"href":"https:\/\/ogrod.pan.pl\/en\/wp-json\/wp\/v2\/tags?post=80668"}],"curies":[{"name":"wp","href":"https:\/\/api.w.org\/{rel}","templated":true}]}}