{"id":73265,"date":"2024-10-03T09:55:31","date_gmt":"2024-10-03T07:55:31","guid":{"rendered":"https:\/\/ogrod-powsin.pl\/pozegnanie-2\/"},"modified":"2024-10-03T09:55:31","modified_gmt":"2024-10-03T07:55:31","slug":"pozegnanie-2","status":"publish","type":"post","link":"https:\/\/ogrod.pan.pl\/en\/pozegnanie-2\/","title":{"rendered":"Farewell"},"content":{"rendered":"<p>It is with deep sadness and regret that we received today the news of the death of Edward Warowny - an outstanding photographer, painter - Artist. He was a friend of the Garden, a documentarian of our events. He was able to capture the fleeting beauty of nature. Always cheerful and smiling, full of positive energy.<\/p>\n<p>We join in pain with the Artist's loved ones and all those affected by this death, as we are.<\/p>\n<p>&nbsp;<\/p>\n<p>&nbsp;<\/p>","protected":false},"excerpt":{"rendered":"<p>Z g\u0142\u0119bokim smutkiem i \u017calem przyj\u0119li\u015bmy dzi\u015b wiadomo\u015b\u0107 o \u015bmierci Edwarda Warownego \u2013 wybitnego fotografa, malarza \u2013 Artysty. By\u0142 on przyjacielem Ogrodu, dokumentalist\u0105 naszych wydarze\u0144. Potrafi\u0142 uchwyci\u0107 ulotne pi\u0119kno przyrody. Zawsze pogodny i u\u015bmiechni\u0119ty, pe\u0142en pozytywnej energii. \u0141\u0105czymy si\u0119 w&nbsp;b\u00f3lu z&nbsp;najbli\u017cszymi Artysty i&nbsp;wszystkimi tymi, kt\u00f3rych&nbsp;ta&nbsp;\u015bmier\u0107 dotkn\u0119\u0142a, tak&nbsp;jak nas. &nbsp; &nbsp;<\/p>","protected":false},"author":23,"featured_media":73266,"comment_status":"open","ping_status":"open","sticky":false,"template":"","format":"standard","meta":{"_kad_blocks_custom_css":"","_kad_blocks_head_custom_js":"","_kad_blocks_body_custom_js":"","_kad_blocks_footer_custom_js":"","ngg_post_thumbnail":0,"_kad_post_transparent":"","_kad_post_title":"","_kad_post_layout":"","_kad_post_sidebar_id":"","_kad_post_content_style":"","_kad_post_vertical_padding":"","_kad_post_feature":"","_kad_post_feature_position":"","_kad_post_header":false,"_kad_post_footer":false,"_kad_post_classname":"","footnotes":""},"categories":[497],"tags":[],"class_list":["post-73265","post","type-post","status-publish","format-standard","has-post-thumbnail","hentry","category-informacje"],"taxonomy_info":{"category":[{"value":497,"label":"Informacje"}]},"featured_image_src_large":["https:\/\/ogrod.pan.pl\/wp-content\/uploads\/2024\/10\/wystawa_edward_warowny_moja_toskania.jpg",600,401,false],"author_info":{"display_name":"login_at","author_link":"https:\/\/ogrod.pan.pl\/en\/author\/login_at\/"},"comment_info":0,"category_info":[{"term_id":497,"name":"Informacje","slug":"informacje","term_group":0,"term_taxonomy_id":497,"taxonomy":"category","description":"","parent":0,"count":111,"filter":"raw","term_order":"0","cat_ID":497,"category_count":111,"category_description":"","cat_name":"Informacje","category_nicename":"informacje","category_parent":0}],"tag_info":false,"meta_box":{"mb_document_group":[]},"_links":{"self":[{"href":"https:\/\/ogrod.pan.pl\/en\/wp-json\/wp\/v2\/posts\/73265","targetHints":{"allow":["GET"]}}],"collection":[{"href":"https:\/\/ogrod.pan.pl\/en\/wp-json\/wp\/v2\/posts"}],"about":[{"href":"https:\/\/ogrod.pan.pl\/en\/wp-json\/wp\/v2\/types\/post"}],"author":[{"embeddable":true,"href":"https:\/\/ogrod.pan.pl\/en\/wp-json\/wp\/v2\/users\/23"}],"replies":[{"embeddable":true,"href":"https:\/\/ogrod.pan.pl\/en\/wp-json\/wp\/v2\/comments?post=73265"}],"version-history":[{"count":0,"href":"https:\/\/ogrod.pan.pl\/en\/wp-json\/wp\/v2\/posts\/73265\/revisions"}],"wp:featuredmedia":[{"embeddable":true,"href":"https:\/\/ogrod.pan.pl\/en\/wp-json\/wp\/v2\/media\/73266"}],"wp:attachment":[{"href":"https:\/\/ogrod.pan.pl\/en\/wp-json\/wp\/v2\/media?parent=73265"}],"wp:term":[{"taxonomy":"category","embeddable":true,"href":"https:\/\/ogrod.pan.pl\/en\/wp-json\/wp\/v2\/categories?post=73265"},{"taxonomy":"post_tag","embeddable":true,"href":"https:\/\/ogrod.pan.pl\/en\/wp-json\/wp\/v2\/tags?post=73265"}],"curies":[{"name":"wp","href":"https:\/\/api.w.org\/{rel}","templated":true}]}}