{"id":73235,"date":"2024-08-14T08:56:05","date_gmt":"2024-08-14T06:56:05","guid":{"rendered":"https:\/\/ogrod-powsin.pl\/chrzciny-rozy-2\/"},"modified":"2024-10-27T18:33:44","modified_gmt":"2024-10-27T17:33:44","slug":"chrzciny-rozy-2","status":"publish","type":"post","link":"https:\/\/ogrod.pan.pl\/en\/chrzciny-rozy-2\/","title":{"rendered":"Rose's christening"},"content":{"rendered":"<div class=\"xdj266r x11i5rnm xat24cr x1mh8g0r x1vvkbs x126k92a\">\n<div dir=\"auto\">Chrzciny R\u00f3\u017cy \u2014 zapraszamy na niecodzienne wydarzenie, kt\u00f3re odb\u0119dzie si\u0119 w naszym Ogrodzie 24 sierpnia! <span class=\"html-span xexx8yu x4uap5 x18d9i69 xkhd6sd x1hl2dhg x16tdsg8 x1vvkbs x3nfvp2 x1j61x8r x1fcty0u xdj266r xat24cr xgzva0m xhhsvwb xxymvpz xlup9mm x1kky2od\"><img loading=\"lazy\" decoding=\"async\" class=\"xz74otr\" src=\"https:\/\/ogrod.pan.pl\/wp-content\/uploads\/2024\/10\/1f339.png\" alt=\" \" width=\"16\" height=\"16\"><\/span><\/div>\n<div dir=\"auto\">&nbsp;<\/div>\n<\/div>\n<div class=\"x11i5rnm xat24cr x1mh8g0r x1vvkbs xtlvy1s x126k92a\">\n<div dir=\"auto\">Podczas tegorocznego mi\u0119dzynarodowego konkursu r\u00f3\u017c <span class=\"html-span xdj266r x11i5rnm xat24cr x1mh8g0r xexx8yu x4uap5 x18d9i69 xkhd6sd x1hl2dhg x16tdsg8 x1vvkbs\"><a class=\"x1i10hfl xjbqb8w x1ejq31n xd10rxx x1sy0etr x17r0tee x972fbf xcfux6l x1qhh985 xm0m39n x9f619 x1ypdohk xt0psk2 xe8uvvx xdj266r x11i5rnm xat24cr x1mh8g0r xexx8yu x4uap5 x18d9i69 xkhd6sd x16tdsg8 x1hl2dhg xggy1nq x1a2a7pz x1sur9pj xkrqix3 x1fey0fg xo1l8bm\" tabindex=\"0\" role=\"link\" href=\"https:\/\/www.facebook.com\/warsawrosetrials?__cft__[0]=AZVI0AZKjWyyolySr7NGWuToCRlx1o_IfOqs899k5YQorHv9X0DqNPTKHKf6xT2pCvu9vPvfr8QSSc7fvScfvBlbcJKs4YbwodFcdsfNmHOhL5lPq7-4NCwFvliW1VrbAI-thtZ38pML8w1mDDaiHvVZzNkrEedF4PQqiO_5NMlscvD8UVIAVHYMtNgVf2aXLfHOJA5kjl6opJPl2jnCGgFc&amp;__tn__=-]K-R\" target=\"_blank\" rel=\"noopener\"><span class=\"xt0psk2\">Warsaw Rose Trials<\/span><\/a><\/span> b\u0119dziemy mieli zaszczyt nada\u0107 imi\u0119 jednej z najbardziej uroczych odmian r\u00f3\u017c wyhodowanych przez firm\u0119 <span class=\"html-span xdj266r x11i5rnm xat24cr x1mh8g0r xexx8yu x4uap5 x18d9i69 xkhd6sd x1hl2dhg x16tdsg8 x1vvkbs\"><a class=\"x1i10hfl xjbqb8w x1ejq31n xd10rxx x1sy0etr x17r0tee x972fbf xcfux6l x1qhh985 xm0m39n x9f619 x1ypdohk xt0psk2 xe8uvvx xdj266r x11i5rnm xat24cr x1mh8g0r xexx8yu x4uap5 x18d9i69 xkhd6sd x16tdsg8 x1hl2dhg xggy1nq x1a2a7pz x1sur9pj xkrqix3 x1fey0fg xo1l8bm\" tabindex=\"0\" role=\"link\" href=\"https:\/\/www.facebook.com\/KordesRosen?__cft__[0]=AZVI0AZKjWyyolySr7NGWuToCRlx1o_IfOqs899k5YQorHv9X0DqNPTKHKf6xT2pCvu9vPvfr8QSSc7fvScfvBlbcJKs4YbwodFcdsfNmHOhL5lPq7-4NCwFvliW1VrbAI-thtZ38pML8w1mDDaiHvVZzNkrEedF4PQqiO_5NMlscvD8UVIAVHYMtNgVf2aXLfHOJA5kjl6opJPl2jnCGgFc&amp;__tn__=-]K-R\" target=\"_blank\" rel=\"noopener\"><span class=\"xt0psk2\">Kordes Rosen<\/span><\/a><\/span>.<\/div>\n<\/div>\n<div class=\"x11i5rnm xat24cr x1mh8g0r x1vvkbs xtlvy1s x126k92a\">\n<div dir=\"auto\">Ojcem chrzestnym tej wyj\u0105tkowej r\u00f3\u017cy zostanie nasz dyrektor, prof. Arkadiusz Nowak, kt\u00f3ry wraz z tw\u00f3rc\u0105, Thomasem Prollem, nadadz\u0105 jej now\u0105 nazw\u0119, kt\u00f3ra b\u0119dzie obowi\u0105zywa\u0107 na rynku polskim.<\/div>\n<div dir=\"auto\">&nbsp;<\/div>\n<\/div>\n<div class=\"x11i5rnm xat24cr x1mh8g0r x1vvkbs xtlvy1s x126k92a\">\n<div dir=\"auto\">Ta o niezwyk\u0142ym uroku i wdzi\u0119ku r\u00f3\u017ca zyska imi\u0119 nie tylko oddaj\u0105ce jej figlarny charakter, ale tak\u017ce przywo\u0142uj\u0105ce na my\u015bl nasz pi\u0119kny ogr\u00f3d i urocz\u0105 miejscowo\u015b\u0107, na terenie kt\u00f3rej si\u0119 rozpo\u015bciera &#8211; Powsin.<\/div>\n<\/div>\n<div class=\"x11i5rnm xat24cr x1mh8g0r x1vvkbs xtlvy1s x126k92a\">\n<div dir=\"auto\"><span class=\"html-span xexx8yu x4uap5 x18d9i69 xkhd6sd x1hl2dhg x16tdsg8 x1vvkbs x3nfvp2 x1j61x8r x1fcty0u xdj266r xat24cr xgzva0m xhhsvwb xxymvpz xlup9mm x1kky2od\"><img loading=\"lazy\" decoding=\"async\" class=\"xz74otr\" src=\"https:\/\/ogrod.pan.pl\/wp-content\/uploads\/2024\/10\/1f339.png\" alt=\" \" width=\"16\" height=\"16\"><\/span>Serdecznie Pa\u0144stwa zapraszamy do udzia\u0142u w uroczysto\u015bci, kt\u00f3ra odb\u0119dzie si\u0119 w sobot\u0119,          , na naszej nowej r\u00f3\u017cance.<\/div>\n<div dir=\"auto\">&nbsp;<\/div>\n<\/div>\n<div class=\"x11i5rnm xat24cr x1mh8g0r x1vvkbs xtlvy1s x126k92a\">\n<div dir=\"auto\">Przyjd\u017acie i przekonajcie si\u0119, jakie imi\u0119 wybrali\u015bmy dla tej niezwyk\u0142ej kr\u00f3lowej kwiat\u00f3w. <span class=\"html-span xexx8yu x4uap5 x18d9i69 xkhd6sd x1hl2dhg x16tdsg8 x1vvkbs x3nfvp2 x1j61x8r x1fcty0u xdj266r xat24cr xgzva0m xhhsvwb xxymvpz xlup9mm x1kky2od\"><img loading=\"lazy\" decoding=\"async\" class=\"xz74otr\" src=\"https:\/\/ogrod.pan.pl\/wp-content\/uploads\/2024\/10\/1f339.png\" alt=\" \" width=\"16\" height=\"16\"><\/span><\/div>\n<\/div>\n<div class=\"x11i5rnm xat24cr x1mh8g0r x1vvkbs xtlvy1s x126k92a\">\n<div dir=\"auto\">Do zobaczenia!<\/div>\n<\/div>\n","protected":false},"excerpt":{"rendered":"<p>Chrzciny R\u00f3\u017cy \u2014 zapraszamy na niecodzienne wydarzenie, kt\u00f3re odb\u0119dzie si\u0119 w naszym Ogrodzie 24 sierpnia! &nbsp; Podczas tegorocznego mi\u0119dzynarodowego konkursu r\u00f3\u017c Warsaw Rose Trials b\u0119dziemy mieli zaszczyt nada\u0107 imi\u0119 jednej z najbardziej uroczych odmian r\u00f3\u017c wyhodowanych przez firm\u0119 Kordes Rosen. Ojcem chrzestnym tej wyj\u0105tkowej r\u00f3\u017cy zostanie nasz dyrektor, prof. Arkadiusz Nowak, kt\u00f3ry wraz z tw\u00f3rc\u0105,&#8230;<\/p>","protected":false},"author":23,"featured_media":73238,"comment_status":"open","ping_status":"open","sticky":false,"template":"","format":"standard","meta":{"_kad_blocks_custom_css":"","_kad_blocks_head_custom_js":"","_kad_blocks_body_custom_js":"","_kad_blocks_footer_custom_js":"","ngg_post_thumbnail":0,"_kad_post_transparent":"","_kad_post_title":"","_kad_post_layout":"","_kad_post_sidebar_id":"","_kad_post_content_style":"","_kad_post_vertical_padding":"","_kad_post_feature":"","_kad_post_feature_position":"","_kad_post_header":false,"_kad_post_footer":false,"_kad_post_classname":"","footnotes":""},"categories":[497],"tags":[],"class_list":["post-73235","post","type-post","status-publish","format-standard","has-post-thumbnail","hentry","category-informacje"],"taxonomy_info":{"category":[{"value":497,"label":"Informacje"}]},"featured_image_src_large":["https:\/\/ogrod.pan.pl\/wp-content\/uploads\/2024\/10\/chrz_p-1024x683.jpg",1024,683,true],"author_info":{"display_name":"login_at","author_link":"https:\/\/ogrod.pan.pl\/en\/author\/login_at\/"},"comment_info":0,"category_info":[{"term_id":497,"name":"Informacje","slug":"informacje","term_group":0,"term_taxonomy_id":497,"taxonomy":"category","description":"","parent":0,"count":111,"filter":"raw","term_order":"0","cat_ID":497,"category_count":111,"category_description":"","cat_name":"Informacje","category_nicename":"informacje","category_parent":0}],"tag_info":false,"meta_box":{"mb_document_group":[]},"_links":{"self":[{"href":"https:\/\/ogrod.pan.pl\/en\/wp-json\/wp\/v2\/posts\/73235","targetHints":{"allow":["GET"]}}],"collection":[{"href":"https:\/\/ogrod.pan.pl\/en\/wp-json\/wp\/v2\/posts"}],"about":[{"href":"https:\/\/ogrod.pan.pl\/en\/wp-json\/wp\/v2\/types\/post"}],"author":[{"embeddable":true,"href":"https:\/\/ogrod.pan.pl\/en\/wp-json\/wp\/v2\/users\/23"}],"replies":[{"embeddable":true,"href":"https:\/\/ogrod.pan.pl\/en\/wp-json\/wp\/v2\/comments?post=73235"}],"version-history":[{"count":0,"href":"https:\/\/ogrod.pan.pl\/en\/wp-json\/wp\/v2\/posts\/73235\/revisions"}],"wp:featuredmedia":[{"embeddable":true,"href":"https:\/\/ogrod.pan.pl\/en\/wp-json\/wp\/v2\/media\/73238"}],"wp:attachment":[{"href":"https:\/\/ogrod.pan.pl\/en\/wp-json\/wp\/v2\/media?parent=73235"}],"wp:term":[{"taxonomy":"category","embeddable":true,"href":"https:\/\/ogrod.pan.pl\/en\/wp-json\/wp\/v2\/categories?post=73235"},{"taxonomy":"post_tag","embeddable":true,"href":"https:\/\/ogrod.pan.pl\/en\/wp-json\/wp\/v2\/tags?post=73235"}],"curies":[{"name":"wp","href":"https:\/\/api.w.org\/{rel}","templated":true}]}}