{"id":73208,"date":"2024-08-06T08:40:09","date_gmt":"2024-08-06T06:40:09","guid":{"rendered":"https:\/\/ogrod-powsin.pl\/jablkowy-konkurs-fotograficzny\/"},"modified":"2024-10-27T18:33:16","modified_gmt":"2024-10-27T17:33:16","slug":"apple-photo-contest","status":"publish","type":"post","link":"https:\/\/ogrod.pan.pl\/en\/jablkowy-konkurs-fotograficzny\/","title":{"rendered":"Apple photo contest"},"content":{"rendered":"<p>Our Garden includes a rich collection of apple trees and an annual apple festival, which this year will be held on September 21.<br \/>\nOn this occasion, we invite you to take part in a photo and film contest, in which year-round passes to the Garden and material prizes are up for grabs.<\/p>\n<p>The goal of the contest is to show in photographs or a 100-second video the beauty of apple trees at every stage of their development.<\/p>\n<p>Submissions can be sent from July 22 to August 31 this year only by email to ob.konkursy@gmail.com.<\/p>\n<p>Photos can be submitted in the following categories:<\/p>\n<p><strong>Adult category<\/strong>&nbsp;- photo taken with a camera<\/p>\n<p><strong>Category \"Under 18\"<\/strong>&nbsp;- photo taken with a camera<\/p>\n<p><strong>Category \"Cellular\"<\/strong>&nbsp;- photo taken with a cell phone (no age division).<\/p>\n<p><strong>Adult film -&nbsp;<\/strong>A video made with any equipment by a person over 18 years of age<\/p>\n<p><strong>The movie \"Under 18\" -&nbsp;&nbsp;<\/strong>A video made with any equipment by a person under 18 years of age<\/p>\n<p>&nbsp;<\/p>\n<p>Downloadable competition regulations&nbsp;<a href=\"https:\/\/ogrod.pan.pl\/wp-content\/uploads\/2024\/07\/REGUMAMIN-KONKURSU-FOTOGRAFICZNEGO-Jablonkowy-konkurs-fotograficzny.pdf\" target=\"_blank\" rel=\"noopener\">Competition Regulations<\/a><\/p>\n<p>The participant taking part in the contest declares that he has read the rules and fully accepts them.<\/p>\n<p><img loading=\"lazy\" decoding=\"async\" class=\"alignnone wp-image-15144 size-full\" src=\"https:\/\/ogrod.pan.pl\/wp-content\/uploads\/2024\/10\/jablonie_plakat_konkurs_www.jpg\" alt=\"\" width=\"1240\" height=\"1754\"><\/p>","protected":false},"excerpt":{"rendered":"<p>Nasz Ogr\u00f3d to mi\u0119dzy innymi bogata kolekcja jab\u0142oni i doroczne \u015bwi\u0119to jab\u0142oni, kt\u00f3re w tym roku odb\u0119dzie si\u0119 21 wrze\u015bnia. Z tej okazji zapraszamy do udzia\u0142u w konkursie fotograficzno-filmowym, w kt\u00f3rym do wygrania s\u0105 ca\u0142oroczne karnety do Ogrodu oraz nagrody rzeczowe. Celem konkursu jest ukazanie na fotografiach lub 100 sekundowym filmie pi\u0119kna jab\u0142oni na ka\u017cdym&#8230;<\/p>","protected":false},"author":23,"featured_media":73211,"comment_status":"open","ping_status":"open","sticky":false,"template":"","format":"standard","meta":{"_kad_blocks_custom_css":"","_kad_blocks_head_custom_js":"","_kad_blocks_body_custom_js":"","_kad_blocks_footer_custom_js":"","ngg_post_thumbnail":0,"_kad_post_transparent":"","_kad_post_title":"","_kad_post_layout":"","_kad_post_sidebar_id":"","_kad_post_content_style":"","_kad_post_vertical_padding":"","_kad_post_feature":"","_kad_post_feature_position":"","_kad_post_header":false,"_kad_post_footer":false,"_kad_post_classname":"","footnotes":""},"categories":[497],"tags":[],"class_list":["post-73208","post","type-post","status-publish","format-standard","has-post-thumbnail","hentry","category-informacje"],"taxonomy_info":{"category":[{"value":497,"label":"Informacje"}]},"featured_image_src_large":["https:\/\/ogrod.pan.pl\/wp-content\/uploads\/2024\/10\/www-1.jpg",625,417,false],"author_info":{"display_name":"login_at","author_link":"https:\/\/ogrod.pan.pl\/en\/author\/login_at\/"},"comment_info":0,"category_info":[{"term_id":497,"name":"Informacje","slug":"informacje","term_group":0,"term_taxonomy_id":497,"taxonomy":"category","description":"","parent":0,"count":111,"filter":"raw","term_order":"0","cat_ID":497,"category_count":111,"category_description":"","cat_name":"Informacje","category_nicename":"informacje","category_parent":0}],"tag_info":false,"meta_box":{"mb_document_group":[]},"_links":{"self":[{"href":"https:\/\/ogrod.pan.pl\/en\/wp-json\/wp\/v2\/posts\/73208","targetHints":{"allow":["GET"]}}],"collection":[{"href":"https:\/\/ogrod.pan.pl\/en\/wp-json\/wp\/v2\/posts"}],"about":[{"href":"https:\/\/ogrod.pan.pl\/en\/wp-json\/wp\/v2\/types\/post"}],"author":[{"embeddable":true,"href":"https:\/\/ogrod.pan.pl\/en\/wp-json\/wp\/v2\/users\/23"}],"replies":[{"embeddable":true,"href":"https:\/\/ogrod.pan.pl\/en\/wp-json\/wp\/v2\/comments?post=73208"}],"version-history":[{"count":0,"href":"https:\/\/ogrod.pan.pl\/en\/wp-json\/wp\/v2\/posts\/73208\/revisions"}],"wp:featuredmedia":[{"embeddable":true,"href":"https:\/\/ogrod.pan.pl\/en\/wp-json\/wp\/v2\/media\/73211"}],"wp:attachment":[{"href":"https:\/\/ogrod.pan.pl\/en\/wp-json\/wp\/v2\/media?parent=73208"}],"wp:term":[{"taxonomy":"category","embeddable":true,"href":"https:\/\/ogrod.pan.pl\/en\/wp-json\/wp\/v2\/categories?post=73208"},{"taxonomy":"post_tag","embeddable":true,"href":"https:\/\/ogrod.pan.pl\/en\/wp-json\/wp\/v2\/tags?post=73208"}],"curies":[{"name":"wp","href":"https:\/\/api.w.org\/{rel}","templated":true}]}}