{"id":72459,"date":"2022-06-08T11:09:13","date_gmt":"2022-06-08T09:09:13","guid":{"rendered":"https:\/\/ogrod-powsin.pl\/kolekcja-roslin-leczniczych-i-przyprawowych-w-nowym-miejscu\/"},"modified":"2024-10-27T18:10:11","modified_gmt":"2024-10-27T17:10:11","slug":"kolekcja-roslin-leczniczych-i-przyprawowych-w-nowym-miejscu","status":"publish","type":"post","link":"https:\/\/ogrod.pan.pl\/en\/kolekcja-roslin-leczniczych-i-przyprawowych-w-nowym-miejscu\/","title":{"rendered":"Collection of Medicinal and Spice Plants at new location"},"content":{"rendered":"<p style=\"text-align: justify;\">On June 7, the grand opening of the Medicinal and Spice Plants Collection was held at the new location. We would like to thank Ms. Aldona Czerwinska and her Team for coordinating the activities and taking care of the Collection.<br \/>\nThe opening was preceded by a scientific seminar \"Edible Plants of Laos\" by Dr. Lukasz Luczaj, Prof. of the University of Rzeszow.<br \/>\nWe invite you to visit the Collection in a new atmospheric place!<\/p>\n<p>&nbsp;<\/p>\n<p><img loading=\"lazy\" decoding=\"async\" class=\"alignnone wp-image-11798 size-large\" src=\"https:\/\/ogrod.pan.pl\/wp-content\/uploads\/2024\/10\/8-1024x683-1.jpg\" width=\"1024\" height=\"683\" \/> <img loading=\"lazy\" decoding=\"async\" class=\"alignnone wp-image-11799 size-large\" src=\"https:\/\/ogrod.pan.pl\/wp-content\/uploads\/2024\/10\/9-1024x683-1.jpg\" width=\"1024\" height=\"683\" \/> <img loading=\"lazy\" decoding=\"async\" class=\"alignnone wp-image-11800 size-large\" src=\"https:\/\/ogrod.pan.pl\/wp-content\/uploads\/2024\/10\/10-1024x683-1.jpg\" width=\"1024\" height=\"683\" \/> <img loading=\"lazy\" decoding=\"async\" class=\"alignnone wp-image-11801 size-large\" src=\"https:\/\/ogrod.pan.pl\/wp-content\/uploads\/2024\/10\/11-1024x683-1.jpg\" width=\"1024\" height=\"683\" \/> <img loading=\"lazy\" decoding=\"async\" class=\"alignnone wp-image-11797 size-large\" src=\"https:\/\/ogrod.pan.pl\/wp-content\/uploads\/2024\/10\/7-1024x683-1.jpg\" width=\"1024\" height=\"683\" \/> <img loading=\"lazy\" decoding=\"async\" class=\"alignnone wp-image-11796 size-large\" src=\"https:\/\/ogrod.pan.pl\/wp-content\/uploads\/2024\/10\/6-1024x683-1.jpg\" width=\"1024\" height=\"683\" \/> <img loading=\"lazy\" decoding=\"async\" class=\"alignnone wp-image-11795 size-large\" src=\"https:\/\/ogrod.pan.pl\/wp-content\/uploads\/2024\/10\/5-1024x683-1.jpg\" width=\"1024\" height=\"683\" \/> <img loading=\"lazy\" decoding=\"async\" class=\"alignnone wp-image-11792 size-large\" src=\"https:\/\/ogrod.pan.pl\/wp-content\/uploads\/2024\/10\/2-1024x683-1.jpg\" width=\"1024\" height=\"683\" \/><\/p>","protected":false},"excerpt":{"rendered":"<p>7 czerwca odby\u0142o si\u0119 uroczyste otwarcie w\u00a0nowym miejscu Kolekcji Ro\u015blin Leczniczych i\u00a0Przyprawowych. Dzi\u0119kujemy pani Aldonie Czerwi\u0144skiej wraz z\u00a0Zespo\u0142em za\u00a0koordynacj\u0119 dzia\u0142a\u0144 i\u00a0opiek\u0119 nad\u00a0Kolekcj\u0105. Otwarcie zosta\u0142o poprzedzone seminarium naukowym \u201cJadalne ro\u015bliny Laosu\u201d dra hab. \u0141ukasza \u0141uczaja, prof.\u00a0Uniwersytetu Rzeszowskiego. Zapraszamy Pa\u0144stwa do\u00a0odwiedzania Kolekcji w\u00a0nowym, klimatycznym miejscu! &nbsp;<\/p>","protected":false},"author":23,"featured_media":72469,"comment_status":"open","ping_status":"open","sticky":false,"template":"","format":"standard","meta":{"_kad_blocks_custom_css":"","_kad_blocks_head_custom_js":"","_kad_blocks_body_custom_js":"","_kad_blocks_footer_custom_js":"","ngg_post_thumbnail":0,"_kad_post_transparent":"","_kad_post_title":"","_kad_post_layout":"","_kad_post_sidebar_id":"","_kad_post_content_style":"","_kad_post_vertical_padding":"","_kad_post_feature":"","_kad_post_feature_position":"","_kad_post_header":false,"_kad_post_footer":false,"_kad_post_classname":"","footnotes":""},"categories":[497],"tags":[],"class_list":["post-72459","post","type-post","status-publish","format-standard","has-post-thumbnail","hentry","category-informacje"],"taxonomy_info":{"category":[{"value":497,"label":"Informacje"}]},"featured_image_src_large":["https:\/\/ogrod.pan.pl\/wp-content\/uploads\/2024\/10\/12-scaled-1-1024x683.jpg",1024,683,true],"author_info":{"display_name":"login_at","author_link":"https:\/\/ogrod.pan.pl\/en\/author\/login_at\/"},"comment_info":0,"category_info":[{"term_id":497,"name":"Informacje","slug":"informacje","term_group":0,"term_taxonomy_id":497,"taxonomy":"category","description":"","parent":0,"count":111,"filter":"raw","term_order":"0","cat_ID":497,"category_count":111,"category_description":"","cat_name":"Informacje","category_nicename":"informacje","category_parent":0}],"tag_info":false,"meta_box":{"mb_document_group":[]},"_links":{"self":[{"href":"https:\/\/ogrod.pan.pl\/en\/wp-json\/wp\/v2\/posts\/72459","targetHints":{"allow":["GET"]}}],"collection":[{"href":"https:\/\/ogrod.pan.pl\/en\/wp-json\/wp\/v2\/posts"}],"about":[{"href":"https:\/\/ogrod.pan.pl\/en\/wp-json\/wp\/v2\/types\/post"}],"author":[{"embeddable":true,"href":"https:\/\/ogrod.pan.pl\/en\/wp-json\/wp\/v2\/users\/23"}],"replies":[{"embeddable":true,"href":"https:\/\/ogrod.pan.pl\/en\/wp-json\/wp\/v2\/comments?post=72459"}],"version-history":[{"count":0,"href":"https:\/\/ogrod.pan.pl\/en\/wp-json\/wp\/v2\/posts\/72459\/revisions"}],"wp:featuredmedia":[{"embeddable":true,"href":"https:\/\/ogrod.pan.pl\/en\/wp-json\/wp\/v2\/media\/72469"}],"wp:attachment":[{"href":"https:\/\/ogrod.pan.pl\/en\/wp-json\/wp\/v2\/media?parent=72459"}],"wp:term":[{"taxonomy":"category","embeddable":true,"href":"https:\/\/ogrod.pan.pl\/en\/wp-json\/wp\/v2\/categories?post=72459"},{"taxonomy":"post_tag","embeddable":true,"href":"https:\/\/ogrod.pan.pl\/en\/wp-json\/wp\/v2\/tags?post=72459"}],"curies":[{"name":"wp","href":"https:\/\/api.w.org\/{rel}","templated":true}]}}