{"id":71963,"date":"2020-05-14T18:09:18","date_gmt":"2020-05-14T16:09:18","guid":{"rendered":"https:\/\/ogrod-powsin.pl\/ogloszenie-z-dnia-14-maja-2020-r\/"},"modified":"2020-05-14T18:09:18","modified_gmt":"2020-05-14T16:09:18","slug":"ogloszenie-z-dnia-14-maja-2020-r","status":"publish","type":"post","link":"https:\/\/ogrod.pan.pl\/en\/ogloszenie-z-dnia-14-maja-2020-r\/","title":{"rendered":"Announced on May 14, 2020."},"content":{"rendered":"<p>Tender for: \"Modernization of the adaptive greenhouse and its equipment through reconstruction in the \"design and build\" mode within the framework of the project \"FlorIntegral - integrated protection of the\u00a0<em>in situ<\/em>\u00a0i\u00a0<em>ex situ<\/em>\u00a0of rare, endangered and priority species of flora in Poland\"\". Procurement co-financed by the European Union under Measure 2.4 of Priority Axis II of the Operational Program Infrastructure and Environment 2014-2020, Grant Agreement No. POIS.02.04.00-00-0006\/17<\/p>\n<ul>\n<li><a href=\"https:\/\/ogrod.pan.pl\/en\/pliki\/files\/konkursy-i-przetargi\/Og%C5%82oszenie%20o%20zam%C3%B3wieniu%20nr%20535119-N-2020%20z%20dnia%2014_05_2020.pdf\/\">Order Announcement<\/a><\/li>\n<li><a href=\"https:\/\/ogrod.pan.pl\/en\/pliki\/files\/konkursy-i-przetargi\/SIWZ%2013_ZP_2020FL%20z%20dnia%2014_05_2020.pdf\/\">TOR<\/a><\/li>\n<li><a href=\"https:\/\/ogrod.pan.pl\/en\/pliki\/files\/konkursy-i-przetargi\/Za%C5%82%C4%85cznik%20nr%201%20do%20SIWZ%2013_ZP_2020FL%20z%20dnia%2014_05_2020.pdf\/\">Appendix No. 1 to the ToR - Functional and utility program<\/a><\/li>\n<li><a href=\"https:\/\/ogrod.pan.pl\/en\/pliki\/files\/konkursy-i-przetargi\/Za%C5%82%C4%85czniki%20do%20SIWZ%2013_ZP_2020FL%20z%20dnia%2014_05_2020%20w%20wersji%20edytowalnej.doc\/\">Attachments to the ToR in editable version<\/a><\/li>\n<li><a href=\"https:\/\/ogrod.pan.pl\/en\/pliki\/files\/konkursy-i-przetargi\/Informacja%20z%20otwarcia%20ofert%2013_ZP_2020FL.pdf\/\">Information from the opening of bids<\/a><\/li>\n<li><a href=\"https:\/\/ogrod.pan.pl\/en\/pliki\/files\/konkursy-i-przetargi\/Wynik%20post%C4%99powania%2013_ZP_2020FL.pdf\/\">Notice of the outcome of the proceedings<\/a><\/li>\n<li><a href=\"https:\/\/ogrod.pan.pl\/en\/pliki\/files\/konkursy-i-przetargi\/Za%C5%82%C4%85cznik%20nr%201%20do%20wyniku%20post%C4%99powania%2013_ZP_2020FL.pdf\/\">Annex No. 1 to the Notice<\/a><\/li>\n<\/ul>","protected":false},"excerpt":{"rendered":"<p>Przetarg na: \u201eModernizacj\u0119 szklarni adaptacyjnej oraz jej wyposa\u017cenia poprzez przebudow\u0119 w trybie \u201ezaprojektuj i wybuduj\u201d w ramach projektu \u201eFlorIntegral &#8211; zintegrowana ochrona\u00a0in situ\u00a0i\u00a0ex situ\u00a0rzadkich, zagro\u017conych i priorytetowych gatunk\u00f3w flory na terenie Polski\u201d\u201d. Zam\u00f3wienie wsp\u00f3\u0142finansowane przez Uni\u0119 Europejsk\u0105 w ramach dzia\u0142ania 2.4 o\u015b priorytetowa II Programu Operacyjnego Infrastruktura i \u015arodowisko 2014-2020, Umowa o dofinansowanie nr POIS.02.04.00-00-0006\/17&#8230;<\/p>","protected":false},"author":23,"featured_media":0,"comment_status":"open","ping_status":"open","sticky":false,"template":"","format":"standard","meta":{"_kad_blocks_custom_css":"","_kad_blocks_head_custom_js":"","_kad_blocks_body_custom_js":"","_kad_blocks_footer_custom_js":"","ngg_post_thumbnail":0,"_kad_post_transparent":"","_kad_post_title":"","_kad_post_layout":"","_kad_post_sidebar_id":"","_kad_post_content_style":"","_kad_post_vertical_padding":"","_kad_post_feature":"","_kad_post_feature_position":"","_kad_post_header":false,"_kad_post_footer":false,"_kad_post_classname":"","footnotes":""},"categories":[495],"tags":[],"class_list":["post-71963","post","type-post","status-publish","format-standard","hentry","category-przetargi-i-konkursy"],"taxonomy_info":{"category":[{"value":495,"label":"Przetargi i konkursy"}]},"featured_image_src_large":false,"author_info":{"display_name":"login_at","author_link":"https:\/\/ogrod.pan.pl\/en\/author\/login_at\/"},"comment_info":0,"category_info":[{"term_id":495,"name":"Przetargi i konkursy","slug":"przetargi-i-konkursy","term_group":0,"term_taxonomy_id":495,"taxonomy":"category","description":"","parent":0,"count":242,"filter":"raw","term_order":"0","cat_ID":495,"category_count":242,"category_description":"","cat_name":"Przetargi i konkursy","category_nicename":"przetargi-i-konkursy","category_parent":0}],"tag_info":false,"meta_box":{"mb_document_group":[]},"_links":{"self":[{"href":"https:\/\/ogrod.pan.pl\/en\/wp-json\/wp\/v2\/posts\/71963","targetHints":{"allow":["GET"]}}],"collection":[{"href":"https:\/\/ogrod.pan.pl\/en\/wp-json\/wp\/v2\/posts"}],"about":[{"href":"https:\/\/ogrod.pan.pl\/en\/wp-json\/wp\/v2\/types\/post"}],"author":[{"embeddable":true,"href":"https:\/\/ogrod.pan.pl\/en\/wp-json\/wp\/v2\/users\/23"}],"replies":[{"embeddable":true,"href":"https:\/\/ogrod.pan.pl\/en\/wp-json\/wp\/v2\/comments?post=71963"}],"version-history":[{"count":0,"href":"https:\/\/ogrod.pan.pl\/en\/wp-json\/wp\/v2\/posts\/71963\/revisions"}],"wp:attachment":[{"href":"https:\/\/ogrod.pan.pl\/en\/wp-json\/wp\/v2\/media?parent=71963"}],"wp:term":[{"taxonomy":"category","embeddable":true,"href":"https:\/\/ogrod.pan.pl\/en\/wp-json\/wp\/v2\/categories?post=71963"},{"taxonomy":"post_tag","embeddable":true,"href":"https:\/\/ogrod.pan.pl\/en\/wp-json\/wp\/v2\/tags?post=71963"}],"curies":[{"name":"wp","href":"https:\/\/api.w.org\/{rel}","templated":true}]}}