{"id":71627,"date":"2024-08-20T12:35:19","date_gmt":"2024-08-20T10:35:19","guid":{"rendered":"https:\/\/ogrod-powsin.pl\/delegacja-z-ogrodu-botanicznego-w-astanie-kazachstan\/"},"modified":"2024-10-27T06:36:49","modified_gmt":"2024-10-27T05:36:49","slug":"delegation-from-astana-botanical-garden-kazakhstan","status":"publish","type":"post","link":"https:\/\/ogrod.pan.pl\/en\/delegacja-z-ogrodu-botanicznego-w-astanie-kazachstan\/","title":{"rendered":"Delegation from Astana Botanical Garden\/Kazakhstan"},"content":{"rendered":"<p>On August 17, a delegation from the Botanical Garden in Astana (Kazakhstan) flew to the Powsin Garden for a visit of several days. The visiting scientists were Serik Kubentayev, Klara Izbastina, Daniar Alibekov and Balsulu Kubentayeva. The main purpose of this visit is to develop botanical, phytosociological, ecological and ethnobotanical research in Kazakhstan, Central and Central Asia and Poland.<\/p>\n<p>We agreed that in the first years of mutual cooperation, the themes of the projects will be:<\/p>\n<p><strong>- Ethnobotanical research in Kazakhstan<\/strong><br \/>\n<strong>- Phytosociological studies of steppe, petrophyton vegetation and semi-desert vegetation<br \/>\nBraun-Blanquet method<\/strong><br \/>\n<strong>- underground biodiversity research<\/strong><br \/>\n<strong>- Ecological research related to climate change and desertification<\/strong><\/p>\n<p>The goal of the research will be discoveries that will be published in journals of international cooperation. In addition, we have agreed that the two gardens will implement exchanges of interns, staff and specialists in various fields present in the research and operation of these institutions.<\/p>\n<p><img loading=\"lazy\" decoding=\"async\" class=\"aligncenter wp-image-12369 size-full\" src=\"https:\/\/ogrod.pan.pl\/wp-content\/uploads\/2024\/10\/002-scaled-1.jpg\" width=\"2560\" height=\"1920\" \/><\/p>\n<p>post<\/p>\n<p>post<\/p>\n<p>2024-08-20 12:35:19<\/p>","protected":false},"excerpt":{"rendered":"<p>17 sierpnia do Ogrodu w Powsinie przylecia\u0142a z kilkudniow\u0105 wizyt\u0105 delegacja z Ogrodu Botanicznego w Astanie (Kazachstan). Odwiedzili nas naukowcy: Serik Kubentayev, Klara Izbastina, Daniar Alibekov i Balsulu Kubentayeva. G\u0142\u00f3wnym celem tej wizyty jest rozw\u00f3j bada\u0144 botanicznych, fitosocjologicznych, ekologicznych i etnobotanicznych w Kazachstanie, \u015arodkowej i Centralnej Azji oraz w Polsce. Ustalili\u015bmy, \u017ce w pierwszych latach&#8230;<\/p>","protected":false},"author":13,"featured_media":71630,"comment_status":"open","ping_status":"open","sticky":false,"template":"","format":"standard","meta":{"_kad_blocks_custom_css":"","_kad_blocks_head_custom_js":"","_kad_blocks_body_custom_js":"","_kad_blocks_footer_custom_js":"","ngg_post_thumbnail":0,"_kad_post_transparent":"","_kad_post_title":"","_kad_post_layout":"","_kad_post_sidebar_id":"","_kad_post_content_style":"","_kad_post_vertical_padding":"","_kad_post_feature":"","_kad_post_feature_position":"","_kad_post_header":false,"_kad_post_footer":false,"_kad_post_classname":"","footnotes":""},"categories":[474],"tags":[],"class_list":["post-71627","post","type-post","status-publish","format-standard","has-post-thumbnail","hentry","category-informacje-naukowe"],"taxonomy_info":{"category":[{"value":474,"label":"Informacje naukowe"}]},"featured_image_src_large":["https:\/\/ogrod.pan.pl\/wp-content\/uploads\/2024\/10\/003-scaled-1-990x683.jpg",990,683,true],"author_info":{"display_name":"Agnieszka Pfeiffer","author_link":"https:\/\/ogrod.pan.pl\/en\/author\/agnieszka-pfeiffer\/"},"comment_info":0,"category_info":[{"term_id":474,"name":"Informacje naukowe","slug":"informacje-naukowe","term_group":0,"term_taxonomy_id":474,"taxonomy":"category","description":"","parent":0,"count":129,"filter":"raw","term_order":"0","cat_ID":474,"category_count":129,"category_description":"","cat_name":"Informacje naukowe","category_nicename":"informacje-naukowe","category_parent":0}],"tag_info":false,"meta_box":{"mb_document_group":[]},"_links":{"self":[{"href":"https:\/\/ogrod.pan.pl\/en\/wp-json\/wp\/v2\/posts\/71627","targetHints":{"allow":["GET"]}}],"collection":[{"href":"https:\/\/ogrod.pan.pl\/en\/wp-json\/wp\/v2\/posts"}],"about":[{"href":"https:\/\/ogrod.pan.pl\/en\/wp-json\/wp\/v2\/types\/post"}],"author":[{"embeddable":true,"href":"https:\/\/ogrod.pan.pl\/en\/wp-json\/wp\/v2\/users\/13"}],"replies":[{"embeddable":true,"href":"https:\/\/ogrod.pan.pl\/en\/wp-json\/wp\/v2\/comments?post=71627"}],"version-history":[{"count":0,"href":"https:\/\/ogrod.pan.pl\/en\/wp-json\/wp\/v2\/posts\/71627\/revisions"}],"wp:featuredmedia":[{"embeddable":true,"href":"https:\/\/ogrod.pan.pl\/en\/wp-json\/wp\/v2\/media\/71630"}],"wp:attachment":[{"href":"https:\/\/ogrod.pan.pl\/en\/wp-json\/wp\/v2\/media?parent=71627"}],"wp:term":[{"taxonomy":"category","embeddable":true,"href":"https:\/\/ogrod.pan.pl\/en\/wp-json\/wp\/v2\/categories?post=71627"},{"taxonomy":"post_tag","embeddable":true,"href":"https:\/\/ogrod.pan.pl\/en\/wp-json\/wp\/v2\/tags?post=71627"}],"curies":[{"name":"wp","href":"https:\/\/api.w.org\/{rel}","templated":true}]}}