{"id":71395,"date":"2023-04-21T12:06:37","date_gmt":"2023-04-21T10:06:37","guid":{"rendered":"https:\/\/ogrod-powsin.pl\/kambium-waskularne-miedzy-mlotem-a-kowadlem\/"},"modified":"2024-10-27T06:34:27","modified_gmt":"2024-10-27T05:34:27","slug":"vascular-cambium-between-hammer-and-anvil","status":"publish","type":"post","link":"https:\/\/ogrod.pan.pl\/en\/kambium-waskularne-miedzy-mlotem-a-kowadlem\/","title":{"rendered":"Vascular cambium - between the hammer and the anvil"},"content":{"rendered":"<p style=\"text-align: justify;\">In the magazine <em>Forests<\/em> A paper was published to present a new hypothesis of radial growth of deciduous trees based on the mechanism of circadian deformation of plant tissues. The vascular cambium is the main lateral meristem responsible for the secondary growth of trees. Through the prism of the proposed hypothesis, this process can be understood as an adaptation to cyclically changing mechanical stresses acting in the radial direction. These stresses are generated by the phloem in a 24-hour diurnal cycle and cause the cambium, in the radial direction, to undergo nighttime stretching and daytime compression. In this system, the phloem acts as a hammer and the wood as an anvil. This hypothesis points to transpiration as the source of the energy that drives this mechanical system (which operates thanks to the large difference in water potentials between the plant and the environment that changes during the circadian cycle).<\/p>\n<p style=\"text-align: justify;\">The hypothesis focuses exclusively on symplastic growth. In this form, it provides an alternative explanation of the radial growth process to the one currently in place and paves the way for a better interpretation of such phenomena as early and late wood formation.<\/p>\n<p style=\"text-align: justify;\">Kojs P., Miodek A., Miodek A.P., Italian W. 2023. Vascular Cambium - Between the Hammer and the Anvil: A Tensile Stress Hypothesis on the Mechanism of Radial Growth of Broadleaved Trees.&nbsp;<em>Forests<\/em> 14(4): 823.&nbsp;<a href=\"https:\/\/doi.org\/10.3390\/f14040823\" target=\"_blank\" rel=\"noopener\">https:\/\/doi.org\/10.3390\/f14040823<\/a><\/p>\n<p><img loading=\"lazy\" decoding=\"async\" class=\"alignnone wp-image-11229 size-full\" src=\"https:\/\/ogrod.pan.pl\/wp-content\/uploads\/2024\/10\/Fig-9v.jpg\" width=\"2439\" height=\"1599\"><\/p>\n<p>&nbsp;<\/p>\n<p><img loading=\"lazy\" decoding=\"async\" class=\"aligncenter wp-image-11230 size-full\" src=\"https:\/\/ogrod.pan.pl\/wp-content\/uploads\/2024\/10\/Fig6cv-scaled-1.jpg\" width=\"2560\" height=\"2147\"><\/p>\n<p>post<\/p>\n<p>post<\/p>\n<p>2023-04-21 12:06:37<\/p>","protected":false},"excerpt":{"rendered":"<p>W czasopi\u015bmie Forests ukaza\u0142a si\u0119 praca, kt\u00f3rej celem by\u0142o przedstawienie nowej hipotezy wzrostu promieniowego drzew li\u015bciastych opartej na mechanizmie oko\u0142odobowych odkszta\u0142ce\u0144 tkanek ro\u015blinnych. Kambium waskularne jest g\u0142\u00f3wnym merystemem bocznym, odpowiedzialnym za wzrost wt\u00f3rny drzew. Przez pryzmat zaproponowanej hipotezy proces ten mo\u017ce by\u0107 rozumiany jako adaptacja do cyklicznie zmieniaj\u0105cych si\u0119 napr\u0119\u017ce\u0144 mechanicznych dzia\u0142aj\u0105cych w kierunku promieniowym&#8230;.<\/p>","protected":false},"author":23,"featured_media":71396,"comment_status":"open","ping_status":"open","sticky":false,"template":"","format":"standard","meta":{"_kad_blocks_custom_css":"","_kad_blocks_head_custom_js":"","_kad_blocks_body_custom_js":"","_kad_blocks_footer_custom_js":"","ngg_post_thumbnail":0,"_kad_post_transparent":"","_kad_post_title":"","_kad_post_layout":"","_kad_post_sidebar_id":"","_kad_post_content_style":"","_kad_post_vertical_padding":"","_kad_post_feature":"","_kad_post_feature_position":"","_kad_post_header":false,"_kad_post_footer":false,"_kad_post_classname":"","footnotes":""},"categories":[474],"tags":[477,478,479,480,481,482,483,484,485],"class_list":["post-71395","post","type-post","status-publish","format-standard","has-post-thumbnail","hentry","category-informacje-naukowe","tag-dzienne-sciskanie","tag-forests","tag-kambium","tag-kambium-waskularne","tag-mechanizm-okolodobowych-odksztalcen-tkanek-roslinnych","tag-naprezenia-mechaniczne-w-kierunku-promieniowym","tag-nocne-rozciaganie","tag-wzrost-promieniowy-drzew","tag-wzrost-symplastyczny"],"taxonomy_info":{"category":[{"value":474,"label":"Informacje naukowe"}],"post_tag":[{"value":477,"label":"dzienne \u015bciskanie"},{"value":478,"label":"forests"},{"value":479,"label":"kambium"},{"value":480,"label":"kambium waskularne"},{"value":481,"label":"mechanizm oko\u0142odobowych odkszta\u0142ce\u0144 tkanek ro\u015blinnych"},{"value":482,"label":"napr\u0119\u017cenia mechaniczne w kierunku promieniowym"},{"value":483,"label":"nocne rozci\u0105ganie"},{"value":484,"label":"wzrost promieniowy drzew"},{"value":485,"label":"wzrost symplastyczny"}]},"featured_image_src_large":["https:\/\/ogrod.pan.pl\/wp-content\/uploads\/2024\/10\/Fig-9v-1024x671.jpg",1024,671,true],"author_info":{"display_name":"login_at","author_link":"https:\/\/ogrod.pan.pl\/en\/author\/login_at\/"},"comment_info":0,"category_info":[{"term_id":474,"name":"Informacje naukowe","slug":"informacje-naukowe","term_group":0,"term_taxonomy_id":474,"taxonomy":"category","description":"","parent":0,"count":129,"filter":"raw","term_order":"0","cat_ID":474,"category_count":129,"category_description":"","cat_name":"Informacje naukowe","category_nicename":"informacje-naukowe","category_parent":0}],"tag_info":[{"term_id":477,"name":"dzienne \u015bciskanie","slug":"dzienne-sciskanie","term_group":0,"term_taxonomy_id":477,"taxonomy":"post_tag","description":"","parent":0,"count":1,"filter":"raw","term_order":"0"},{"term_id":478,"name":"forests","slug":"forests","term_group":0,"term_taxonomy_id":478,"taxonomy":"post_tag","description":"","parent":0,"count":1,"filter":"raw","term_order":"0"},{"term_id":479,"name":"kambium","slug":"kambium","term_group":0,"term_taxonomy_id":479,"taxonomy":"post_tag","description":"","parent":0,"count":1,"filter":"raw","term_order":"0"},{"term_id":480,"name":"kambium waskularne","slug":"kambium-waskularne","term_group":0,"term_taxonomy_id":480,"taxonomy":"post_tag","description":"","parent":0,"count":1,"filter":"raw","term_order":"0"},{"term_id":481,"name":"mechanizm oko\u0142odobowych odkszta\u0142ce\u0144 tkanek ro\u015blinnych","slug":"mechanizm-okolodobowych-odksztalcen-tkanek-roslinnych","term_group":0,"term_taxonomy_id":481,"taxonomy":"post_tag","description":"","parent":0,"count":1,"filter":"raw","term_order":"0"},{"term_id":482,"name":"napr\u0119\u017cenia mechaniczne w kierunku promieniowym","slug":"naprezenia-mechaniczne-w-kierunku-promieniowym","term_group":0,"term_taxonomy_id":482,"taxonomy":"post_tag","description":"","parent":0,"count":1,"filter":"raw","term_order":"0"},{"term_id":483,"name":"nocne rozci\u0105ganie","slug":"nocne-rozciaganie","term_group":0,"term_taxonomy_id":483,"taxonomy":"post_tag","description":"","parent":0,"count":1,"filter":"raw","term_order":"0"},{"term_id":484,"name":"wzrost promieniowy drzew","slug":"wzrost-promieniowy-drzew","term_group":0,"term_taxonomy_id":484,"taxonomy":"post_tag","description":"","parent":0,"count":1,"filter":"raw","term_order":"0"},{"term_id":485,"name":"wzrost symplastyczny","slug":"wzrost-symplastyczny","term_group":0,"term_taxonomy_id":485,"taxonomy":"post_tag","description":"","parent":0,"count":1,"filter":"raw","term_order":"0"}],"meta_box":{"mb_document_group":[]},"_links":{"self":[{"href":"https:\/\/ogrod.pan.pl\/en\/wp-json\/wp\/v2\/posts\/71395","targetHints":{"allow":["GET"]}}],"collection":[{"href":"https:\/\/ogrod.pan.pl\/en\/wp-json\/wp\/v2\/posts"}],"about":[{"href":"https:\/\/ogrod.pan.pl\/en\/wp-json\/wp\/v2\/types\/post"}],"author":[{"embeddable":true,"href":"https:\/\/ogrod.pan.pl\/en\/wp-json\/wp\/v2\/users\/23"}],"replies":[{"embeddable":true,"href":"https:\/\/ogrod.pan.pl\/en\/wp-json\/wp\/v2\/comments?post=71395"}],"version-history":[{"count":0,"href":"https:\/\/ogrod.pan.pl\/en\/wp-json\/wp\/v2\/posts\/71395\/revisions"}],"wp:featuredmedia":[{"embeddable":true,"href":"https:\/\/ogrod.pan.pl\/en\/wp-json\/wp\/v2\/media\/71396"}],"wp:attachment":[{"href":"https:\/\/ogrod.pan.pl\/en\/wp-json\/wp\/v2\/media?parent=71395"}],"wp:term":[{"taxonomy":"category","embeddable":true,"href":"https:\/\/ogrod.pan.pl\/en\/wp-json\/wp\/v2\/categories?post=71395"},{"taxonomy":"post_tag","embeddable":true,"href":"https:\/\/ogrod.pan.pl\/en\/wp-json\/wp\/v2\/tags?post=71395"}],"curies":[{"name":"wp","href":"https:\/\/api.w.org\/{rel}","templated":true}]}}