{"id":71254,"date":"2021-07-27T08:48:42","date_gmt":"2021-07-27T06:48:42","guid":{"rendered":"https:\/\/ogrod-powsin.pl\/o-drewnie-smoczego-drzewa\/"},"modified":"2024-10-27T06:33:51","modified_gmt":"2024-10-27T05:33:51","slug":"about-the-wood-of-the-dragon-tree","status":"publish","type":"post","link":"https:\/\/ogrod.pan.pl\/en\/o-drewnie-smoczego-drzewa\/","title":{"rendered":"About the \"wood\" of the dragon tree"},"content":{"rendered":"<p style=\"text-align: justify;\">In response to an invitation from the editors of the magazine<em> Bot\u00e1nica Macaron\u00e9sica<\/em> A review article was written in Spanish on the anatomy of the \"wood\" of the dragon tree (<em>Dracaena draco<\/em>), an endemic of Macaronesia and Morocco. The author of the article, Joanna Jura-Morawiec, Ph.D., professor of the Polish Academy of Sciences, has been working for several years with the Jard\u00edn Bot\u00e1nico Canario \"Viera y Clavijo\" in Gran Canaria to study the biology of the <em>Dracaena<\/em> spp.<\/p>\n<p style=\"text-align: justify;\">Jura-Morawiec J. 2021. Anatom\u00eda funcional de la \"madera\" del drago (<em>Dracaena draco<\/em>). <em>Mac bot<\/em> 31: 3-10.<\/p>\n<p>&nbsp;<\/p>\n<p><a href=\"https:\/\/ogrod.pan.pl\/wp-content\/uploads\/2021\/07\/dracena.jpg\"><img loading=\"lazy\" decoding=\"async\" class=\"aligncenter wp-image-10179 size-large\" src=\"https:\/\/ogrod.pan.pl\/wp-content\/uploads\/2024\/10\/dracena-1021x683-1.jpg\" width=\"1021\" height=\"683\" \/><\/a><\/p>\n<p>post<\/p>\n<p>post<\/p>\n<p>2021-07-27 08:48:42<\/p>","protected":false},"excerpt":{"rendered":"<p>W odpowiedzi na zaproszenie redakcji czasopisma Bot\u00e1nica Macaron\u00e9sica powsta\u0142 artyku\u0142 przegl\u0105dowy w j\u0119zyku hiszpa\u0144skim\u00a0 na temat anatomii \u201edrewna\u201d smoczego drzewa (Dracaena draco), endemitu Makaronezji i Maroka. Autorka artyku\u0142u, dr hab. Joanna Jura-Morawiec, prof. PAN, od kilku lat wsp\u00f3\u0142pracuje z Jard\u00edn Bot\u00e1nico Canario \u201eViera y Clavijo\u201d na Gran Canarii w zakresie bada\u0144 biologii Dracaena spp. Jura-Morawiec&#8230;<\/p>","protected":false},"author":23,"featured_media":71257,"comment_status":"open","ping_status":"open","sticky":false,"template":"","format":"standard","meta":{"_kad_blocks_custom_css":"","_kad_blocks_head_custom_js":"","_kad_blocks_body_custom_js":"","_kad_blocks_footer_custom_js":"","ngg_post_thumbnail":0,"_kad_post_transparent":"","_kad_post_title":"","_kad_post_layout":"","_kad_post_sidebar_id":"","_kad_post_content_style":"","_kad_post_vertical_padding":"","_kad_post_feature":"","_kad_post_feature_position":"","_kad_post_header":false,"_kad_post_footer":false,"_kad_post_classname":"","footnotes":""},"categories":[474],"tags":[],"class_list":["post-71254","post","type-post","status-publish","format-standard","has-post-thumbnail","hentry","category-informacje-naukowe"],"taxonomy_info":{"category":[{"value":474,"label":"Informacje naukowe"}]},"featured_image_src_large":["https:\/\/ogrod.pan.pl\/wp-content\/uploads\/2024\/10\/dracena-1021x683.jpg",1021,683,true],"author_info":{"display_name":"login_at","author_link":"https:\/\/ogrod.pan.pl\/en\/author\/login_at\/"},"comment_info":0,"category_info":[{"term_id":474,"name":"Informacje naukowe","slug":"informacje-naukowe","term_group":0,"term_taxonomy_id":474,"taxonomy":"category","description":"","parent":0,"count":129,"filter":"raw","term_order":"0","cat_ID":474,"category_count":129,"category_description":"","cat_name":"Informacje naukowe","category_nicename":"informacje-naukowe","category_parent":0}],"tag_info":false,"meta_box":{"mb_document_group":[]},"_links":{"self":[{"href":"https:\/\/ogrod.pan.pl\/en\/wp-json\/wp\/v2\/posts\/71254","targetHints":{"allow":["GET"]}}],"collection":[{"href":"https:\/\/ogrod.pan.pl\/en\/wp-json\/wp\/v2\/posts"}],"about":[{"href":"https:\/\/ogrod.pan.pl\/en\/wp-json\/wp\/v2\/types\/post"}],"author":[{"embeddable":true,"href":"https:\/\/ogrod.pan.pl\/en\/wp-json\/wp\/v2\/users\/23"}],"replies":[{"embeddable":true,"href":"https:\/\/ogrod.pan.pl\/en\/wp-json\/wp\/v2\/comments?post=71254"}],"version-history":[{"count":0,"href":"https:\/\/ogrod.pan.pl\/en\/wp-json\/wp\/v2\/posts\/71254\/revisions"}],"wp:featuredmedia":[{"embeddable":true,"href":"https:\/\/ogrod.pan.pl\/en\/wp-json\/wp\/v2\/media\/71257"}],"wp:attachment":[{"href":"https:\/\/ogrod.pan.pl\/en\/wp-json\/wp\/v2\/media?parent=71254"}],"wp:term":[{"taxonomy":"category","embeddable":true,"href":"https:\/\/ogrod.pan.pl\/en\/wp-json\/wp\/v2\/categories?post=71254"},{"taxonomy":"post_tag","embeddable":true,"href":"https:\/\/ogrod.pan.pl\/en\/wp-json\/wp\/v2\/tags?post=71254"}],"curies":[{"name":"wp","href":"https:\/\/api.w.org\/{rel}","templated":true}]}}