{"id":71164,"date":"2020-11-20T05:17:49","date_gmt":"2020-11-20T04:17:49","guid":{"rendered":"https:\/\/ogrod-powsin.pl\/analiza-modelu-matematycznego-obejmujacego-dynamike-wzrostu-symplastycznego-komorek-inicjalnych-kambium-waskularnego\/"},"modified":"2020-11-20T05:17:49","modified_gmt":"2020-11-20T04:17:49","slug":"analysis-of-a-mathematical-model-including-the-dynamics-of-symplastic-growth-of-the-initial-cells-of-the-vascular-cambium","status":"publish","type":"post","link":"https:\/\/ogrod.pan.pl\/en\/analiza-modelu-matematycznego-obejmujacego-dynamike-wzrostu-symplastycznego-komorek-inicjalnych-kambium-waskularnego\/","title":{"rendered":"Analysis of a mathematical model including the dynamics of symplastic growth of the initial cells of the vascular cambium"},"content":{"rendered":"<p style=\"text-align: justify;\">In 2020, the staff of the Plant Anatomy Laboratory focused, among other things, on analyzing a mathematical model involving the dynamics of symplastic growth of the initial cells of the vascular cambium. On the basis of mathematical calculations and anatomical observations, the conclusion was drawn that only symplastic growth affects the circumference of the cambium cylinder, which is the secondary meristematic tissue responsible for the growth in thickness of branches and stems of woody plants. Based on the mathematical model, own observations and analysis of literature sources, it was concluded that the old assumptions about the vascular cambium need to be revised, as some of them prevent a proper and complete understanding of the developmental events in it. <span lang=\"en-GB\">The results of the analysis were sent to the journal <\/span><span lang=\"en-GB\"><i>The Botanical Review<\/i><\/span><span lang=\"en-GB\">.<\/span><\/p>\n<p style=\"text-align: justify;\"><span lang=\"en-GB\">Article: <strong>Miodek, A.<\/strong>, Italian, W., Iqbal, M.,\u00a0<strong>Gizinska, A.<\/strong> &amp; <strong>Kojs, P<\/strong>. Controversy over the Mode of Growth of Cambial Cylinder.\u00a0<em>Bot. Rev.<\/em>\u00a0(2021). <a href=\"https:\/\/doi.org\/10.1007\/s12229-020-09237-9\" target=\"_blank\" rel=\"noopener\" data-saferedirecturl=\"https:\/\/www.google.com\/url?q=https:\/\/doi.org\/10.1007\/s12229-020-09237-9&amp;source=gmail&amp;ust=1611390217215000&amp;usg=AFQjCNEFG_Sa1VXAkraRGE9uwVxTv9gepw\">https:\/\/doi.org\/10.1007\/<wbr \/>s12229-020-09237-9<\/a><\/span><\/p>\n<p>post<\/p>\n<p>post<\/p>\n<p>2020-11-20 05:17:49<\/p>","protected":false},"excerpt":{"rendered":"<p>W roku 2020 pracownicy Laboratorium Anatomii Ro\u015blin skupili si\u0119 m.in. na analizie modelu matematycznego obejmuj\u0105cego dynamik\u0119 wzrostu symplastycznego kom\u00f3rek inicjalnych kambium waskularnego. Na podstawie oblicze\u0144 matematycznych i obserwacji anatomicznych wysnuto wniosek, i\u017c wy\u0142\u0105cznie wzrost symplastyczny wp\u0142ywa na obw\u00f3d cylindra kambium, kt\u00f3re stanowi wt\u00f3rn\u0105 tkank\u0119 merystematyczn\u0105 odpowiadaj\u0105c\u0105 za przyrost na grubo\u015b\u0107 ga\u0142\u0119zi i pni ro\u015blin drzewiastych&#8230;.<\/p>","protected":false},"author":23,"featured_media":71162,"comment_status":"open","ping_status":"open","sticky":false,"template":"","format":"standard","meta":{"_kad_blocks_custom_css":"","_kad_blocks_head_custom_js":"","_kad_blocks_body_custom_js":"","_kad_blocks_footer_custom_js":"","ngg_post_thumbnail":0,"_kad_post_transparent":"","_kad_post_title":"","_kad_post_layout":"","_kad_post_sidebar_id":"","_kad_post_content_style":"","_kad_post_vertical_padding":"","_kad_post_feature":"","_kad_post_feature_position":"","_kad_post_header":false,"_kad_post_footer":false,"_kad_post_classname":"","footnotes":""},"categories":[474],"tags":[],"class_list":["post-71164","post","type-post","status-publish","format-standard","has-post-thumbnail","hentry","category-informacje-naukowe"],"taxonomy_info":{"category":[{"value":474,"label":"Informacje naukowe"}]},"featured_image_src_large":["https:\/\/ogrod.pan.pl\/wp-content\/uploads\/2024\/10\/aktualnosc-Adam-Miodek-20.11.2020-714x683.jpg",714,683,true],"author_info":{"display_name":"login_at","author_link":"https:\/\/ogrod.pan.pl\/en\/author\/login_at\/"},"comment_info":0,"category_info":[{"term_id":474,"name":"Informacje naukowe","slug":"informacje-naukowe","term_group":0,"term_taxonomy_id":474,"taxonomy":"category","description":"","parent":0,"count":129,"filter":"raw","term_order":"0","cat_ID":474,"category_count":129,"category_description":"","cat_name":"Informacje naukowe","category_nicename":"informacje-naukowe","category_parent":0}],"tag_info":false,"meta_box":{"mb_document_group":[]},"_links":{"self":[{"href":"https:\/\/ogrod.pan.pl\/en\/wp-json\/wp\/v2\/posts\/71164","targetHints":{"allow":["GET"]}}],"collection":[{"href":"https:\/\/ogrod.pan.pl\/en\/wp-json\/wp\/v2\/posts"}],"about":[{"href":"https:\/\/ogrod.pan.pl\/en\/wp-json\/wp\/v2\/types\/post"}],"author":[{"embeddable":true,"href":"https:\/\/ogrod.pan.pl\/en\/wp-json\/wp\/v2\/users\/23"}],"replies":[{"embeddable":true,"href":"https:\/\/ogrod.pan.pl\/en\/wp-json\/wp\/v2\/comments?post=71164"}],"version-history":[{"count":0,"href":"https:\/\/ogrod.pan.pl\/en\/wp-json\/wp\/v2\/posts\/71164\/revisions"}],"wp:featuredmedia":[{"embeddable":true,"href":"https:\/\/ogrod.pan.pl\/en\/wp-json\/wp\/v2\/media\/71162"}],"wp:attachment":[{"href":"https:\/\/ogrod.pan.pl\/en\/wp-json\/wp\/v2\/media?parent=71164"}],"wp:term":[{"taxonomy":"category","embeddable":true,"href":"https:\/\/ogrod.pan.pl\/en\/wp-json\/wp\/v2\/categories?post=71164"},{"taxonomy":"post_tag","embeddable":true,"href":"https:\/\/ogrod.pan.pl\/en\/wp-json\/wp\/v2\/tags?post=71164"}],"curies":[{"name":"wp","href":"https:\/\/api.w.org\/{rel}","templated":true}]}}