{"id":66138,"date":"2024-08-21T10:16:26","date_gmt":"2024-08-21T08:16:26","guid":{"rendered":"https:\/\/ogrod-powsin.pl\/?p=66138"},"modified":"2024-08-21T10:19:04","modified_gmt":"2024-08-21T08:19:04","slug":"last-days-of-the-exhibition-a-sea-of-color","status":"publish","type":"post","link":"https:\/\/ogrod.pan.pl\/en\/ostatnie-dni-wystawy-a-morze-koloru\/","title":{"rendered":"The final days of the exhibition \"And the Sea of Color?...\""},"content":{"rendered":"<p><span class=\"x193iq5w xeuugli x13faqbe x1vvkbs x1xmvt09 x1lliihq x1s928wv xhkezso x1gmr53x x1cpjm7i x1fgarty x1943h6x xudqn12 x3x7a5m x6prxxf xvq8zen xo1l8bm xzsf02u x1yc453h\" dir=\"auto\">Summer is still going on, and with it the exhibition \"And the Sea of Color?...\" August 24 and 25 are the last days to see the exhibition of paintings by Ma\u0142gorzata Druska and artistic and applied ceramics by Bo\u017cena Wi\u015blicka and Marcin Witkowski. You are welcome to visit the Fangorovka gallery on the last weekend. The gallery will be closed on the other days.<br \/>\n<\/span><\/p>","protected":false},"excerpt":{"rendered":"<p>Summer is still going on, and with it the exhibition \"And the Sea of Color?...\" August 24 and 25 are the last days to see the exhibition of paintings by Ma\u0142gorzata Druska and artistic and applied ceramics by Bo\u017cena Wi\u015blicka and Marcin Witkowski. You are welcome to visit the Fangorovka gallery on the last weekend. The gallery will be closed on the other days.<\/p>","protected":false},"author":4,"featured_media":66144,"comment_status":"closed","ping_status":"closed","sticky":false,"template":"","format":"standard","meta":{"_kad_blocks_custom_css":"","_kad_blocks_head_custom_js":"","_kad_blocks_body_custom_js":"","_kad_blocks_footer_custom_js":"","ngg_post_thumbnail":0,"_kad_post_transparent":"","_kad_post_title":"","_kad_post_layout":"","_kad_post_sidebar_id":"","_kad_post_content_style":"","_kad_post_vertical_padding":"","_kad_post_feature":"","_kad_post_feature_position":"","_kad_post_header":false,"_kad_post_footer":false,"_kad_post_classname":"","footnotes":""},"categories":[1],"tags":[],"class_list":["post-66138","post","type-post","status-publish","format-standard","has-post-thumbnail","hentry","category-aktualnosci"],"taxonomy_info":{"category":[{"value":1,"label":"Aktualno\u015bci"}]},"featured_image_src_large":["https:\/\/ogrod.pan.pl\/wp-content\/uploads\/2024\/08\/GF-A4-rgb-965x683.jpg",965,683,true],"author_info":{"display_name":"admin_1","author_link":"https:\/\/ogrod.pan.pl\/en\/author\/admin_1\/"},"comment_info":0,"category_info":[{"term_id":1,"name":"Aktualno\u015bci","slug":"aktualnosci","term_group":0,"term_taxonomy_id":1,"taxonomy":"category","description":"","parent":0,"count":184,"filter":"raw","term_order":"0","cat_ID":1,"category_count":184,"category_description":"","cat_name":"Aktualno\u015bci","category_nicename":"aktualnosci","category_parent":0}],"tag_info":false,"meta_box":{"mb_document_group":[]},"_links":{"self":[{"href":"https:\/\/ogrod.pan.pl\/en\/wp-json\/wp\/v2\/posts\/66138","targetHints":{"allow":["GET"]}}],"collection":[{"href":"https:\/\/ogrod.pan.pl\/en\/wp-json\/wp\/v2\/posts"}],"about":[{"href":"https:\/\/ogrod.pan.pl\/en\/wp-json\/wp\/v2\/types\/post"}],"author":[{"embeddable":true,"href":"https:\/\/ogrod.pan.pl\/en\/wp-json\/wp\/v2\/users\/4"}],"replies":[{"embeddable":true,"href":"https:\/\/ogrod.pan.pl\/en\/wp-json\/wp\/v2\/comments?post=66138"}],"version-history":[{"count":0,"href":"https:\/\/ogrod.pan.pl\/en\/wp-json\/wp\/v2\/posts\/66138\/revisions"}],"wp:featuredmedia":[{"embeddable":true,"href":"https:\/\/ogrod.pan.pl\/en\/wp-json\/wp\/v2\/media\/66144"}],"wp:attachment":[{"href":"https:\/\/ogrod.pan.pl\/en\/wp-json\/wp\/v2\/media?parent=66138"}],"wp:term":[{"taxonomy":"category","embeddable":true,"href":"https:\/\/ogrod.pan.pl\/en\/wp-json\/wp\/v2\/categories?post=66138"},{"taxonomy":"post_tag","embeddable":true,"href":"https:\/\/ogrod.pan.pl\/en\/wp-json\/wp\/v2\/tags?post=66138"}],"curies":[{"name":"wp","href":"https:\/\/api.w.org\/{rel}","templated":true}]}}