{"id":65301,"date":"2024-07-09T13:42:38","date_gmt":"2024-07-09T11:42:38","guid":{"rendered":"https:\/\/ogrod-powsin.pl\/?p=65301"},"modified":"2024-07-09T13:54:37","modified_gmt":"2024-07-09T11:54:37","slug":"a-morze-koloru-wystawa","status":"publish","type":"post","link":"https:\/\/ogrod.pan.pl\/en\/a-morze-koloru-wystawa\/","title":{"rendered":"AND THE SEA OF COLOR...? -exhibition"},"content":{"rendered":"<p>Starting July 17, we cordially invite you to the Fangorovka gallery for an exhibition of paintings by Ma\u0142gorzata Druska and artistic and applied ceramics by Bo\u017cena Wi\u015blicka and Marcin Witkowski.<br \/>\nThe exhibition will be available from Wednesday to Sunday from 11 a.m. to 5 p.m.<\/p>\n<p><strong>Bo\u017cena Wi\u015blicka<\/strong><br \/>\n<strong>Marcin Witkowski<\/strong><\/p>\n<p>\"We create ceramics,<br \/>\nWhich is an energy carrier.<br \/>\nThis energy flows out of the intense,<br \/>\nexpressive color,<br \/>\nwithout which we cannot imagine<br \/>\nour creativity.\"<\/p>\n<p>The artists have been working together since 1984. They have had numerous solo and group exhibitions around the world. In their studio they create ceramics full of color, represented by unique forms, as well as utilitarian objects and jewelry. The objects are made with mixed techniques, finished with gold and palladium.<\/p>\n<p><strong>Malgorzata Druska<\/strong><\/p>\n<p>\" There's an object and an interior -<br \/>\nThat's where it all starts.<br \/>\nA chest of drawers, a chair, a table...<br \/>\nI open the interior to the world.<br \/>\nYou can see just a sliver of sky and sea there -.<br \/>\nBut that's about it,<br \/>\nHow much my subject needs .\"<\/p>\n<p>The artist is a graduate of the painting department of the Academy of Fine Arts in Warsaw. She defended her diploma in 1986 in Prof. Jacek Sienicki's studio. She has had many solo exhibitions and participated in group exhibitions in Poland and abroad. She paints acrylic paintings.<\/p>\n<p>&nbsp;<\/p>\nngg_shortcode_0_placeholder\n<p>&nbsp;<\/p>\n<p><img loading=\"lazy\" decoding=\"async\" class=\"aligncenter wp-image-65305 size-full\" src=\"https:\/\/ogrod.pan.pl\/wp-content\/uploads\/2024\/07\/a-morze-1-scaled.jpg\" width=\"2560\" height=\"1810\" srcset=\"https:\/\/ogrod.pan.pl\/wp-content\/uploads\/2024\/07\/a-morze-1-scaled.jpg 2560w, https:\/\/ogrod.pan.pl\/wp-content\/uploads\/2024\/07\/a-morze-1-283x200.jpg 283w, https:\/\/ogrod.pan.pl\/wp-content\/uploads\/2024\/07\/a-morze-1-966x683.jpg 966w, https:\/\/ogrod.pan.pl\/wp-content\/uploads\/2024\/07\/a-morze-1-768x543.jpg 768w, https:\/\/ogrod.pan.pl\/wp-content\/uploads\/2024\/07\/a-morze-1-1536x1086.jpg 1536w, https:\/\/ogrod.pan.pl\/wp-content\/uploads\/2024\/07\/a-morze-1-2048x1448.jpg 2048w\" sizes=\"auto, (max-width: 2560px) 100vw, 2560px\" \/><img loading=\"lazy\" decoding=\"async\" class=\"alignnone wp-image-65306 size-full\" src=\"https:\/\/ogrod.pan.pl\/wp-content\/uploads\/2024\/07\/a-morze-scaled.jpg\" width=\"2560\" height=\"1810\" srcset=\"https:\/\/ogrod.pan.pl\/wp-content\/uploads\/2024\/07\/a-morze-scaled.jpg 2560w, https:\/\/ogrod.pan.pl\/wp-content\/uploads\/2024\/07\/a-morze-283x200.jpg 283w, https:\/\/ogrod.pan.pl\/wp-content\/uploads\/2024\/07\/a-morze-966x683.jpg 966w, https:\/\/ogrod.pan.pl\/wp-content\/uploads\/2024\/07\/a-morze-768x543.jpg 768w, https:\/\/ogrod.pan.pl\/wp-content\/uploads\/2024\/07\/a-morze-1536x1086.jpg 1536w, https:\/\/ogrod.pan.pl\/wp-content\/uploads\/2024\/07\/a-morze-2048x1448.jpg 2048w\" sizes=\"auto, (max-width: 2560px) 100vw, 2560px\" \/><\/p>","protected":false},"excerpt":{"rendered":"<p>Od&nbsp; 17 lipca serdecznie zapraszamy do galerii Fangor\u00f3wka&nbsp; na wystaw\u0119 malarstwa Ma\u0142gorzaty Druskiej oraz ceramiki artystycznej i u\u017cytkowej Bo\u017ceny Wi\u015blickiej i Marcina Witkowskiego. Wystawa dost\u0119pna b\u0119dzie od \u015brody do niedzieli w godzinach 11.00-17.00 Bo\u017cena Wi\u015blicka Marcin Witkowski \u201eTworzymy ceramik\u0119, kt\u00f3ra jest no\u015bnikiem energii. Ta energia wyp\u0142ywa z intensywnego, ekspresyjnego koloru, bez kt\u00f3rego nie wyobra\u017camy sobie&#8230;<\/p>","protected":false},"author":13,"featured_media":65303,"comment_status":"closed","ping_status":"closed","sticky":false,"template":"","format":"standard","meta":{"_kad_blocks_custom_css":"","_kad_blocks_head_custom_js":"","_kad_blocks_body_custom_js":"","_kad_blocks_footer_custom_js":"","ngg_post_thumbnail":0,"_kad_post_transparent":"","_kad_post_title":"","_kad_post_layout":"","_kad_post_sidebar_id":"","_kad_post_content_style":"","_kad_post_vertical_padding":"","_kad_post_feature":"","_kad_post_feature_position":"","_kad_post_header":false,"_kad_post_footer":false,"_kad_post_classname":"","footnotes":""},"categories":[1],"tags":[],"class_list":["post-65301","post","type-post","status-publish","format-standard","has-post-thumbnail","hentry","category-aktualnosci"],"taxonomy_info":{"category":[{"value":1,"label":"Aktualno\u015bci"}]},"featured_image_src_large":["https:\/\/ogrod.pan.pl\/wp-content\/uploads\/2024\/07\/cer_ob-1024x536.jpg",1024,536,true],"author_info":{"display_name":"Agnieszka Pfeiffer","author_link":"https:\/\/ogrod.pan.pl\/en\/author\/agnieszka-pfeiffer\/"},"comment_info":0,"category_info":[{"term_id":1,"name":"Aktualno\u015bci","slug":"aktualnosci","term_group":0,"term_taxonomy_id":1,"taxonomy":"category","description":"","parent":0,"count":184,"filter":"raw","term_order":"0","cat_ID":1,"category_count":184,"category_description":"","cat_name":"Aktualno\u015bci","category_nicename":"aktualnosci","category_parent":0}],"tag_info":false,"meta_box":{"mb_document_group":[]},"_links":{"self":[{"href":"https:\/\/ogrod.pan.pl\/en\/wp-json\/wp\/v2\/posts\/65301","targetHints":{"allow":["GET"]}}],"collection":[{"href":"https:\/\/ogrod.pan.pl\/en\/wp-json\/wp\/v2\/posts"}],"about":[{"href":"https:\/\/ogrod.pan.pl\/en\/wp-json\/wp\/v2\/types\/post"}],"author":[{"embeddable":true,"href":"https:\/\/ogrod.pan.pl\/en\/wp-json\/wp\/v2\/users\/13"}],"replies":[{"embeddable":true,"href":"https:\/\/ogrod.pan.pl\/en\/wp-json\/wp\/v2\/comments?post=65301"}],"version-history":[{"count":0,"href":"https:\/\/ogrod.pan.pl\/en\/wp-json\/wp\/v2\/posts\/65301\/revisions"}],"wp:featuredmedia":[{"embeddable":true,"href":"https:\/\/ogrod.pan.pl\/en\/wp-json\/wp\/v2\/media\/65303"}],"wp:attachment":[{"href":"https:\/\/ogrod.pan.pl\/en\/wp-json\/wp\/v2\/media?parent=65301"}],"wp:term":[{"taxonomy":"category","embeddable":true,"href":"https:\/\/ogrod.pan.pl\/en\/wp-json\/wp\/v2\/categories?post=65301"},{"taxonomy":"post_tag","embeddable":true,"href":"https:\/\/ogrod.pan.pl\/en\/wp-json\/wp\/v2\/tags?post=65301"}],"curies":[{"name":"wp","href":"https:\/\/api.w.org\/{rel}","templated":true}]}}