{"id":65238,"date":"2024-07-08T09:16:46","date_gmt":"2024-07-08T07:16:46","guid":{"rendered":"https:\/\/ogrod-powsin.pl\/?p=65238"},"modified":"2024-07-08T14:36:56","modified_gmt":"2024-07-08T12:36:56","slug":"w-swiecie-natury-wystawa","status":"publish","type":"post","link":"https:\/\/ogrod.pan.pl\/en\/w-swiecie-natury-wystawa\/","title":{"rendered":"In the world of nature - exhibition"},"content":{"rendered":"<p>We invite you to an exhibition of works by Anna Dmowska, a Krakow-based artist.<\/p>\n<p>The exhibition is on view until August 31 at the Botanica Cafe&amp;Bistro gallery from 10 am to 6 pm.<\/p>\n<p>When visiting the Garden, be sure to check out the gallery, which is located in a building just off the patio, right behind the ticket offices and the main entrance.<\/p>\n<p>You are cordially invited!<\/p>\n<p><strong>ANNA DMOWSKA<\/strong><\/p>\n<p>Graduate of the Academy of Fine Arts in Cracow, 2010. department of painting.<br \/>\nDiploma in the studio of Prof. A.Wsiolkowski.<\/p>\n<p>The leading theme of my work is nature in the broadest sense - the animal world<br \/>\nand plants. I paint from imagination, based on motifs that exist in nature. The motif, as such, is for me a starting point, a pretext for the creative process and for consideration. In my paintings I pay attention to the interaction of individual color patches. Also important is the color itself, shape, composition and texture. Thanks to the use of various textures, structures, techniques and materials, my paintings can be described as \"dense and fleshy\", at times even slightly three-dimensional. I transpose reality, I do not reproduce it faithfully. This accounts for the fact that my paintings are not only figurative, but also abstract. Thus, categorizing the style of my works can refer to both figurative and abstract art. My works realize both at the same time. Many of my works constitute thematic cycles. However, I treat each of my paintings extremely individually, I see, as an independent unit. Even the smallest detail in my works is important, because it is presented in a conscious manner, the result of intense thought. I have been doing easel painting for many years. I paint paintings in oil and acrylic techniques. Sometimes I combine both techniques. I also do freehand drawing, collage and raster computer graphics. In all these techniques of visual expression I try to maintain stylistic consistency. The stylistics of my work is close to surrealism. You can find in it elements of illustration and fairy tales. All the above-described factors make up the whole of my artwork, which has a unique character and is recognizable<\/p>\nngg_shortcode_0_placeholder<img loading=\"lazy\" decoding=\"async\" class=\"alignnone wp-image-65237 size-full\" src=\"https:\/\/ogrod.pan.pl\/wp-content\/uploads\/2024\/07\/ania2-scaled.jpg\" width=\"1792\" height=\"2560\" srcset=\"https:\/\/ogrod.pan.pl\/wp-content\/uploads\/2024\/07\/ania2-scaled.jpg 1792w, https:\/\/ogrod.pan.pl\/wp-content\/uploads\/2024\/07\/ania2-140x200.jpg 140w, https:\/\/ogrod.pan.pl\/wp-content\/uploads\/2024\/07\/ania2-478x683.jpg 478w, https:\/\/ogrod.pan.pl\/wp-content\/uploads\/2024\/07\/ania2-768x1097.jpg 768w, https:\/\/ogrod.pan.pl\/wp-content\/uploads\/2024\/07\/ania2-1075x1536.jpg 1075w, https:\/\/ogrod.pan.pl\/wp-content\/uploads\/2024\/07\/ania2-1434x2048.jpg 1434w\" sizes=\"auto, (max-width: 1792px) 100vw, 1792px\" \/><\/p>","protected":false},"excerpt":{"rendered":"<p>Zapraszamy na wystaw\u0119 prac krakowskiej artystki &#8211; Anny Dmowskiej. Wystawa dost\u0119pna jest do 31 sierpnia w galerii&nbsp; Botanica Cafe&amp;Bistro w godzinach 10.00-18.00. Odwiedzaj\u0105c Ogr\u00f3d koniecznie trzeba zajrze\u0107 do galerii, kt\u00f3ra mie\u015bci si\u0119 w budynku tu\u017c przy patio, zaraz za kasami i wej\u015bciem g\u0142\u00f3wnym. Serdecznie zapraszamy! ANNA DMOWSKA Absolwentka ASP w Krakowie, 2010. Wydzia\u0142 Malarstwa. Dyplom&#8230;<\/p>","protected":false},"author":13,"featured_media":65255,"comment_status":"closed","ping_status":"closed","sticky":false,"template":"","format":"standard","meta":{"_kad_blocks_custom_css":"","_kad_blocks_head_custom_js":"","_kad_blocks_body_custom_js":"","_kad_blocks_footer_custom_js":"","ngg_post_thumbnail":0,"_kad_post_transparent":"","_kad_post_title":"","_kad_post_layout":"","_kad_post_sidebar_id":"","_kad_post_content_style":"","_kad_post_vertical_padding":"","_kad_post_feature":"","_kad_post_feature_position":"","_kad_post_header":false,"_kad_post_footer":false,"_kad_post_classname":"","footnotes":""},"categories":[1],"tags":[],"class_list":["post-65238","post","type-post","status-publish","format-standard","has-post-thumbnail","hentry","category-aktualnosci"],"taxonomy_info":{"category":[{"value":1,"label":"Aktualno\u015bci"}]},"featured_image_src_large":["https:\/\/ogrod.pan.pl\/wp-content\/uploads\/2024\/07\/ANND-1-1024x536.jpg",1024,536,true],"author_info":{"display_name":"Agnieszka Pfeiffer","author_link":"https:\/\/ogrod.pan.pl\/en\/author\/agnieszka-pfeiffer\/"},"comment_info":0,"category_info":[{"term_id":1,"name":"Aktualno\u015bci","slug":"aktualnosci","term_group":0,"term_taxonomy_id":1,"taxonomy":"category","description":"","parent":0,"count":185,"filter":"raw","term_order":"0","cat_ID":1,"category_count":185,"category_description":"","cat_name":"Aktualno\u015bci","category_nicename":"aktualnosci","category_parent":0}],"tag_info":false,"meta_box":{"mb_document_group":[]},"_links":{"self":[{"href":"https:\/\/ogrod.pan.pl\/en\/wp-json\/wp\/v2\/posts\/65238","targetHints":{"allow":["GET"]}}],"collection":[{"href":"https:\/\/ogrod.pan.pl\/en\/wp-json\/wp\/v2\/posts"}],"about":[{"href":"https:\/\/ogrod.pan.pl\/en\/wp-json\/wp\/v2\/types\/post"}],"author":[{"embeddable":true,"href":"https:\/\/ogrod.pan.pl\/en\/wp-json\/wp\/v2\/users\/13"}],"replies":[{"embeddable":true,"href":"https:\/\/ogrod.pan.pl\/en\/wp-json\/wp\/v2\/comments?post=65238"}],"version-history":[{"count":0,"href":"https:\/\/ogrod.pan.pl\/en\/wp-json\/wp\/v2\/posts\/65238\/revisions"}],"wp:featuredmedia":[{"embeddable":true,"href":"https:\/\/ogrod.pan.pl\/en\/wp-json\/wp\/v2\/media\/65255"}],"wp:attachment":[{"href":"https:\/\/ogrod.pan.pl\/en\/wp-json\/wp\/v2\/media?parent=65238"}],"wp:term":[{"taxonomy":"category","embeddable":true,"href":"https:\/\/ogrod.pan.pl\/en\/wp-json\/wp\/v2\/categories?post=65238"},{"taxonomy":"post_tag","embeddable":true,"href":"https:\/\/ogrod.pan.pl\/en\/wp-json\/wp\/v2\/tags?post=65238"}],"curies":[{"name":"wp","href":"https:\/\/api.w.org\/{rel}","templated":true}]}}