{"id":65141,"date":"2024-07-02T10:36:54","date_gmt":"2024-07-02T08:36:54","guid":{"rendered":"https:\/\/ogrod-powsin.pl\/?p=65141"},"modified":"2024-07-02T15:18:12","modified_gmt":"2024-07-02T13:18:12","slug":"results-of-sakura-competition-in-lens-2024","status":"publish","type":"post","link":"https:\/\/ogrod.pan.pl\/en\/wyniki-konkursu-sakura-w-obiektywie-2024\/","title":{"rendered":"Competition results - SAKURA IN OBJECTIVE 2024"},"content":{"rendered":"<p>On June 30, the Fangorovka gallery hosted an awards ceremony for the photo contest - Sakura in Lens 2024.<br \/>\nThis year, 75 works were submitted for the competition, which was judged by a jury of 6 people, chaired by Prof. Romuald Zabielski.<br \/>\nThe level of all participants was extremely high and equal, so it was extremely difficult to choose the works of those we believe to be the best.<\/p>\n<p>We judged the photographs in three categories:<\/p>\n<ul>\n<li><strong>Cellular<\/strong><\/li>\n<li><strong>Adults \/ works made with a camera<\/strong><\/li>\n<li><strong>Under 18<\/strong><\/li>\n<\/ul>\n<p>Thus, in the category of <strong>Cellular<\/strong> awards were given to:<\/p>\n<p>1st place - Magda Szybiak<br \/>\n2nd place - Maryna Rekish<br \/>\n3rd place - Ursula Chaber<\/p>\n<p>In category<strong> Adults\/Adult Photo:<\/strong><\/p>\n<p>1st place - Ada Dabrowska<br \/>\n2nd place - Lena Snichuk<br \/>\n3rd place - Krzysztof Korzeniewski<\/p>\n<p>In category <strong>Under 18:<\/strong><\/p>\n<p>1st place - Kacper Lepieszka<br \/>\n2nd place - Sofia Astete Kapitanski<br \/>\n3rd place - Adam Ortynsky<\/p>\n<p>We congratulate all winners and invite them to participate in future contests. And for the winners who did not manage to reach us on June 30, prizes are waiting at the Garden's ticket offices - 607 291 501.<\/p>\n<p>In addition, we sincerely thank all this year's participants for their participation and invite them to actively participate in future such projects.<\/p>\n<p>Greetings,<\/p>\n<p>The team of PAN Botanical Garden in Powsin<\/p>\nngg_shortcode_0_placeholder","protected":false},"excerpt":{"rendered":"<p>30 czerwca w galerii Fangor\u00f3wka odby\u0142a si\u0119 uroczysto\u015b\u0107 wr\u0119czenia nagr\u00f3d w konkursie fotograficznym &#8211; Sakura w Obiektywie 2024. W tym roku do konkursu zg\u0142oszono 75 prac, kt\u00f3re ocenia\u0142o 6 osobowe jury pod przewodnictwem prof. Romualda Zabielskiego. Poziom wszystkich uczestnik\u00f3w by\u0142 niezwykle wysoki i wyr\u00f3wnany, dlatego wyb\u00f3r prac tych naszym zdaniem najlepszych by\u0142 niezwykle trudny. Fotografie&#8230;<\/p>","protected":false},"author":13,"featured_media":65165,"comment_status":"closed","ping_status":"closed","sticky":false,"template":"","format":"standard","meta":{"_kad_blocks_custom_css":"","_kad_blocks_head_custom_js":"","_kad_blocks_body_custom_js":"","_kad_blocks_footer_custom_js":"","ngg_post_thumbnail":0,"_kad_post_transparent":"","_kad_post_title":"","_kad_post_layout":"","_kad_post_sidebar_id":"","_kad_post_content_style":"","_kad_post_vertical_padding":"","_kad_post_feature":"","_kad_post_feature_position":"","_kad_post_header":false,"_kad_post_footer":false,"_kad_post_classname":"","footnotes":""},"categories":[1],"tags":[],"class_list":["post-65141","post","type-post","status-publish","format-standard","has-post-thumbnail","hentry","category-aktualnosci"],"taxonomy_info":{"category":[{"value":1,"label":"Aktualno\u015bci"}]},"featured_image_src_large":["https:\/\/ogrod.pan.pl\/wp-content\/uploads\/2024\/07\/WYNIKI-1024x683.jpg",1024,683,true],"author_info":{"display_name":"Agnieszka Pfeiffer","author_link":"https:\/\/ogrod.pan.pl\/en\/author\/agnieszka-pfeiffer\/"},"comment_info":0,"category_info":[{"term_id":1,"name":"Aktualno\u015bci","slug":"aktualnosci","term_group":0,"term_taxonomy_id":1,"taxonomy":"category","description":"","parent":0,"count":184,"filter":"raw","term_order":"0","cat_ID":1,"category_count":184,"category_description":"","cat_name":"Aktualno\u015bci","category_nicename":"aktualnosci","category_parent":0}],"tag_info":false,"meta_box":{"mb_document_group":[]},"_links":{"self":[{"href":"https:\/\/ogrod.pan.pl\/en\/wp-json\/wp\/v2\/posts\/65141","targetHints":{"allow":["GET"]}}],"collection":[{"href":"https:\/\/ogrod.pan.pl\/en\/wp-json\/wp\/v2\/posts"}],"about":[{"href":"https:\/\/ogrod.pan.pl\/en\/wp-json\/wp\/v2\/types\/post"}],"author":[{"embeddable":true,"href":"https:\/\/ogrod.pan.pl\/en\/wp-json\/wp\/v2\/users\/13"}],"replies":[{"embeddable":true,"href":"https:\/\/ogrod.pan.pl\/en\/wp-json\/wp\/v2\/comments?post=65141"}],"version-history":[{"count":0,"href":"https:\/\/ogrod.pan.pl\/en\/wp-json\/wp\/v2\/posts\/65141\/revisions"}],"wp:featuredmedia":[{"embeddable":true,"href":"https:\/\/ogrod.pan.pl\/en\/wp-json\/wp\/v2\/media\/65165"}],"wp:attachment":[{"href":"https:\/\/ogrod.pan.pl\/en\/wp-json\/wp\/v2\/media?parent=65141"}],"wp:term":[{"taxonomy":"category","embeddable":true,"href":"https:\/\/ogrod.pan.pl\/en\/wp-json\/wp\/v2\/categories?post=65141"},{"taxonomy":"post_tag","embeddable":true,"href":"https:\/\/ogrod.pan.pl\/en\/wp-json\/wp\/v2\/tags?post=65141"}],"curies":[{"name":"wp","href":"https:\/\/api.w.org\/{rel}","templated":true}]}}