{"id":59970,"date":"2024-05-20T15:21:41","date_gmt":"2024-05-20T13:21:41","guid":{"rendered":"https:\/\/ogrod-powsin.pl\/?p=59970"},"modified":"2024-05-20T15:30:27","modified_gmt":"2024-05-20T13:30:27","slug":"59970-2","status":"publish","type":"post","link":"https:\/\/ogrod.pan.pl\/en\/59970-2\/","title":{"rendered":"Gates"},"content":{"rendered":"<div class=\"xdj266r x11i5rnm xat24cr x1mh8g0r x1vvkbs x126k92a\">\n<div dir=\"auto\">\"Gate on still open, to passersby announces<\/div>\n<div dir=\"auto\">That she is hospitable and invites everyone into her hospitality ...\"<\/div>\n<div dir=\"auto\">A. Mickiewicz \"Pan Tadeusz\"<\/div>\n<\/div>\n<div class=\"x11i5rnm xat24cr x1mh8g0r x1vvkbs xtlvy1s x126k92a\">\n<div dir=\"auto\">From archival photos, it can be deduced that the Garden was fenced in 1976\/1977. In addition to the fence, gates were built then, and there were five of them at the time. In the beginning, during the construction and set-up of the Garden, they were not open to everyone and only employed workers entered them. Initially, Gate No. 1 - the first one from the entrance from the direction of Klarysew - was used mainly. Currently, this gate is hardly used. Gate No. 2 led to the parking lot for machinery and to the main sewage tank. Later this gate was used by workers to enter. Currently, it is the entrance gate to the parking lot for visitors. Gate No. 3 was used for many years as a service gate, with a gatehouse located next to it, and was sometimes used as a gate for visitors, mainly during fairs. The gate from Wczasowa Street, which does not exist today, was used occasionally during large party acts. The forest gate, on the other hand, gained its greatest importance in 1990, when it could open and invite visitors. At that time, the best way to get to the Garden was by bus to the Cultural Park in Powsin, as there was still no city bus service along Prawdziwka Street. With the development of the Garden, especially its educational and recreational function, there was a need for more entrances to the Garden, and so over the years more gates related to parking were created. Currently, the Garden has eight gates and three parking lots.<\/div>\n<\/div>\n<div class=\"x11i5rnm xat24cr x1mh8g0r x1vvkbs xtlvy1s x126k92a\">\n<div dir=\"auto\"><span class=\"html-span xexx8yu x4uap5 x18d9i69 xkhd6sd x1hl2dhg x16tdsg8 x1vvkbs x3nfvp2 x1j61x8r x1fcty0u xdj266r xhhsvwb xat24cr xgzva0m xxymvpz xlup9mm x1kky2od\"><img loading=\"lazy\" decoding=\"async\" class=\"xz74otr\" src=\"https:\/\/static.xx.fbcdn.net\/images\/emoji.php\/v9\/t1e\/1\/16\/1f33f.png\" alt=\"????\" width=\"16\" height=\"16\"><\/span><span class=\"html-span xexx8yu x4uap5 x18d9i69 xkhd6sd x1hl2dhg x16tdsg8 x1vvkbs x3nfvp2 x1j61x8r x1fcty0u xdj266r xhhsvwb xat24cr xgzva0m xxymvpz xlup9mm x1kky2od\"><img loading=\"lazy\" decoding=\"async\" class=\"xz74otr\" src=\"https:\/\/static.xx.fbcdn.net\/images\/emoji.php\/v9\/t1e\/1\/16\/1f33f.png\" alt=\"????\" width=\"16\" height=\"16\"><\/span><span class=\"html-span xexx8yu x4uap5 x18d9i69 xkhd6sd x1hl2dhg x16tdsg8 x1vvkbs x3nfvp2 x1j61x8r x1fcty0u xdj266r xhhsvwb xat24cr xgzva0m xxymvpz xlup9mm x1kky2od\"><img loading=\"lazy\" decoding=\"async\" class=\"xz74otr\" src=\"https:\/\/static.xx.fbcdn.net\/images\/emoji.php\/v9\/t1e\/1\/16\/1f33f.png\" alt=\"????\" width=\"16\" height=\"16\"><\/span><span class=\"html-span xexx8yu x4uap5 x18d9i69 xkhd6sd x1hl2dhg x16tdsg8 x1vvkbs x3nfvp2 x1j61x8r x1fcty0u xdj266r xhhsvwb xat24cr xgzva0m xxymvpz xlup9mm x1kky2od\"><img loading=\"lazy\" decoding=\"async\" class=\"xz74otr\" src=\"https:\/\/static.xx.fbcdn.net\/images\/emoji.php\/v9\/t1e\/1\/16\/1f33f.png\" alt=\"????\" width=\"16\" height=\"16\"><\/span><\/div>\n<div dir=\"auto\">Anna Gasek<\/div>\n<div dir=\"auto\">&nbsp;<\/div>\n<div dir=\"auto\">ngg_shortcode_0_placeholder<\/div>\n<\/div>","protected":false},"excerpt":{"rendered":"<p>\u201eBrama na wci\u0105\u017c otwarta, przechodniom og\u0142asza \u017be go\u015bcinna i wszystkich w go\u015bcin\u0119 zaprasza \u2026\u201d A. Mickiewicz \u201ePan Tadeusz\u201d Z archiwalnych zdj\u0119\u0107 mo\u017cna wywnioskowa\u0107, \u017ce Ogr\u00f3d zosta\u0142 ogrodzony w latach 1976\/1977. Poza ogrodzeniem powsta\u0142y wtedy r\u00f3wnie\u017c bramy, a by\u0142o ich w\u00f3wczas pi\u0119\u0107. Na pocz\u0105tku, w trakcie trwania budowy i urz\u0105dzania si\u0119 w Ogrodzie, nie by\u0142y one&#8230;<\/p>","protected":false},"author":13,"featured_media":59989,"comment_status":"closed","ping_status":"closed","sticky":false,"template":"","format":"standard","meta":{"_kad_blocks_custom_css":"","_kad_blocks_head_custom_js":"","_kad_blocks_body_custom_js":"","_kad_blocks_footer_custom_js":"","ngg_post_thumbnail":0,"_kad_post_transparent":"","_kad_post_title":"","_kad_post_layout":"","_kad_post_sidebar_id":"","_kad_post_content_style":"","_kad_post_vertical_padding":"","_kad_post_feature":"","_kad_post_feature_position":"","_kad_post_header":false,"_kad_post_footer":false,"_kad_post_classname":"","footnotes":""},"categories":[426],"tags":[],"class_list":["post-59970","post","type-post","status-publish","format-standard","has-post-thumbnail","hentry","category-50-lat-ogrodu"],"taxonomy_info":{"category":[{"value":426,"label":"50 lat Ogrodu"}]},"featured_image_src_large":["https:\/\/ogrod.pan.pl\/wp-content\/uploads\/2024\/05\/437986583_418977720771727_1603273682531040748_n-911x683.jpg",911,683,true],"author_info":{"display_name":"Agnieszka Pfeiffer","author_link":"https:\/\/ogrod.pan.pl\/en\/author\/agnieszka-pfeiffer\/"},"comment_info":0,"category_info":[{"term_id":426,"name":"50 lat Ogrodu","slug":"50-lat-ogrodu","term_group":0,"term_taxonomy_id":426,"taxonomy":"category","description":"","parent":0,"count":46,"filter":"raw","term_order":"0","cat_ID":426,"category_count":46,"category_description":"","cat_name":"50 lat Ogrodu","category_nicename":"50-lat-ogrodu","category_parent":0}],"tag_info":false,"meta_box":{"mb_document_group":[]},"_links":{"self":[{"href":"https:\/\/ogrod.pan.pl\/en\/wp-json\/wp\/v2\/posts\/59970","targetHints":{"allow":["GET"]}}],"collection":[{"href":"https:\/\/ogrod.pan.pl\/en\/wp-json\/wp\/v2\/posts"}],"about":[{"href":"https:\/\/ogrod.pan.pl\/en\/wp-json\/wp\/v2\/types\/post"}],"author":[{"embeddable":true,"href":"https:\/\/ogrod.pan.pl\/en\/wp-json\/wp\/v2\/users\/13"}],"replies":[{"embeddable":true,"href":"https:\/\/ogrod.pan.pl\/en\/wp-json\/wp\/v2\/comments?post=59970"}],"version-history":[{"count":0,"href":"https:\/\/ogrod.pan.pl\/en\/wp-json\/wp\/v2\/posts\/59970\/revisions"}],"wp:featuredmedia":[{"embeddable":true,"href":"https:\/\/ogrod.pan.pl\/en\/wp-json\/wp\/v2\/media\/59989"}],"wp:attachment":[{"href":"https:\/\/ogrod.pan.pl\/en\/wp-json\/wp\/v2\/media?parent=59970"}],"wp:term":[{"taxonomy":"category","embeddable":true,"href":"https:\/\/ogrod.pan.pl\/en\/wp-json\/wp\/v2\/categories?post=59970"},{"taxonomy":"post_tag","embeddable":true,"href":"https:\/\/ogrod.pan.pl\/en\/wp-json\/wp\/v2\/tags?post=59970"}],"curies":[{"name":"wp","href":"https:\/\/api.w.org\/{rel}","templated":true}]}}