{"id":5522,"date":"2025-10-03T09:36:15","date_gmt":"2025-10-03T07:36:15","guid":{"rendered":"https:\/\/ogrodpan.pl\/blog\/?p=5522"},"modified":"2025-12-02T12:32:56","modified_gmt":"2025-12-02T11:32:56","slug":"florystyka-w-rytmie-jesieni","status":"publish","type":"post","link":"https:\/\/ogrod.pan.pl\/blog\/florystyka-w-rytmie-jesieni\/","title":{"rendered":"Florystyka w barwach jesieni"},"content":{"rendered":"<p style=\"text-align: justify;\"><strong>Jesie\u0144 to pora roku, w kt\u00f3rej natura rozpo\u015bciera przed nami swoje najpi\u0119kniejsze p\u0142\u00f3tna. Z\u0142ote li\u015bcie unosz\u0105 si\u0119 w ta\u0144cz\u0105cym wietrze, powietrze nasyca si\u0119 zapachem dojrza\u0142ych owoc\u00f3w, a kwiaty nabieraj\u0105 barw pe\u0142nych g\u0142\u0119bi i melancholijnego uroku. W tej aurze spowolnienia i zadumy florystyka odkrywa sw\u00f3j wyj\u0105tkowy czar, kt\u00f3ry \u0142\u0105czy ciep\u0142o odcieni z harmoni\u0105 naturalnych form, by zatrzyma\u0107 ulotno\u015b\u0107 chwili w bukiecie<\/strong>.<\/p>\n<p style=\"text-align: justify;\">Sezon jesienno-zimowy prowadzi sztuk\u0119 florystyczn\u0105 ku naturalno\u015bci i subtelnej elegancji, w kt\u00f3rej prostota nie wyklucza szlachetno\u015bci. To czas spotkania klasyki z nowoczesno\u015bci\u0105, gdy style naturalistyczne i ekologiczne przeplataj\u0105 si\u0119 z rustykalnym wdzi\u0119kiem i blaskiem delikatnych zdobie\u0144. W kompozycjach inspirowanych skandynawsk\u0105 prostot\u0105 pojawiaj\u0105 si\u0119 ga\u0142\u0105zki igliwia, drzew i krzew\u00f3w, mchy, ale tak\u017ce owoce i zio\u0142a, suszone kwiaty i trawy, kt\u00f3re tworz\u0105 wra\u017cenie bukiet\u00f3w zerwanych prosto z le\u015bnej \u015bcie\u017cki. Z kolei rustykalny glamour \u0142\u0105czy prostot\u0119 lnianych i jutowych wst\u0105\u017cek z migotliwym z\u0142otem, tworz\u0105c subtelny kontrast wiejskiej surowo\u015bci i elegancji.<\/p>\n<p style=\"text-align: justify;\">Obecne trendy nie rezygnuj\u0105 te\u017c z kompozycji monochromatycznych, gdzie jednobarwne bukiety w odcieniach bordo, terakoty czy rdzy, o\u017cywione biel\u0105 i zieleni\u0105, przypominaj\u0105 o sile sp\u00f3jno\u015bci i prostoty. W 2025 roku florystyka k\u0142ania si\u0119 d\u0142ugowieczno\u015bci, coraz cz\u0119\u015bciej si\u0119ga po zestawienia \u015bwie\u017cych kwiat\u00f3w z suszonymi elementami, kt\u00f3re pozwalaj\u0105 zachowa\u0107 pi\u0119kno na d\u0142u\u017cej.<\/p>\n<p style=\"text-align: justify;\">Kolorystyka zdaje si\u0119 czerpa\u0107 od ziemi i nieba. Z g\u0142\u0119bi burgundu, wina i ciemnego bordo p\u0142ynie dostojno\u015b\u0107. Ceg\u0142a i rdzawa pomara\u0144cza ogrzewaj\u0105 serce, musztarda i ochra przywo\u0142uj\u0105 nut\u0119 nostalgii, a le\u015bna ziele\u0144 niesie ze sob\u0105 melancholi\u0119 jesiennych spacer\u00f3w. Ca\u0142o\u015b\u0107 roz\u015bwietlaj\u0105 akcenty z\u0142amanej bieli i ecru, kt\u00f3re jak poranna mg\u0142a otulaj\u0105 kompozycje subteln\u0105 lekko\u015bci\u0105.<\/p>\n<p style=\"text-align: justify;\">Jesie\u0144 przynosi kwiaty o trwa\u0142ych p\u0142atkach i nasyconych, intensywnych kolorach. Teraz kr\u00f3luj\u0105 pe\u0142ne chryzantemy w nowoczesnym wydaniu, uwodzicielskie marcinki i dostojne dalie, energetyczne s\u0142oneczniki i rudbekie, a tak\u017ce powracaj\u0105ce do \u0142ask go\u017adziki. Lekko\u015bci i romantyzmu nadaj\u0105 kompozycjom astrantie, eustomy, jaskry i wrzosy. Obok nich pojawiaj\u0105 si\u0119 suszone trawy, osty i miko\u0142ajki, a tak\u017ce owoce jarz\u0119biny, g\u0142ogu, miniaturowe dynie i jab\u0142ka, kt\u00f3re \u0142\u0105cz\u0105 bukiety z rytmem natury i nadaj\u0105 im swojsko\u015bci.<\/p>\n<p style=\"text-align: justify;\">Wed\u0142ug trendsetter\u00f3w przysz\u0142y rok zapowiada si\u0119 jeszcze bardziej zmys\u0142owo. W 2026 w bukietach rozb\u0142ysn\u0105 metaliczne detale z\u0142ota i miedzi, kontrastuj\u0105ce z matowo\u015bci\u0105 suszonych ro\u015blin. Kolorystycznym t\u0142em stan\u0105 si\u0119 khaki, be\u017ce, kremy i oliwkowe zielenie, uzupe\u0142nione o r\u00f3\u017ce, fiolety, rdz\u0119, musztard\u0119 czy bordo, zestawiane z nutami niebieskiego. Aran\u017cacje dope\u0142ni\u0105 dodatki, ceramiczne i metalowe wazony, lampy o ciep\u0142ych barwach, naczynia o odcieniach z\u0142ota i miedzi, kt\u00f3re wydob\u0119d\u0105 blask z jesiennych kwiat\u00f3w.<\/p>\n<p style=\"text-align: justify;\">Jesie\u0144 nie istnieje bez li\u015bci. W obecnej florystyce staj\u0105 si\u0119 one r\u00f3wnoprawnymi bohaterami kompozycji. Li\u015bcie monstery, eukaliptusa, d\u0119bu czy klonu tworz\u0105 podstaw\u0119 aran\u017cacji, a wybielane lub barwione w z\u0142oto i mied\u017a nadaj\u0105 im elegancji. Malowane w odcieniach ombr\u00e9 od zieleni po rdz\u0119 albo w formie delikatnych \u201eskeleton leaves\u201d wnosz\u0105 lekko\u015b\u0107, pi\u0119knie komponuj\u0105c si\u0119 z trawami. Li\u015bcie magnolii o kontrastowych spodach, aspidistry czy eukaliptusowe ga\u0142\u0105zki dodaj\u0105 nowoczesnym bukietom charakteru, a ruskus w \u015blubnych aran\u017cacjach podkre\u015bla ich subteln\u0105 romantyk\u0119.<\/p>\n<p style=\"text-align: justify;\">Jesienne bukiety, pe\u0142ne kwiat\u00f3w trwa\u0142ych i wdzi\u0119cznych, mog\u0105 cieszy\u0107 oko przez d\u0142ugie dni, je\u015bli otoczymy je trosk\u0105. Wystarczy pami\u0119ta\u0107 o kilku zasadach:<\/p>\n<p>\u2022 wazon powinien by\u0107 czysty, by kwiaty nie ulega\u0142y gniciu<br \/>\n\u2022 woda \u015bwie\u017ca i ch\u0142odna, wymieniana co dzie\u0144 lub dwa, w ilo\u015bci obejmuj\u0105cej jedynie doln\u0105 cz\u0119\u015b\u0107 \u0142odyg<br \/>\n\u2022 \u0142odygi przyci\u0119te ostrym no\u017cem lub sekatorem pod k\u0105tem, skracane co dwa dni<br \/>\n\u2022 li\u015bcie usuni\u0119te z dolnych partii, aby nie zanurza\u0142y si\u0119 w wodzie<br \/>\n\u2022 profesjonalna od\u017cywka florystyczna lub domowa mieszanka wody z odrobin\u0105 cytryny i cukru<br \/>\n\u2022 odpowiednie miejsce \u2013 ch\u0142odne, bez przeci\u0105g\u00f3w, z dala od s\u0142o\u0144ca i owoc\u00f3w<\/p>\n<p style=\"text-align: justify;\">\u015awiat florystyki coraz silniej splata si\u0119 z mod\u0105 i aran\u017cacj\u0105 wn\u0119trz. Pokazy mody od lat inspiruj\u0105 projektant\u00f3w bukiet\u00f3w, kt\u00f3rzy przejmuj\u0105 od nich kolory, faktury i wzory, by tworzy\u0107 \u017cywe interpretacje sukien, tkanin i haft\u00f3w. Jednocze\u015bnie wsp\u00f3\u0142czesne dekoracje ro\u015blinne dostosowuj\u0105 si\u0119 do wn\u0119trz, naturalnych &#8211; pe\u0142nych drewna i lnu, ale i industrialnych, w kt\u00f3rych dominuje szk\u0142o, beton i metal. Tak jak architektura i moda, florystyka poszukuje r\u00f3wnowagi mi\u0119dzy trwa\u0142o\u015bci\u0105 a ulotno\u015bci\u0105, mi\u0119dzy elegancj\u0105 a prostot\u0105 natury.<\/p>\n<p style=\"text-align: justify;\">Jesie\u0144 ju\u017c dawno przesta\u0142a by\u0107 jedynie por\u0105 zadumy. Dzi\u015b jest inspiracj\u0105. To ona podsuwa najpi\u0119kniejsze trendy florystyczne: od naturalistycznych kompozycji o \u201ele\u015bnym\u201d charakterze, przez rustykalny glamour, a\u017c po monochromy i b\u0142ysk metalicznych akcent\u00f3w. Ka\u017cda wi\u0105zanka staje si\u0119 wi\u0119c jesiennym poematem, zatrzymanym w barwach i kszta\u0142tach kwiat\u00f3w. Ma\u0142ym dzie\u0142em sztuki, kt\u00f3re pozwala dotkn\u0105\u0107 uroku przemijania.<\/p>\n<p style=\"text-align: justify;\">Zanurzona w jesieni &#8211; florystka Agnieszka Pfeiffer<\/p>\nngg_shortcode_0_placeholder\n","protected":false},"excerpt":{"rendered":"<p>Jesie\u0144 to pora roku, w kt\u00f3rej natura rozpo\u015bciera przed nami swoje najpi\u0119kniejsze p\u0142\u00f3tna. Z\u0142ote li\u015bcie unosz\u0105 si\u0119 w ta\u0144cz\u0105cym wietrze, powietrze nasyca si\u0119 zapachem dojrza\u0142ych owoc\u00f3w, a kwiaty nabieraj\u0105 barw pe\u0142nych g\u0142\u0119bi i melancholijnego uroku. W tej aurze spowolnienia i zadumy florystyka odkrywa sw\u00f3j wyj\u0105tkowy czar, kt\u00f3ry \u0142\u0105czy ciep\u0142o odcieni z harmoni\u0105 naturalnych form, by&#8230;<\/p>\n","protected":false},"author":10,"featured_media":5523,"comment_status":"closed","ping_status":"closed","sticky":false,"template":"","format":"standard","meta":{"_kad_blocks_custom_css":"","_kad_blocks_head_custom_js":"","_kad_blocks_body_custom_js":"","_kad_blocks_footer_custom_js":"","ngg_post_thumbnail":0,"_kad_post_transparent":"default","_kad_post_title":"default","_kad_post_layout":"default","_kad_post_sidebar_id":"","_kad_post_content_style":"default","_kad_post_vertical_padding":"default","_kad_post_feature":"","_kad_post_feature_position":"","_kad_post_header":false,"_kad_post_footer":false,"_kad_post_classname":"","footnotes":""},"categories":[18,1],"tags":[580,581,582],"class_list":["post-5522","post","type-post","status-publish","format-standard","has-post-thumbnail","hentry","category-blog","category-rozne","tag-agnieszka-pfeiffer","tag-florystyka","tag-warsztaty-florystyczne"],"taxonomy_info":{"category":[{"value":18,"label":"Blog"},{"value":1,"label":"R\u00f3\u017cne"}],"post_tag":[{"value":580,"label":"Agnieszka Pfeiffer"},{"value":581,"label":"florystyka"},{"value":582,"label":"warsztaty florystyczne"}]},"featured_image_src_large":["https:\/\/ogrod.pan.pl\/blog\/wp-content\/uploads\/2025\/10\/1000022749-1024x525.jpg",1024,525,true],"author_info":{"display_name":"login_ap","author_link":"https:\/\/ogrod.pan.pl\/blog\/author\/agnieszka-pfeiffer\/"},"comment_info":0,"category_info":[{"term_id":18,"name":"Blog","slug":"blog","term_group":0,"term_taxonomy_id":18,"taxonomy":"category","description":"","parent":0,"count":56,"filter":"raw","cat_ID":18,"category_count":56,"category_description":"","cat_name":"Blog","category_nicename":"blog","category_parent":0},{"term_id":1,"name":"R\u00f3\u017cne","slug":"rozne","term_group":0,"term_taxonomy_id":1,"taxonomy":"category","description":"","parent":18,"count":46,"filter":"raw","cat_ID":1,"category_count":46,"category_description":"","cat_name":"R\u00f3\u017cne","category_nicename":"rozne","category_parent":18}],"tag_info":[{"term_id":580,"name":"Agnieszka Pfeiffer","slug":"agnieszka-pfeiffer","term_group":0,"term_taxonomy_id":580,"taxonomy":"post_tag","description":"","parent":0,"count":2,"filter":"raw"},{"term_id":581,"name":"florystyka","slug":"florystyka","term_group":0,"term_taxonomy_id":581,"taxonomy":"post_tag","description":"","parent":0,"count":1,"filter":"raw"},{"term_id":582,"name":"warsztaty florystyczne","slug":"warsztaty-florystyczne","term_group":0,"term_taxonomy_id":582,"taxonomy":"post_tag","description":"","parent":0,"count":1,"filter":"raw"}],"_links":{"self":[{"href":"https:\/\/ogrod.pan.pl\/blog\/wp-json\/wp\/v2\/posts\/5522","targetHints":{"allow":["GET"]}}],"collection":[{"href":"https:\/\/ogrod.pan.pl\/blog\/wp-json\/wp\/v2\/posts"}],"about":[{"href":"https:\/\/ogrod.pan.pl\/blog\/wp-json\/wp\/v2\/types\/post"}],"author":[{"embeddable":true,"href":"https:\/\/ogrod.pan.pl\/blog\/wp-json\/wp\/v2\/users\/10"}],"replies":[{"embeddable":true,"href":"https:\/\/ogrod.pan.pl\/blog\/wp-json\/wp\/v2\/comments?post=5522"}],"version-history":[{"count":1,"href":"https:\/\/ogrod.pan.pl\/blog\/wp-json\/wp\/v2\/posts\/5522\/revisions"}],"predecessor-version":[{"id":5746,"href":"https:\/\/ogrod.pan.pl\/blog\/wp-json\/wp\/v2\/posts\/5522\/revisions\/5746"}],"wp:featuredmedia":[{"embeddable":true,"href":"https:\/\/ogrod.pan.pl\/blog\/wp-json\/wp\/v2\/media\/5523"}],"wp:attachment":[{"href":"https:\/\/ogrod.pan.pl\/blog\/wp-json\/wp\/v2\/media?parent=5522"}],"wp:term":[{"taxonomy":"category","embeddable":true,"href":"https:\/\/ogrod.pan.pl\/blog\/wp-json\/wp\/v2\/categories?post=5522"},{"taxonomy":"post_tag","embeddable":true,"href":"https:\/\/ogrod.pan.pl\/blog\/wp-json\/wp\/v2\/tags?post=5522"}],"curies":[{"name":"wp","href":"https:\/\/api.w.org\/{rel}","templated":true}]}}