{"id":475,"date":"2019-02-24T05:17:34","date_gmt":"2019-02-24T04:17:34","guid":{"rendered":"https:\/\/ogrod-powsin.pl\/blog\/?p=475"},"modified":"2019-03-12T23:02:46","modified_gmt":"2019-03-12T22:02:46","slug":"wpis-testowy-galeria-zdjec","status":"publish","type":"post","link":"https:\/\/ogrod.pan.pl\/blog\/wpis-testowy-galeria-zdjec\/","title":{"rendered":"Przedwiosenny spacer fotograficzny"},"content":{"rendered":"\r\n<p style=\"text-align: justify;\">W minion\u0105 sobot\u0119 odby\u0142 si\u0119 w Ogrodzie spacer fotograficzny, kt\u00f3ry poprowadzi\u0142 fotografik Jaros\u0142aw Deluga-G\u00f3ra. Dopisa\u0142a zar\u00f3wno pogoda jak i nastroje. By\u0142o co fotografowa\u0107 i to nie tylko w oran\u017cerii! Czy tymi zdj\u0119ciami po\u017cegnali\u015bmy ju\u017c zim\u0119 na dobre?&#8230; Zapraszamy do obejrzenia kr\u00f3tkiej relacji fotograficznego z tego wydarzenia.<\/p>\r\n\r\n\r\n\r\n[aigpl-gallery id=&#8221;479&#8243;]\r\n<p>&nbsp;<\/p>\r\n","protected":false},"excerpt":{"rendered":"<p>W minion\u0105 sobot\u0119 odby\u0142 si\u0119 w Ogrodzie spacer fotograficzny, kt\u00f3ry poprowadzi\u0142 fotografik Jaros\u0142aw Deluga-G\u00f3ra. Dopisa\u0142a zar\u00f3wno pogoda jak i nastroje. By\u0142o co fotografowa\u0107 i to nie tylko w oran\u017cerii! Czy tymi zdj\u0119ciami po\u017cegnali\u015bmy ju\u017c zim\u0119 na dobre?&#8230; Zapraszamy do obejrzenia kr\u00f3tkiej relacji fotograficznego z tego wydarzenia. [aigpl-gallery id=&#8221;479&#8243;] &nbsp;<\/p>\n","protected":false},"author":6,"featured_media":656,"comment_status":"open","ping_status":"open","sticky":false,"template":"","format":"standard","meta":{"_acf_changed":false,"_kad_blocks_custom_css":"","_kad_blocks_head_custom_js":"","_kad_blocks_body_custom_js":"","_kad_blocks_footer_custom_js":"","ngg_post_thumbnail":0,"_kad_post_transparent":"","_kad_post_title":"","_kad_post_layout":"","_kad_post_sidebar_id":"","_kad_post_content_style":"","_kad_post_vertical_padding":"","_kad_post_feature":"","_kad_post_feature_position":"","_kad_post_header":false,"_kad_post_footer":false,"_kad_post_classname":"","footnotes":""},"categories":[8,10],"tags":[23,25,24,22],"class_list":["post-475","post","type-post","status-publish","format-standard","has-post-thumbnail","hentry","category-edukacja","category-oranzeria","tag-edukacja-w-ogrodzie","tag-ogrod-botaniczny-pan-powsin","tag-oranzeria-zielony-raj","tag-warsztaty-fotograficzne"],"acf":[],"taxonomy_info":{"category":[{"value":8,"label":"Edukacja"},{"value":10,"label":"Oran\u017ceria"}],"post_tag":[{"value":23,"label":"Edukacja w Ogrodzie"},{"value":25,"label":"Ogr\u00f3d Botaniczny PAN Powsin"},{"value":24,"label":"Oran\u017ceria Zielony Raj"},{"value":22,"label":"Warsztaty fotograficzne"}]},"featured_image_src_large":["https:\/\/ogrod.pan.pl\/blog\/wp-content\/uploads\/2019\/01\/2019-02-23_SpacerFoto_04long-1024x167.jpg",1024,167,true],"author_info":{"display_name":"admin_1","author_link":"https:\/\/ogrod.pan.pl\/blog\/author\/admin_1\/"},"comment_info":0,"category_info":[{"term_id":8,"name":"Edukacja","slug":"edukacja","term_group":0,"term_taxonomy_id":8,"taxonomy":"category","description":"","parent":18,"count":30,"filter":"raw","term_order":"0","cat_ID":8,"category_count":30,"category_description":"","cat_name":"Edukacja","category_nicename":"edukacja","category_parent":18},{"term_id":10,"name":"Oran\u017ceria","slug":"oranzeria","term_group":0,"term_taxonomy_id":10,"taxonomy":"category","description":"","parent":18,"count":9,"filter":"raw","term_order":"0","cat_ID":10,"category_count":9,"category_description":"","cat_name":"Oran\u017ceria","category_nicename":"oranzeria","category_parent":18}],"tag_info":[{"term_id":23,"name":"Edukacja w Ogrodzie","slug":"edukacja-w-ogrodzie","term_group":0,"term_taxonomy_id":23,"taxonomy":"post_tag","description":"","parent":0,"count":1,"filter":"raw","term_order":"0"},{"term_id":25,"name":"Ogr\u00f3d Botaniczny PAN Powsin","slug":"ogrod-botaniczny-pan-powsin","term_group":0,"term_taxonomy_id":25,"taxonomy":"post_tag","description":"","parent":0,"count":18,"filter":"raw","term_order":"0"},{"term_id":24,"name":"Oran\u017ceria Zielony Raj","slug":"oranzeria-zielony-raj","term_group":0,"term_taxonomy_id":24,"taxonomy":"post_tag","description":"","parent":0,"count":1,"filter":"raw","term_order":"0"},{"term_id":22,"name":"Warsztaty fotograficzne","slug":"warsztaty-fotograficzne","term_group":0,"term_taxonomy_id":22,"taxonomy":"post_tag","description":"","parent":0,"count":1,"filter":"raw","term_order":"0"}],"_links":{"self":[{"href":"https:\/\/ogrod.pan.pl\/blog\/wp-json\/wp\/v2\/posts\/475","targetHints":{"allow":["GET"]}}],"collection":[{"href":"https:\/\/ogrod.pan.pl\/blog\/wp-json\/wp\/v2\/posts"}],"about":[{"href":"https:\/\/ogrod.pan.pl\/blog\/wp-json\/wp\/v2\/types\/post"}],"author":[{"embeddable":true,"href":"https:\/\/ogrod.pan.pl\/blog\/wp-json\/wp\/v2\/users\/6"}],"replies":[{"embeddable":true,"href":"https:\/\/ogrod.pan.pl\/blog\/wp-json\/wp\/v2\/comments?post=475"}],"version-history":[{"count":0,"href":"https:\/\/ogrod.pan.pl\/blog\/wp-json\/wp\/v2\/posts\/475\/revisions"}],"wp:featuredmedia":[{"embeddable":true,"href":"https:\/\/ogrod.pan.pl\/blog\/wp-json\/wp\/v2\/media\/656"}],"wp:attachment":[{"href":"https:\/\/ogrod.pan.pl\/blog\/wp-json\/wp\/v2\/media?parent=475"}],"wp:term":[{"taxonomy":"category","embeddable":true,"href":"https:\/\/ogrod.pan.pl\/blog\/wp-json\/wp\/v2\/categories?post=475"},{"taxonomy":"post_tag","embeddable":true,"href":"https:\/\/ogrod.pan.pl\/blog\/wp-json\/wp\/v2\/tags?post=475"}],"curies":[{"name":"wp","href":"https:\/\/api.w.org\/{rel}","templated":true}]}}