{"id":4551,"date":"2023-10-17T09:58:46","date_gmt":"2023-10-17T07:58:46","guid":{"rendered":"https:\/\/ogrod-powsin.pl\/blog\/?p=4551"},"modified":"2024-02-06T08:48:00","modified_gmt":"2024-02-06T07:48:00","slug":"dyniowe-giganty-w-ogrodzie-botanicznym-w-powsinie","status":"publish","type":"post","link":"https:\/\/ogrod.pan.pl\/blog\/dyniowe-giganty-w-ogrodzie-botanicznym-w-powsinie\/","title":{"rendered":"Dyniowe giganty w Powsinie"},"content":{"rendered":"<p style=\"text-align: justify;\">Do II Konkursu na najwi\u0119ksz\u0105 dyni\u0119, kt\u00f3rego fina\u0142 odby\u0142 si\u0119 14 pa\u017adziernika 2023 r., zg\u0142oszono 7 dy\u0144 w kategorii doro\u015bli i 2 w kategorii dzieci. Rywalizacja by\u0142a niezwykle emocjonuj\u0105ca, bo do ko\u0144ca nie by\u0142o wiadomo, jak wypadnie wa\u017cenie.<\/p>\n<p style=\"text-align: justify;\">W tym roku pad\u0142 nowy rekord, kt\u00f3ry zosta\u0142 ustanowiony przez pana Mateusza D\u0105browskiego, kt\u00f3ry wyhodowa\u0142 imponuj\u0105c\u0105 dyni\u0119 o imieniu Dorotka o wadze 907 kg. Za to osi\u0105gni\u0119cie pan Mateusz zdoby\u0142 Nagrod\u0119 G\u0142\u00f3wn\u0105 Dyrektora Ogrodu Botanicznego Polskiej Akademii Nauk w Powsinie o warto\u015bci 4000 z\u0142.<\/p>\n<p style=\"text-align: justify;\">Pozosta\u0142e nagrody w kategorii \u201edoro\u015bli\u201d zdobyli:<\/p>\n<p>II miejsce (nagroda o warto\u015bci 3000 z\u0142) \u2013 Marcin Brylowski i dynia \u201eZuza\u201d o wadze 492 kg;<br \/>\nIII miejsce (nagroda o warto\u015bci 2000 z\u0142) \u2013 Maciej Molek i dynia \u201eNel\u201d wa\u017c\u0105ca 470 kg;<br \/>\nIV miejsce (nagroda o warto\u015bci 1500 z\u0142) \u2013 Marcin St\u0119pie\u0144, kt\u00f3ry wyhodowa\u0142 dyni\u0119 \u201eMatylda\u201d o wadze 445 kg;<br \/>\nV miejsce (nagroda o warto\u015bci 1000 z\u0142) \u2013 Wojciech Skibi\u0144ski za dyni\u0119 \u201ePamela\u201d o wadze 340 kg.<\/p>\n<p style=\"text-align: justify;\">Wyr\u00f3\u017cnienia (750 z\u0142 i 500 z\u0142) otrzymali Adam Jurczuk za dyni\u0119 \u201eElisabeth\u201d wa\u017c\u0105c\u0105 221 kg oraz Grzegorz Bylicki za dyni\u0119 \u201e<span class=\"hiddenSpellError\">Golia\u0161<\/span>\u201d o masie 70,5 kg.<\/p>\n<p style=\"text-align: justify;\">Niech te wyniki stanowi\u0105 motywacj\u0119 do dalszego rozwijania swoich umiej\u0119tno\u015bci w uprawie dy\u0144.<\/p>\n<p style=\"text-align: justify;\">W kategorii \u201edzieci\u201d r\u00f3wnie\u017c docenili\u015bmy zaanga\u017cowanie i wysi\u0142ek. Zwyci\u0119zcami zostali: team Tereska, Igna\u015b i Ma\u0142gosia Filipowicz za wyhodowanie dyni \u201eTim\u201d o wadze 21 kg oraz Adam <span class=\"hiddenSpellError\">Orty\u0144ski<\/span> za dyni\u0119 \u201eCiapek\u201d wa\u017c\u0105c\u0105 6,5 kg.<\/p>\n<p style=\"text-align: justify;\">Serdecznie dzi\u0119kujemy za udzia\u0142. Gratulujemy wszystkim uczestnikom i zach\u0119camy do udzia\u0142u w kolejnych edycjach konkursu.<\/p>\n<p><img loading=\"lazy\" decoding=\"async\" class=\"aligncenter wp-image-37867 size-large\" src=\"https:\/\/ogrod-powsin.pl\/wp-content\/uploads\/2023\/10\/DSCF2328-1009x683.jpg\" width=\"1009\" height=\"683\"><\/p>\n<p><img loading=\"lazy\" decoding=\"async\" class=\"aligncenter wp-image-37854 size-large\" src=\"https:\/\/ogrod-powsin.pl\/wp-content\/uploads\/2023\/10\/384272370_313249694677864_6669090209993806010_n-911x683.jpg\" width=\"911\" height=\"683\"><img loading=\"lazy\" decoding=\"async\" class=\"alignnone wp-image-37886\" src=\"https:\/\/ogrod-powsin.pl\/wp-content\/uploads\/2023\/10\/DSCF1884-278x200.jpg\" width=\"390\" height=\"280\"> <img loading=\"lazy\" decoding=\"async\" class=\"alignnone wp-image-37885\" src=\"https:\/\/ogrod-powsin.pl\/wp-content\/uploads\/2023\/10\/DSCF1886-297x200.jpg\" width=\"416\" height=\"280\"><img loading=\"lazy\" decoding=\"async\" class=\"alignnone wp-image-37884\" src=\"https:\/\/ogrod-powsin.pl\/wp-content\/uploads\/2023\/10\/DSCF1888-283x200.jpg\" width=\"397\" height=\"280\"> <img loading=\"lazy\" decoding=\"async\" class=\"alignnone wp-image-37883\" src=\"https:\/\/ogrod-powsin.pl\/wp-content\/uploads\/2023\/10\/DSCF2046-300x200.jpg\" width=\"420\" height=\"280\"><\/p>\n<p><img loading=\"lazy\" decoding=\"async\" class=\"aligncenter wp-image-37877 size-large\" src=\"https:\/\/ogrod-powsin.pl\/wp-content\/uploads\/2023\/10\/DSCF2152-978x683.jpg\" width=\"978\" height=\"683\"><\/p>\n<p><img loading=\"lazy\" decoding=\"async\" class=\"aligncenter wp-image-37858 size-large\" src=\"https:\/\/ogrod-powsin.pl\/wp-content\/uploads\/2023\/10\/387877575_313250108011156_276453275357669029_n-911x683.jpg\" width=\"911\" height=\"683\"><\/p>\n<p><img loading=\"lazy\" decoding=\"async\" class=\"aligncenter wp-image-37871 size-large\" src=\"https:\/\/ogrod-powsin.pl\/wp-content\/uploads\/2023\/10\/DSCF2287-1024x683.jpg\" width=\"1024\" height=\"683\"><\/p>\n<p><img loading=\"lazy\" decoding=\"async\" class=\"aligncenter wp-image-37873 size-large\" src=\"https:\/\/ogrod-powsin.pl\/wp-content\/uploads\/2023\/10\/DSCF2273-959x683.jpg\" width=\"959\" height=\"683\"><img loading=\"lazy\" decoding=\"async\" class=\"alignnone wp-image-37872\" src=\"https:\/\/ogrod-powsin.pl\/wp-content\/uploads\/2023\/10\/DSCF2266-300x195.jpg\" width=\"416\" height=\"270\"><img loading=\"lazy\" decoding=\"async\" class=\"alignnone wp-image-37868\" src=\"https:\/\/ogrod-powsin.pl\/wp-content\/uploads\/2023\/10\/DSCF2255-300x200.jpg\" width=\"407\" height=\"270\"><img loading=\"lazy\" decoding=\"async\" class=\"alignnone wp-image-37869\" src=\"https:\/\/ogrod-powsin.pl\/wp-content\/uploads\/2023\/10\/DSCF2252-300x186.jpg\" width=\"403\" height=\"250\"><img loading=\"lazy\" decoding=\"async\" class=\"alignnone wp-image-37870\" src=\"https:\/\/ogrod-powsin.pl\/wp-content\/uploads\/2023\/10\/DSCF2240-300x185.jpg\" width=\"406\" height=\"250\"><img loading=\"lazy\" decoding=\"async\" class=\"alignnone wp-image-37874\" src=\"https:\/\/ogrod-powsin.pl\/wp-content\/uploads\/2023\/10\/DSCF2237-293x200.jpg\" width=\"396\" height=\"270\"><img loading=\"lazy\" decoding=\"async\" class=\"alignnone wp-image-37875\" src=\"https:\/\/ogrod-powsin.pl\/wp-content\/uploads\/2023\/10\/DSCF2218-300x196.jpg\" width=\"413\" height=\"270\"><\/p>\n<p>&nbsp;<\/p>\n","protected":false},"excerpt":{"rendered":"<p>Do II Konkursu na najwi\u0119ksz\u0105 dyni\u0119, kt\u00f3rego fina\u0142 odby\u0142 si\u0119 14 pa\u017adziernika 2023 r., zg\u0142oszono 7 dy\u0144 w kategorii doro\u015bli i 2 w kategorii dzieci. Rywalizacja by\u0142a niezwykle emocjonuj\u0105ca, bo do ko\u0144ca nie by\u0142o wiadomo, jak wypadnie wa\u017cenie. W tym roku pad\u0142 nowy rekord, kt\u00f3ry zosta\u0142 ustanowiony przez pana Mateusza D\u0105browskiego, kt\u00f3ry wyhodowa\u0142 imponuj\u0105c\u0105 dyni\u0119&#8230;<\/p>\n","protected":false},"author":9,"featured_media":4554,"comment_status":"closed","ping_status":"closed","sticky":false,"template":"","format":"standard","meta":{"_acf_changed":false,"_kad_blocks_custom_css":"","_kad_blocks_head_custom_js":"","_kad_blocks_body_custom_js":"","_kad_blocks_footer_custom_js":"","ngg_post_thumbnail":0,"_kad_post_transparent":"","_kad_post_title":"","_kad_post_layout":"","_kad_post_sidebar_id":"","_kad_post_content_style":"","_kad_post_vertical_padding":"","_kad_post_feature":"","_kad_post_feature_position":"","_kad_post_header":false,"_kad_post_footer":false,"_kad_post_classname":"","footnotes":""},"categories":[1,34,19],"tags":[],"class_list":["post-4551","post","type-post","status-publish","format-standard","has-post-thumbnail","hentry","category-rozne","category-w-naszym-ogrodzie","category-news"],"acf":[],"taxonomy_info":{"category":[{"value":1,"label":"R\u00f3\u017cne"},{"value":34,"label":"W naszym Ogrodzie"},{"value":19,"label":"Wydarzenia"}]},"featured_image_src_large":["https:\/\/ogrod.pan.pl\/blog\/wp-content\/uploads\/2023\/10\/konkurs_najwieksza_dynia.jpg",625,417,false],"author_info":{"display_name":"Eliza Jod\u0142owska","author_link":"https:\/\/ogrod.pan.pl\/blog\/author\/admin_2\/"},"comment_info":0,"category_info":[{"term_id":1,"name":"R\u00f3\u017cne","slug":"rozne","term_group":0,"term_taxonomy_id":1,"taxonomy":"category","description":"","parent":18,"count":46,"filter":"raw","term_order":"0","cat_ID":1,"category_count":46,"category_description":"","cat_name":"R\u00f3\u017cne","category_nicename":"rozne","category_parent":18},{"term_id":34,"name":"W naszym Ogrodzie","slug":"w-naszym-ogrodzie","term_group":0,"term_taxonomy_id":34,"taxonomy":"category","description":"","parent":18,"count":65,"filter":"raw","term_order":"0","cat_ID":34,"category_count":65,"category_description":"","cat_name":"W naszym Ogrodzie","category_nicename":"w-naszym-ogrodzie","category_parent":18},{"term_id":19,"name":"Wydarzenia","slug":"news","term_group":0,"term_taxonomy_id":19,"taxonomy":"category","description":"","parent":18,"count":27,"filter":"raw","term_order":"0","cat_ID":19,"category_count":27,"category_description":"","cat_name":"Wydarzenia","category_nicename":"news","category_parent":18}],"tag_info":false,"_links":{"self":[{"href":"https:\/\/ogrod.pan.pl\/blog\/wp-json\/wp\/v2\/posts\/4551","targetHints":{"allow":["GET"]}}],"collection":[{"href":"https:\/\/ogrod.pan.pl\/blog\/wp-json\/wp\/v2\/posts"}],"about":[{"href":"https:\/\/ogrod.pan.pl\/blog\/wp-json\/wp\/v2\/types\/post"}],"author":[{"embeddable":true,"href":"https:\/\/ogrod.pan.pl\/blog\/wp-json\/wp\/v2\/users\/9"}],"replies":[{"embeddable":true,"href":"https:\/\/ogrod.pan.pl\/blog\/wp-json\/wp\/v2\/comments?post=4551"}],"version-history":[{"count":0,"href":"https:\/\/ogrod.pan.pl\/blog\/wp-json\/wp\/v2\/posts\/4551\/revisions"}],"wp:featuredmedia":[{"embeddable":true,"href":"https:\/\/ogrod.pan.pl\/blog\/wp-json\/wp\/v2\/media\/4554"}],"wp:attachment":[{"href":"https:\/\/ogrod.pan.pl\/blog\/wp-json\/wp\/v2\/media?parent=4551"}],"wp:term":[{"taxonomy":"category","embeddable":true,"href":"https:\/\/ogrod.pan.pl\/blog\/wp-json\/wp\/v2\/categories?post=4551"},{"taxonomy":"post_tag","embeddable":true,"href":"https:\/\/ogrod.pan.pl\/blog\/wp-json\/wp\/v2\/tags?post=4551"}],"curies":[{"name":"wp","href":"https:\/\/api.w.org\/{rel}","templated":true}]}}