{"id":4346,"date":"2023-06-12T09:39:01","date_gmt":"2023-06-12T07:39:01","guid":{"rendered":"https:\/\/ogrod-powsin.pl\/blog\/?p=4346"},"modified":"2024-02-06T08:42:41","modified_gmt":"2024-02-06T07:42:41","slug":"w-czerwcowe-groszki","status":"publish","type":"post","link":"https:\/\/ogrod.pan.pl\/blog\/w-czerwcowe-groszki\/","title":{"rendered":"W czerwcowe groszki"},"content":{"rendered":"<p><strong>W czerwcowe groszki<\/strong><\/p>\n<p>Masz takie oczy zielone<br \/>\nZielone jak letni wiatr<br \/>\nZaczarowanych las\u00f3w<br \/>\nI zaczarowanych malw<br \/>\nDla ciebie ma\u0142y ogrodnik<br \/>\nZasadzi\u0142 groszk\u00f3w tysi\u0105c \u2026<\/p>\n<p>\u2026 I odt\u0105d pod oknem twoim<br \/>\nI groszki kwitn\u0105 i r\u00f3\u017ce<br \/>\nNa mod\u0142\u0119 wiotkich powoi<br \/>\nPn\u0105 si\u0119 i pn\u0105 po murze \u2026<\/p>\n<p>Julian Kacper,<br \/>\nHenryk Rostworowski<\/p>\n<p style=\"text-align: justify;\">W czerwcu w ogrodach roztaczaj\u0105 wo\u0144 letnie groszki pachn\u0105ce, a w lasach, na \u0142\u0105kach, polach, murawach i wydmach wychylaj\u0105 ku s\u0142o\u0144cu swoje kwiaty oraz szukaj\u0105 podpory zielone w\u0105sy czepne naszych rodzimych groszk\u00f3w.<\/p>\n<p style=\"text-align: justify;\">Specyficzn\u0105 budow\u0119 kwiatu u groszk\u00f3w opisa\u0142am przy groszkach majowych, a teraz nale\u017cy si\u0119 przyjrze\u0107 budowie groszkowego li\u015bcia.<\/p>\n<p style=\"text-align: justify;\"><strong>Li\u015bcie u groszk\u00f3w<\/strong> s\u0105 pierzastoz\u0142o\u017cone, o szczytowej parze listk\u00f3w cz\u0119sto przekszta\u0142conych w w\u0105sy czepne. Listki, z kt\u00f3rych sk\u0142ada si\u0119 li\u015b\u0107 maj\u0105 kszta\u0142t od jajowatego poprzez pod\u0142ugowaty, lancetowaty do r\u00f3wnow\u0105skiego i jest ich od 2 do 10, ale u niekt\u00f3rych gatunk\u00f3w s\u0105 zredukowane i funkcj\u0119 asymilacyjn\u0105 pe\u0142ni\u0105 li\u015bciaki, czyli sp\u0142aszczone ogonki li\u015bciowe. U groszk\u00f3w rzadko zdarzaj\u0105 si\u0119 li\u015bcie pojedyncze, trawiaste. Listki zako\u0144czone s\u0105 ko\u0144czykiem, czyli wyra\u017anym ostrym zako\u0144czeniem lub ostrym wypustkiem na ko\u0144cu blaszki li\u015bciowej. Przylistki, czyli organy wykszta\u0142caj\u0105ce si\u0119 po obu stronach nasady ogonka li\u015bciowego lub li\u015bcia siedz\u0105cego, s\u0105 strza\u0142kowate, zwykle mniejsze od listk\u00f3w, ale u niekt\u00f3rych gatunk\u00f3w bywaj\u0105 okaza\u0142e.<\/p>\n<p style=\"text-align: justify;\"><strong>Groszek czerniej\u0105cy (<em>Lathyrus niger<\/em>)<\/strong>&nbsp;<\/p>\n<p><img loading=\"lazy\" decoding=\"async\" class=\"aligncenter wp-image-4350 size-large\" src=\"https:\/\/ogrod.pan.pl\/blog\/wp-content\/uploads\/2023\/06\/001.-Groszek-czerniejacy-1024x724.jpg\" alt=\"\" width=\"1024\" height=\"724\" srcset=\"https:\/\/ogrod.pan.pl\/blog\/wp-content\/uploads\/2023\/06\/001.-Groszek-czerniejacy-1024x724.jpg 1024w, https:\/\/ogrod.pan.pl\/blog\/wp-content\/uploads\/2023\/06\/001.-Groszek-czerniejacy-300x212.jpg 300w, https:\/\/ogrod.pan.pl\/blog\/wp-content\/uploads\/2023\/06\/001.-Groszek-czerniejacy-768x543.jpg 768w, https:\/\/ogrod.pan.pl\/blog\/wp-content\/uploads\/2023\/06\/001.-Groszek-czerniejacy-1536x1086.jpg 1536w, https:\/\/ogrod.pan.pl\/blog\/wp-content\/uploads\/2023\/06\/001.-Groszek-czerniejacy.jpg 1754w\" sizes=\"auto, (max-width: 1024px) 100vw, 1024px\" \/><\/p>\n<p><img loading=\"lazy\" decoding=\"async\" class=\"aligncenter wp-image-4351 size-large\" src=\"https:\/\/ogrod.pan.pl\/blog\/wp-content\/uploads\/2023\/06\/002.-Kwiaty-groszku-czerniejacego-1024x724.jpg\" alt=\"\" width=\"1024\" height=\"724\" srcset=\"https:\/\/ogrod.pan.pl\/blog\/wp-content\/uploads\/2023\/06\/002.-Kwiaty-groszku-czerniejacego-1024x724.jpg 1024w, https:\/\/ogrod.pan.pl\/blog\/wp-content\/uploads\/2023\/06\/002.-Kwiaty-groszku-czerniejacego-300x212.jpg 300w, https:\/\/ogrod.pan.pl\/blog\/wp-content\/uploads\/2023\/06\/002.-Kwiaty-groszku-czerniejacego-768x543.jpg 768w, https:\/\/ogrod.pan.pl\/blog\/wp-content\/uploads\/2023\/06\/002.-Kwiaty-groszku-czerniejacego-1536x1086.jpg 1536w, https:\/\/ogrod.pan.pl\/blog\/wp-content\/uploads\/2023\/06\/002.-Kwiaty-groszku-czerniejacego.jpg 1754w\" sizes=\"auto, (max-width: 1024px) 100vw, 1024px\" \/><\/p>\n<p>&nbsp;<\/p>\n<p style=\"text-align: justify;\">&nbsp;<\/p>\n<p style=\"text-align: justify;\">Wyst\u0119puje na terenie ca\u0142ej Polski. Jest bylin\u0105 o sztywnych wzniesionych p\u0119dach o wysoko\u015bci od 30 do 100 cm. <em>Li\u015bcie na spodniej stronie sinozielone, listk\u00f3w od 4 do 8 par. Ro\u015bliny w miejscu z\u0142amania i podczas suszenia czerniej\u0105. Kwiaty r\u00f3\u017cowe z ciemniejszym \u017cy\u0142kowaniem, w cza<\/em><em>sie przekwitania zmieniaj\u0105 barw\u0119 na niebiesk\u0105. Najcz\u0119\u015bciej mo\u017cna go spotka\u0107 w <\/em>lasach li\u015bciastych, na obrze\u017cach las\u00f3w i w zakrzewieniach.<\/p>\n<p style=\"text-align: justify;\">W Kolekcji flory Polski groszek czerniej\u0105cy ro\u015bnie na skarpie w lesie przy stawach.<\/p>\n<p>&nbsp;<\/p>\n<p style=\"text-align: left;\"><strong>Groszek panno\u0144ski (<em>Lathyrus <\/em>pannonicus)<\/strong><\/p>\n<p style=\"text-align: left;\"><img loading=\"lazy\" decoding=\"async\" class=\"aligncenter wp-image-4352 size-large\" src=\"https:\/\/ogrod.pan.pl\/blog\/wp-content\/uploads\/2023\/06\/003.Groszek-pannonski-724x1024.jpg\" alt=\"\" width=\"724\" height=\"1024\" srcset=\"https:\/\/ogrod.pan.pl\/blog\/wp-content\/uploads\/2023\/06\/003.Groszek-pannonski-724x1024.jpg 724w, https:\/\/ogrod.pan.pl\/blog\/wp-content\/uploads\/2023\/06\/003.Groszek-pannonski-212x300.jpg 212w, https:\/\/ogrod.pan.pl\/blog\/wp-content\/uploads\/2023\/06\/003.Groszek-pannonski-768x1086.jpg 768w, https:\/\/ogrod.pan.pl\/blog\/wp-content\/uploads\/2023\/06\/003.Groszek-pannonski-1086x1536.jpg 1086w, https:\/\/ogrod.pan.pl\/blog\/wp-content\/uploads\/2023\/06\/003.Groszek-pannonski.jpg 1240w\" sizes=\"auto, (max-width: 724px) 100vw, 724px\" \/><\/p>\n<p style=\"text-align: left;\"><img loading=\"lazy\" decoding=\"async\" class=\"aligncenter wp-image-4353 size-large\" src=\"https:\/\/ogrod.pan.pl\/blog\/wp-content\/uploads\/2023\/06\/004.-Kwiaty-groszku-pannonskiego-1024x724.jpg\" alt=\"\" width=\"1024\" height=\"724\" srcset=\"https:\/\/ogrod.pan.pl\/blog\/wp-content\/uploads\/2023\/06\/004.-Kwiaty-groszku-pannonskiego-1024x724.jpg 1024w, https:\/\/ogrod.pan.pl\/blog\/wp-content\/uploads\/2023\/06\/004.-Kwiaty-groszku-pannonskiego-300x212.jpg 300w, https:\/\/ogrod.pan.pl\/blog\/wp-content\/uploads\/2023\/06\/004.-Kwiaty-groszku-pannonskiego-768x543.jpg 768w, https:\/\/ogrod.pan.pl\/blog\/wp-content\/uploads\/2023\/06\/004.-Kwiaty-groszku-pannonskiego-1536x1086.jpg 1536w, https:\/\/ogrod.pan.pl\/blog\/wp-content\/uploads\/2023\/06\/004.-Kwiaty-groszku-pannonskiego.jpg 1754w\" sizes=\"auto, (max-width: 1024px) 100vw, 1024px\" \/><\/p>\n<p style=\"text-align: justify;\">ulotny jak mgie\u0142ka w swej delikatnej budowie jak r\u00f3wnie\u017c niezwykle rzadko wyst\u0119puj\u0105cy na terenie Polski, jego stanowisko znane jest tylko z Ponidzia, wi\u0119c gatunek otrzyma\u0142 status wymieraj\u0105cego. Ro\u015bnie w <em>ciep\u0142ych, nas\u0142onecznionych murawach o charakterze stepowym. Jest bylin\u0105 o <\/em>sztywnych, wzniesionych lub podnosz\u0105cych si\u0119 p\u0119dach, wysoko\u015bci 20-60\u202fcm. Li\u015bcie sk\u0142adaj\u0105 si\u0119 z 2-4 par listk\u00f3w do 5 mm szeroko\u015bci i nie posiadaj\u0105 w\u0105s\u00f3w czepnych. Kwiaty s\u0105 bia\u0142awe, kremowe do jasno\u017c\u00f3\u0142tych, zebrane w groniasty kwiatostan sk\u0142adaj\u0105cy si\u0119 z 3 do 9 kwiat\u00f3w. Kwitnie od maja do czerwca.<\/p>\n<p style=\"text-align: justify;\">W Kolekcji flory Polski ro\u015bnie na rabacie s\u0142onecznej naprzeciwko kolekcji ro\u015blin g\u00f3rskich.<\/p>\n<p style=\"text-align: left;\">&nbsp;<\/p>\n<p style=\"text-align: left;\"><strong>Groszek nadmorski (<em>Lathyrus japonicus<\/em> subsp. <em>maritimus<\/em>) <\/strong><\/p>\n<p style=\"text-align: left;\"><img loading=\"lazy\" decoding=\"async\" class=\"aligncenter wp-image-4354 size-large\" src=\"https:\/\/ogrod.pan.pl\/blog\/wp-content\/uploads\/2023\/06\/005.-Groszek-nadmorski-i-lisc-z-kinczykiem-724x1024.jpg\" alt=\"\" width=\"724\" height=\"1024\" srcset=\"https:\/\/ogrod.pan.pl\/blog\/wp-content\/uploads\/2023\/06\/005.-Groszek-nadmorski-i-lisc-z-kinczykiem-724x1024.jpg 724w, https:\/\/ogrod.pan.pl\/blog\/wp-content\/uploads\/2023\/06\/005.-Groszek-nadmorski-i-lisc-z-kinczykiem-212x300.jpg 212w, https:\/\/ogrod.pan.pl\/blog\/wp-content\/uploads\/2023\/06\/005.-Groszek-nadmorski-i-lisc-z-kinczykiem-768x1086.jpg 768w, https:\/\/ogrod.pan.pl\/blog\/wp-content\/uploads\/2023\/06\/005.-Groszek-nadmorski-i-lisc-z-kinczykiem-1086x1536.jpg 1086w, https:\/\/ogrod.pan.pl\/blog\/wp-content\/uploads\/2023\/06\/005.-Groszek-nadmorski-i-lisc-z-kinczykiem.jpg 1240w\" sizes=\"auto, (max-width: 724px) 100vw, 724px\" \/><\/p>\n<p style=\"text-align: left;\"><img loading=\"lazy\" decoding=\"async\" class=\"aligncenter wp-image-4355 size-large\" src=\"https:\/\/ogrod.pan.pl\/blog\/wp-content\/uploads\/2023\/06\/006.-Was-czepny-u-groszku-nadmorskiego-1024x724.jpg\" alt=\"\" width=\"1024\" height=\"724\" srcset=\"https:\/\/ogrod.pan.pl\/blog\/wp-content\/uploads\/2023\/06\/006.-Was-czepny-u-groszku-nadmorskiego-1024x724.jpg 1024w, https:\/\/ogrod.pan.pl\/blog\/wp-content\/uploads\/2023\/06\/006.-Was-czepny-u-groszku-nadmorskiego-300x212.jpg 300w, https:\/\/ogrod.pan.pl\/blog\/wp-content\/uploads\/2023\/06\/006.-Was-czepny-u-groszku-nadmorskiego-768x543.jpg 768w, https:\/\/ogrod.pan.pl\/blog\/wp-content\/uploads\/2023\/06\/006.-Was-czepny-u-groszku-nadmorskiego-1536x1086.jpg 1536w, https:\/\/ogrod.pan.pl\/blog\/wp-content\/uploads\/2023\/06\/006.-Was-czepny-u-groszku-nadmorskiego.jpg 1754w\" sizes=\"auto, (max-width: 1024px) 100vw, 1024px\" \/><\/p>\n<p style=\"text-align: justify;\">jest ro\u015blin\u0105 wieloletni\u0105 o d\u0142ugiej do 60 cm, rozes\u0142anej, nieoskrzydlonej \u0142odydze, a jego wyst\u0119powanie ogranicza si\u0119 do wybrze\u017ca Ba\u0142tyku. Ograniczony zasi\u0119g spowodowa\u0142 nadanie mu kategorii gatunku bliskiego zagro\u017ceniu, czyli na chwil\u0119 obecn\u0105 zagro\u017cony nie jest, ale mo\u017ce si\u0119 to w ka\u017cdej chwili zmieni\u0107. Li\u015bcie groszku nadmorskiego sk\u0142adaj\u0105 si\u0119 z 3 do 6 par szerokoeliptycznych listk\u00f3w z wydatn\u0105 nerwacj\u0105 i ko\u0144czykiem na szczycie oraz pojedynczym lub rozga\u0142\u0119zionym w\u0105sem na przed\u0142u\u017ceniu osi li\u015bcia. Przylistki s\u0105 okaza\u0142e, tr\u00f3jk\u0105tne z uszkami. Kwiaty z purpurowofioletowym \u017cagielkiem z ciemniejszymi \u017cy\u0142kami, skrzyde\u0142ka s\u0105 r\u00f3\u017cowawe, a \u0142\u00f3deczka bia\u0142a, zebrane w kwiatostan sk\u0142adaj\u0105cy si\u0119 z 5 do 9 kwiat\u00f3w. Kwitn\u0105 od czerwca do lipca. Bardzo urokliwie wygl\u0105daj\u0105 rozes\u0142ane p\u0119dy groszk\u00f3w z delikatnymi r\u00f3\u017cowymi kwiatami na piaszczystych wydmach bia\u0142ych, na kt\u00f3rych wydawa\u0142oby si\u0119, \u017ce nic nie powinno rosn\u0105\u0107.<\/p>\n<p style=\"text-align: justify;\">W Kolekcji flory Polski ro\u015bnie na rabacie s\u0142onecznej naprzeciwko kolekcji ro\u015blin g\u00f3rskich w cz\u0119\u015bci z ro\u015blinami nadmorskimi.<\/p>\n<p>&nbsp;<\/p>\n<p style=\"text-align: left;\"><strong>Groszek li\u015bciakowy (<em>Lathyrus nissolia<\/em>)<\/strong><\/p>\n<p style=\"text-align: left;\"><img loading=\"lazy\" decoding=\"async\" class=\"aligncenter wp-image-4357 size-large\" src=\"https:\/\/ogrod.pan.pl\/blog\/wp-content\/uploads\/2023\/06\/008.-Kwiat-groszku-lisciakowego-1024x724.jpg\" alt=\"\" width=\"1024\" height=\"724\" srcset=\"https:\/\/ogrod.pan.pl\/blog\/wp-content\/uploads\/2023\/06\/008.-Kwiat-groszku-lisciakowego-1024x724.jpg 1024w, https:\/\/ogrod.pan.pl\/blog\/wp-content\/uploads\/2023\/06\/008.-Kwiat-groszku-lisciakowego-300x212.jpg 300w, https:\/\/ogrod.pan.pl\/blog\/wp-content\/uploads\/2023\/06\/008.-Kwiat-groszku-lisciakowego-768x543.jpg 768w, https:\/\/ogrod.pan.pl\/blog\/wp-content\/uploads\/2023\/06\/008.-Kwiat-groszku-lisciakowego-1536x1086.jpg 1536w, https:\/\/ogrod.pan.pl\/blog\/wp-content\/uploads\/2023\/06\/008.-Kwiat-groszku-lisciakowego.jpg 1754w\" sizes=\"auto, (max-width: 1024px) 100vw, 1024px\" \/><\/p>\n<p style=\"text-align: left;\"><img loading=\"lazy\" decoding=\"async\" class=\"aligncenter wp-image-4356 size-large\" src=\"https:\/\/ogrod.pan.pl\/blog\/wp-content\/uploads\/2023\/06\/007.-Groszek-lisciakowy-724x1024.jpg\" alt=\"\" width=\"724\" height=\"1024\" srcset=\"https:\/\/ogrod.pan.pl\/blog\/wp-content\/uploads\/2023\/06\/007.-Groszek-lisciakowy-724x1024.jpg 724w, https:\/\/ogrod.pan.pl\/blog\/wp-content\/uploads\/2023\/06\/007.-Groszek-lisciakowy-212x300.jpg 212w, https:\/\/ogrod.pan.pl\/blog\/wp-content\/uploads\/2023\/06\/007.-Groszek-lisciakowy-768x1086.jpg 768w, https:\/\/ogrod.pan.pl\/blog\/wp-content\/uploads\/2023\/06\/007.-Groszek-lisciakowy-1086x1536.jpg 1086w, https:\/\/ogrod.pan.pl\/blog\/wp-content\/uploads\/2023\/06\/007.-Groszek-lisciakowy.jpg 1240w\" sizes=\"auto, (max-width: 724px) 100vw, 724px\" \/><\/p>\n<p style=\"text-align: justify;\">w Polsce wyst\u0119puje rzadko, g\u0142\u00f3wnie na Nizinie \u015al\u0105skiej. Jest to ro\u015blina jednoroczna o delikatnej budowie. P\u0119dy s\u0105 wzniesione, rzadziej podnosz\u0105ce si\u0119 o d\u0142ugo\u015bci 15-60\u202fcm, kanciaste, zwykle nierozga\u0142\u0119zione. Funkcj\u0119 asymilacyjn\u0105 sprawuje li\u015bciak z rozszerzonego ogonka li\u015bciowego, w kszta\u0142cie lancetowaty do r\u00f3wnow\u0105skiego, bez w\u0105sa czepnego. Kwiaty umieszczone s\u0105 na d\u0142ugiej szypule po 1\u202falbo 2, zwieszaj\u0105 si\u0119, barwy jasnoczerwonofioletowej do r\u00f3\u017cowofioletowej. Kwitnie od czerwca do lipca. Ca\u0142a ro\u015blina jest do\u015b\u0107 niepozorna, i gdy nie kwitnie przypomina traw\u0119, tak \u017ce nie \u0142atwo jest go wypatrze\u0107 w\u015br\u00f3d innych ro\u015blin. W polskiej florze groszek li\u015bciakowy jest antropofitem (gatunkiem zwi\u0105zanym z dzia\u0142alno\u015bci\u0105 cz\u0142owieka), przyby\u0142 z Europy po\u0142udniowej i zachodniej. Pojawia\u0142 si\u0119 na polach jako chwast w uprawach, obecnie wyst\u0119puje w ciep\u0142ych, nas\u0142onecznionych, lu\u017anych murawach.<\/p>\n<p style=\"text-align: justify;\">W Kolekcji flory Polski ro\u015bnie na rabacie s\u0142onecznej naprzeciwko kolekcji ro\u015blin g\u00f3rskich.<\/p>\n<p style=\"text-align: justify;\">I to jeszcze nie koniec historii o groszkach, w lipcu te\u017c mo\u017cna podziwia\u0107 nast\u0119pne gatunki tych uroczych ro\u015blin.<\/p>\n<p style=\"text-align: justify;\">Anna Gasek<\/p>\n","protected":false},"excerpt":{"rendered":"<p>W czerwcowe groszki Masz takie oczy zielone Zielone jak letni wiatr Zaczarowanych las\u00f3w I zaczarowanych malw Dla ciebie ma\u0142y ogrodnik Zasadzi\u0142 groszk\u00f3w tysi\u0105c \u2026 \u2026 I odt\u0105d pod oknem twoim I groszki kwitn\u0105 i r\u00f3\u017ce Na mod\u0142\u0119 wiotkich powoi Pn\u0105 si\u0119 i pn\u0105 po murze \u2026 Julian Kacper, Henryk Rostworowski W czerwcu w ogrodach roztaczaj\u0105&#8230;<\/p>\n","protected":false},"author":10,"featured_media":4351,"comment_status":"closed","ping_status":"closed","sticky":false,"template":"","format":"standard","meta":{"_kad_blocks_custom_css":"","_kad_blocks_head_custom_js":"","_kad_blocks_body_custom_js":"","_kad_blocks_footer_custom_js":"","ngg_post_thumbnail":0,"_kad_post_transparent":"","_kad_post_title":"","_kad_post_layout":"","_kad_post_sidebar_id":"","_kad_post_content_style":"","_kad_post_vertical_padding":"","_kad_post_feature":"","_kad_post_feature_position":"","_kad_post_header":false,"_kad_post_footer":false,"_kad_post_classname":"","footnotes":""},"categories":[18,1,34],"tags":[],"class_list":["post-4346","post","type-post","status-publish","format-standard","has-post-thumbnail","hentry","category-blog","category-rozne","category-w-naszym-ogrodzie"],"taxonomy_info":{"category":[{"value":18,"label":"Blog"},{"value":1,"label":"R\u00f3\u017cne"},{"value":34,"label":"W naszym Ogrodzie"}]},"featured_image_src_large":["https:\/\/ogrod.pan.pl\/blog\/wp-content\/uploads\/2023\/06\/002.-Kwiaty-groszku-czerniejacego-1024x724.jpg",1024,724,true],"author_info":{"display_name":"login_ap","author_link":"https:\/\/ogrod.pan.pl\/blog\/author\/agnieszka-pfeiffer\/"},"comment_info":0,"category_info":[{"term_id":18,"name":"Blog","slug":"blog","term_group":0,"term_taxonomy_id":18,"taxonomy":"category","description":"","parent":0,"count":56,"filter":"raw","cat_ID":18,"category_count":56,"category_description":"","cat_name":"Blog","category_nicename":"blog","category_parent":0},{"term_id":1,"name":"R\u00f3\u017cne","slug":"rozne","term_group":0,"term_taxonomy_id":1,"taxonomy":"category","description":"","parent":18,"count":45,"filter":"raw","cat_ID":1,"category_count":45,"category_description":"","cat_name":"R\u00f3\u017cne","category_nicename":"rozne","category_parent":18},{"term_id":34,"name":"W naszym Ogrodzie","slug":"w-naszym-ogrodzie","term_group":0,"term_taxonomy_id":34,"taxonomy":"category","description":"","parent":18,"count":65,"filter":"raw","cat_ID":34,"category_count":65,"category_description":"","cat_name":"W naszym Ogrodzie","category_nicename":"w-naszym-ogrodzie","category_parent":18}],"tag_info":false,"_links":{"self":[{"href":"https:\/\/ogrod.pan.pl\/blog\/wp-json\/wp\/v2\/posts\/4346","targetHints":{"allow":["GET"]}}],"collection":[{"href":"https:\/\/ogrod.pan.pl\/blog\/wp-json\/wp\/v2\/posts"}],"about":[{"href":"https:\/\/ogrod.pan.pl\/blog\/wp-json\/wp\/v2\/types\/post"}],"author":[{"embeddable":true,"href":"https:\/\/ogrod.pan.pl\/blog\/wp-json\/wp\/v2\/users\/10"}],"replies":[{"embeddable":true,"href":"https:\/\/ogrod.pan.pl\/blog\/wp-json\/wp\/v2\/comments?post=4346"}],"version-history":[{"count":0,"href":"https:\/\/ogrod.pan.pl\/blog\/wp-json\/wp\/v2\/posts\/4346\/revisions"}],"wp:featuredmedia":[{"embeddable":true,"href":"https:\/\/ogrod.pan.pl\/blog\/wp-json\/wp\/v2\/media\/4351"}],"wp:attachment":[{"href":"https:\/\/ogrod.pan.pl\/blog\/wp-json\/wp\/v2\/media?parent=4346"}],"wp:term":[{"taxonomy":"category","embeddable":true,"href":"https:\/\/ogrod.pan.pl\/blog\/wp-json\/wp\/v2\/categories?post=4346"},{"taxonomy":"post_tag","embeddable":true,"href":"https:\/\/ogrod.pan.pl\/blog\/wp-json\/wp\/v2\/tags?post=4346"}],"curies":[{"name":"wp","href":"https:\/\/api.w.org\/{rel}","templated":true}]}}