{"id":3980,"date":"2022-12-21T11:19:08","date_gmt":"2022-12-21T10:19:08","guid":{"rendered":"https:\/\/ogrod-powsin.pl\/blog\/?p=3980"},"modified":"2022-12-23T09:00:56","modified_gmt":"2022-12-23T08:00:56","slug":"grudniowe-lato-czyli-gwiazdka-w-antarktyce","status":"publish","type":"post","link":"https:\/\/ogrod.pan.pl\/blog\/grudniowe-lato-czyli-gwiazdka-w-antarktyce\/","title":{"rendered":"Grudniowe lato, czyli Gwiazdka w Antarktyce"},"content":{"rendered":"<p style=\"text-align: justify;\">Grudzie\u0144, przesilenie zimowe, najkr\u00f3tszy dzie\u0144 w roku, Gwiazdka\u2026 Na p\u00f3\u0142kuli p\u00f3\u0142nocnej czekamy na \u015bnieg i mr\u00f3z, czyli jest zima. Ro\u015bliny wesz\u0142y w stan spoczynku, a zwierz\u0119ta trwaj\u0105 w oczekiwaniu na wiosn\u0119. Po drugiej stronie Ziemi w grudniu nast\u0119puje przesilenie letnie z najd\u0142u\u017cszym dniem w roku, ro\u015bliny s\u0105 w pe\u0142ni wegetacji, zwierz\u0119ta wychowuj\u0105 m\u0142ode, a ludzie szykuj\u0105 si\u0119 do \u015awi\u0105t Bo\u017cego Narodzenia.<\/p>\n<p style=\"text-align: justify;\">Bardzo daleko na po\u0142udniu, ale jeszcze przed kr\u0119giem polarnym le\u017cy antarktyczna Wyspa Kr\u00f3la Jerzego, na kt\u00f3rej znajduje si\u0119 Polska Stacja Antarktyczna im. Henryka Arctowskiego. Podczas antarktycznego lata badacze prowadz\u0105 tam obserwacje r\u00f3\u017cnych aspekt\u00f3w dzia\u0142ania antarktycznych ekosystem\u00f3w, podgl\u0105daj\u0105 zwierz\u0119ta, ro\u015bliny, morskie organizmy oraz dzia\u0142alno\u015b\u0107 lodowc\u00f3w.<\/p>\n<p style=\"text-align: justify;\">Na oddalonym o kilkadziesi\u0105t kilometr\u00f3w od stacji cyplu o nazwie Lions Rump znajduje si\u0119 baza terenowa, gdzie w antarktycznym sezonie letnim prowadzony jest monitoring ekologiczny. Dw\u00f3ch obserwator\u00f3w przez kilka miesi\u0119cy zbiera dane na tej cz\u0119\u015bci wyspy. Grudzie\u0144 to na Lions Rump czas wykluwania si\u0119 piskl\u0105t pingwin\u00f3w i ptak\u00f3w lataj\u0105cych, usamodzielniania si\u0119 m\u0142odych fok s\u0142oni morskich, intensywnego wzrostu ro\u015blin, czyli prawdziwe lato.<\/p>\n<p style=\"text-align: justify;\">Ro\u015blin kwiatowych na antarktycznej wyspie&nbsp; jest niewiele, reprezentuj\u0105 je zaledwie dwa gatunki, &nbsp;kolobant antarktyczny (<em>Colobantus quitensis<\/em>) z rodziny go\u017adzikowatych, a z rodziny wiechlinowatych, czyli traw, \u015bmia\u0142ek antarktyczny (<em>Deschampsia antarctica<\/em>). Poza tym pi\u0119kn\u0105 ziele\u0144 zapewnia glon, <em>Prasiola crispa <\/em>i r\u00f3\u017cnorodne mchy, a inne kolory pojawiaj\u0105 si\u0119 za spraw\u0105 wielu gatunk\u00f3w porost\u00f3w. Oczywi\u015bcie antarktyczne grudniowe lato ma r\u00f3\u017cne oblicza, od pi\u0119knej s\u0142onecznej pogody, gdy pingwinom jest za gor\u0105co w ich wielowarstwowej okrywie z pi\u00f3r, a\u017c po zamiecie \u015bnie\u017cne i sztormy, gdy ca\u0142y cypel tonie w zwa\u0142ach \u015bniegu.<\/p>\n<p style=\"text-align: justify;\">Wreszcie przychodzi \u015bwi\u0105teczny czas, ale tam w ma\u0142ej chacie na 62\u00b0szeroko\u015bci geograficznej po\u0142udniowej i &nbsp;58\u00b0 d\u0142ugo\u015bci geograficznej zachodniej o wiele atrybut\u00f3w \u015bwi\u0105tecznych nie jest \u0142atwo. Sk\u0105d wzi\u0105\u0107 na przyk\u0142ad choink\u0119, drzew tam przecie\u017c nie ma, a w\u0142a\u015bciwie s\u0105, tylko skamienia\u0142e. Mo\u017cna zatem drzewko \u015bwi\u0105teczne zbudowa\u0107 w\u0142a\u015bnie z kamieni. Robienie pierog\u00f3w, pieczenie chleba, te\u017c nie jest proste i trzeba wykaza\u0107 si\u0119 pewn\u0105 doz\u0105 wyobra\u017ani, ale efekt jest wspania\u0142y, gdy wszystko zostanie ju\u017c przygotowane. Mi\u0142o jest wr\u00f3ci\u0107 pami\u0119ci\u0105 do tak niezwyk\u0142ego lata jak to na Lions Rump i letniej Wigilii.<\/p>\n<p style=\"text-align: justify;\">Anna Gasek<\/p>\nngg_shortcode_0_placeholder\n","protected":false},"excerpt":{"rendered":"<p>Grudzie\u0144, przesilenie zimowe, najkr\u00f3tszy dzie\u0144 w roku, Gwiazdka\u2026 Na p\u00f3\u0142kuli p\u00f3\u0142nocnej czekamy na \u015bnieg i mr\u00f3z, czyli jest zima. Ro\u015bliny wesz\u0142y w stan spoczynku, a zwierz\u0119ta trwaj\u0105 w oczekiwaniu na wiosn\u0119. Po drugiej stronie Ziemi w grudniu nast\u0119puje przesilenie letnie z najd\u0142u\u017cszym dniem w roku, ro\u015bliny s\u0105 w pe\u0142ni wegetacji, zwierz\u0119ta wychowuj\u0105 m\u0142ode, a ludzie&#8230;<\/p>\n","protected":false},"author":6,"featured_media":4010,"comment_status":"closed","ping_status":"closed","sticky":false,"template":"","format":"standard","meta":{"_kad_blocks_custom_css":"","_kad_blocks_head_custom_js":"","_kad_blocks_body_custom_js":"","_kad_blocks_footer_custom_js":"","ngg_post_thumbnail":0,"_kad_post_transparent":"","_kad_post_title":"","_kad_post_layout":"","_kad_post_sidebar_id":"","_kad_post_content_style":"","_kad_post_vertical_padding":"","_kad_post_feature":"","_kad_post_feature_position":"","_kad_post_header":false,"_kad_post_footer":false,"_kad_post_classname":"","footnotes":""},"categories":[330],"tags":[],"class_list":["post-3980","post","type-post","status-publish","format-standard","has-post-thumbnail","hentry","category-podroze"],"taxonomy_info":{"category":[{"value":330,"label":"Podr\u00f3\u017ce"}]},"featured_image_src_large":["https:\/\/ogrod.pan.pl\/blog\/wp-content\/uploads\/2022\/12\/003.-1024x768.jpg",1024,768,true],"author_info":{"display_name":"admin_1","author_link":"https:\/\/ogrod.pan.pl\/blog\/author\/admin_1\/"},"comment_info":0,"category_info":[{"term_id":330,"name":"Podr\u00f3\u017ce","slug":"podroze","term_group":0,"term_taxonomy_id":330,"taxonomy":"category","description":"","parent":0,"count":6,"filter":"raw","cat_ID":330,"category_count":6,"category_description":"","cat_name":"Podr\u00f3\u017ce","category_nicename":"podroze","category_parent":0}],"tag_info":false,"_links":{"self":[{"href":"https:\/\/ogrod.pan.pl\/blog\/wp-json\/wp\/v2\/posts\/3980","targetHints":{"allow":["GET"]}}],"collection":[{"href":"https:\/\/ogrod.pan.pl\/blog\/wp-json\/wp\/v2\/posts"}],"about":[{"href":"https:\/\/ogrod.pan.pl\/blog\/wp-json\/wp\/v2\/types\/post"}],"author":[{"embeddable":true,"href":"https:\/\/ogrod.pan.pl\/blog\/wp-json\/wp\/v2\/users\/6"}],"replies":[{"embeddable":true,"href":"https:\/\/ogrod.pan.pl\/blog\/wp-json\/wp\/v2\/comments?post=3980"}],"version-history":[{"count":0,"href":"https:\/\/ogrod.pan.pl\/blog\/wp-json\/wp\/v2\/posts\/3980\/revisions"}],"wp:featuredmedia":[{"embeddable":true,"href":"https:\/\/ogrod.pan.pl\/blog\/wp-json\/wp\/v2\/media\/4010"}],"wp:attachment":[{"href":"https:\/\/ogrod.pan.pl\/blog\/wp-json\/wp\/v2\/media?parent=3980"}],"wp:term":[{"taxonomy":"category","embeddable":true,"href":"https:\/\/ogrod.pan.pl\/blog\/wp-json\/wp\/v2\/categories?post=3980"},{"taxonomy":"post_tag","embeddable":true,"href":"https:\/\/ogrod.pan.pl\/blog\/wp-json\/wp\/v2\/tags?post=3980"}],"curies":[{"name":"wp","href":"https:\/\/api.w.org\/{rel}","templated":true}]}}