{"id":3710,"date":"2022-03-14T20:28:58","date_gmt":"2022-03-14T19:28:58","guid":{"rendered":"https:\/\/ogrod-powsin.pl\/blog\/?p=3710"},"modified":"2022-03-14T20:28:58","modified_gmt":"2022-03-14T19:28:58","slug":"marzec-wiecznie-zielone-lisciaki-do-ogrodu","status":"publish","type":"post","link":"https:\/\/ogrod.pan.pl\/blog\/marzec-wiecznie-zielone-lisciaki-do-ogrodu\/","title":{"rendered":"Marzec: wiecznie zielone li\u015bciaki do ogrodu"},"content":{"rendered":"<p style=\"text-align: justify;\">Od listopada do kwietnia bardzo brakuje nam \u017cywej zieleni li\u015bci. Za spraw\u0105 ocieplaj\u0105cego si\u0119 klimatu oraz wysi\u0142k\u00f3w pokole\u0144 \u0142owc\u00f3w ro\u015blin i szk\u00f3\u0142karzy przybywa jednak drzew, krzew\u00f3w i ro\u015blin zielnych, kt\u00f3rych \u017cywa, szmaragdowa ziele\u0144 mo\u017ce nam w Polsce towarzyszy\u0107 przez 365 dni roku. Do niedawna grupa ta sk\u0142ada\u0142a si\u0119 przede wszystkim z iglak\u00f3w, kt\u00f3rym towarzyszy\u0142y nieliczne paprocie i krzewinki. Bukszpan i brusznica od wiek\u00f3w mai\u0142y izb\u0119 na Bo\u017ce Narodzenie, a wiosn\u0105 zdobi\u0142y \u015bwi\u0119conk\u0119. Barwinek jako symbol \u017cycia wiecznego mia\u0142 swoje miejsce na polskich oraz ukrai\u0144skich cmentarzach. Bergenie sprawdz\u0105 si\u0119 nawet na suchej glebie albo w mocnym \u015bwietle. Przy silnym mrozie przebarwiaj\u0105 si\u0119 wprawdzie na czerwono, ale to raczej zaleta.<\/p>\n<figure id=\"attachment_3713\" aria-describedby=\"caption-attachment-3713\" style=\"width: 1920px\" class=\"wp-caption alignnone\"><a href=\"https:\/\/ogrod.pan.pl\/blog\/wp-content\/uploads\/2022\/03\/Bergenia-grubolistna.jpg\"><img loading=\"lazy\" decoding=\"async\" class=\"wp-image-3713 size-full\" src=\"https:\/\/ogrod.pan.pl\/blog\/wp-content\/uploads\/2022\/03\/Bergenia-grubolistna.jpg\" alt=\"\" width=\"1920\" height=\"1200\" srcset=\"https:\/\/ogrod.pan.pl\/blog\/wp-content\/uploads\/2022\/03\/Bergenia-grubolistna.jpg 1920w, https:\/\/ogrod.pan.pl\/blog\/wp-content\/uploads\/2022\/03\/Bergenia-grubolistna-300x188.jpg 300w, https:\/\/ogrod.pan.pl\/blog\/wp-content\/uploads\/2022\/03\/Bergenia-grubolistna-1024x640.jpg 1024w, https:\/\/ogrod.pan.pl\/blog\/wp-content\/uploads\/2022\/03\/Bergenia-grubolistna-768x480.jpg 768w, https:\/\/ogrod.pan.pl\/blog\/wp-content\/uploads\/2022\/03\/Bergenia-grubolistna-1536x960.jpg 1536w\" sizes=\"auto, (max-width: 1920px) 100vw, 1920px\" \/><\/a><figcaption id=\"caption-attachment-3713\" class=\"wp-caption-text\">Bergenia grubolistna<\/figcaption><\/figure>\n<p style=\"text-align: justify;\">Od paru dekad coraz bardziej popularna jest mahonia ostrolistna, cz\u0119sto wybieraj\u0105ca wolno\u015b\u0107 w lasach i zaro\u015blach. Tak\u017ce w Powsinie ch\u0119tnie wkracza tam, gdzie jej nie sadzono, chocia\u017cby w nasze miniaturowe \u201eTatry\u201d. Sprowadzony z Ba\u0142kan\u00f3w ognik szkar\u0142atny nie sieje si\u0119 tak ch\u0119tnie, aczkolwiek doskonale znosi krajowe warunki. Od paru dziesi\u0119cioleci z powodzeniem cieszy zim\u0105 i przedwio\u015bniem oczy Warszawianek bujnym listowiem oraz jaskrawymi niczym ma\u0142e pomara\u0144czki szupinkami. Coraz cz\u0119\u015bciej sadzi si\u0119 u nas tak\u017ce prawdziwe ostrokrzewy. W Polsce zamiast czystych genetycznie ostrokrzew\u00f3w kolczastych lepiej sprawdz\u0105 si\u0119 miesza\u0144cowe ostrokrzewy Meservy. Mamy w Powsinie nawet takie cudaki jak ostrokrzewy gubi\u0105ce li\u015bcie ju\u017c jesieni\u0105 (z ok\u00f3\u0142kowym <em>Ilex verticillata<\/em> na czele), lecz nie na nich si\u0119 teraz skupiamy.<\/p>\n<figure id=\"attachment_3714\" aria-describedby=\"caption-attachment-3714\" style=\"width: 1920px\" class=\"wp-caption alignnone\"><a href=\"https:\/\/ogrod.pan.pl\/blog\/wp-content\/uploads\/2022\/03\/Ostrokrzew-okolkowy.jpg\"><img loading=\"lazy\" decoding=\"async\" class=\"wp-image-3714 size-full\" src=\"https:\/\/ogrod.pan.pl\/blog\/wp-content\/uploads\/2022\/03\/Ostrokrzew-okolkowy.jpg\" alt=\"\" width=\"1920\" height=\"1200\" srcset=\"https:\/\/ogrod.pan.pl\/blog\/wp-content\/uploads\/2022\/03\/Ostrokrzew-okolkowy.jpg 1920w, https:\/\/ogrod.pan.pl\/blog\/wp-content\/uploads\/2022\/03\/Ostrokrzew-okolkowy-300x188.jpg 300w, https:\/\/ogrod.pan.pl\/blog\/wp-content\/uploads\/2022\/03\/Ostrokrzew-okolkowy-1024x640.jpg 1024w, https:\/\/ogrod.pan.pl\/blog\/wp-content\/uploads\/2022\/03\/Ostrokrzew-okolkowy-768x480.jpg 768w, https:\/\/ogrod.pan.pl\/blog\/wp-content\/uploads\/2022\/03\/Ostrokrzew-okolkowy-1536x960.jpg 1536w\" sizes=\"auto, (max-width: 1920px) 100vw, 1920px\" \/><\/a><figcaption id=\"caption-attachment-3714\" class=\"wp-caption-text\">Ostrokrzew ok\u00f3\u0142kowy<\/figcaption><\/figure>\n<p style=\"text-align: justify;\">Wi\u0119kszo\u015bci zimotrwa\u0142ych gatunk\u00f3w li\u015bciastych (plus minus okrytozal\u0105\u017ckowych, bo szerokolistne i wieczniezielone s\u0105 tak\u017ce gnioty, podokarpy i niekt\u00f3re soplice spo\u015br\u00f3d nagozal\u0105\u017ckowych) daleko jednak do ich trwa\u0142o\u015bci. Przynajmniej w polskim klimacie, bo ju\u017c w Irlandii czy na ni\u017cszych obszarach szwajcarskich Alp wypieraj\u0105 na pot\u0119g\u0119 gatunki lokalne, nadaj\u0105c krajobrazom bardziej kalifornijski sznyt. W Polsce, nie tylko p\u00f3\u0142nocno-wschodniej, lecz tak\u017ce w wy\u017cszych po\u0142o\u017ceniach Karpat i Sudet\u00f3w, utrzymanie wiecznie zielonych \u201eli\u015bciak\u00f3w\u201d pod go\u0142ym niebem wci\u0105\u017c uwa\u017cane jest za wy\u017cszy stopie\u0144 ogrodniczego wtajemniczenia.<\/p>\n<p style=\"text-align: justify;\"><strong>Drugie Chiny w polskim ogrodzie<\/strong><\/p>\n<p style=\"text-align: justify;\">Kto lubi nie tylko chi\u0144skie towary, lecz tak\u017ce cude\u0144ka flory Pa\u0144stwa \u015aroda, mo\u017ce \u015bmia\u0142o sadzi\u0107 fargezje roz\u0142o\u017cyste <em>Fargesia rufa<\/em>. Doskonale poradz\u0105 sobie na tarasie, a przy odrobinie opieki tak\u017ce w gruncie, pod go\u0142ym niebem. Ca\u0142y zielony tunel z fargezji podziwia\u0107 mo\u017cna ko\u0142o Willi Botanica (Fangor\u00f3wki) w naszym Ogrodzie. Nie s\u0105 jako\u015b bardzo ekspansywne (jak na bambusy), tote\u017c nie musicie Pa\u0144stwo si\u0119ga\u0107 po bariery korzeniowe. Zimowy mr\u00f3z nie jest im tak straszny, jak wiosenne i letnie susze oraz pal\u0105ce bezpo\u015brednio s\u0142o\u0144ce. Dlatego doskona\u0142ym rozwi\u0105zaniem bywa sadzenie ich blisko oczek wodnych i\/lub pod okapem drzew. Soczysta, \u015bwie\u017ca ziele\u0144 tych drewniej\u0105cych traw koi zmys\u0142y. Nic dziwnego, \u017ce pandy wielkie s\u0105 takie zrelaksowane. W ko\u0144cu nie tylko kontempluj\u0105 urod\u0119 tych ro\u015blin, lecz r\u00f3wnie\u017c si\u0119 nimi zajadaj\u0105.<\/p>\n<figure id=\"attachment_3715\" aria-describedby=\"caption-attachment-3715\" style=\"width: 1920px\" class=\"wp-caption alignnone\"><a href=\"https:\/\/ogrod.pan.pl\/blog\/wp-content\/uploads\/2022\/03\/FargesiaHimalajska_01.jpg\"><img loading=\"lazy\" decoding=\"async\" class=\"wp-image-3715 size-full\" src=\"https:\/\/ogrod.pan.pl\/blog\/wp-content\/uploads\/2022\/03\/FargesiaHimalajska_01.jpg\" alt=\"\" width=\"1920\" height=\"1200\" srcset=\"https:\/\/ogrod.pan.pl\/blog\/wp-content\/uploads\/2022\/03\/FargesiaHimalajska_01.jpg 1920w, https:\/\/ogrod.pan.pl\/blog\/wp-content\/uploads\/2022\/03\/FargesiaHimalajska_01-300x188.jpg 300w, https:\/\/ogrod.pan.pl\/blog\/wp-content\/uploads\/2022\/03\/FargesiaHimalajska_01-1024x640.jpg 1024w, https:\/\/ogrod.pan.pl\/blog\/wp-content\/uploads\/2022\/03\/FargesiaHimalajska_01-768x480.jpg 768w, https:\/\/ogrod.pan.pl\/blog\/wp-content\/uploads\/2022\/03\/FargesiaHimalajska_01-1536x960.jpg 1536w\" sizes=\"auto, (max-width: 1920px) 100vw, 1920px\" \/><\/a><figcaption id=\"caption-attachment-3715\" class=\"wp-caption-text\">Fargezje w Powsinie<\/figcaption><\/figure>\n<p style=\"text-align: justify;\"><strong>Zimozielone pn\u0105cza i okrywowe dla pocz\u0105tkuj\u0105cych<\/strong><\/p>\n<p style=\"text-align: justify;\">Nasz\u0105 przygod\u0119 z zimotrwa\u0142ymi pn\u0105czami oraz innymi gatunkami okrywowymi zacz\u0105\u0107 trzeba od czego\u015b prostego i taniego. Doskonale nada si\u0119 tu nasz bluszcz, jedna z nielicznych lian rodzimych dla Polski. Ma\u0142o gryma\u015bne i \u0142atwo dost\u0119pne s\u0105 tak\u017ce niskie, zimotrwa\u0142e trzmieliny z Dalekiego Wschodu jak t. Fortune\u2019a i t. japo\u0144ska. Ta pierwsza w pe\u0142ni zas\u0142u\u017cy\u0142a na sw\u0105 \u0142aci\u0144sk\u0105 nazw\u0119 trzmieliny \u201ebluszczowej\u201d, gdy\u017c podobnie jak jej imiennik, wspina si\u0119 za pomoc\u0105 korzonk\u00f3w przybyszowych, wybornie okrywa co ma zakry\u0107, a do tego \u015bwietnie znosi ch\u0142\u00f3d. Bardziej wra\u017cliwa na mr\u00f3z jest trzmielina japo\u0144ska, tote\u017c nale\u017cy j\u0105 okry\u0107, zw\u0142aszcza w bez\u015bnie\u017cne zimy. W ch\u0142odniejszych dzielnicach Polski najbezpieczniej uprawia\u0107 j\u0105 w pojemnikach. Obie trzmieliny dost\u0119pne s\u0105 u nas zwykle w odmianach pstrolistnych, o kremowych lub z\u0142ocistych brzegach li\u015bci.<\/p>\n<p style=\"text-align: justify;\">Pod okapem starych drzew czy mi\u0119dzy wysokimi budynkami, gdzie za ciemno dla wi\u0119kszo\u015bci traw, wybornie sprawdzi si\u0119 runianka japo\u0144ska <em>Pachysandra terminalis<\/em>. Kwitnie u nas ca\u0142kiem obficie, jednak rzadko zawi\u0105zuje owoce. Zim\u0119 znosi doskonale, o ile okryta jest \u015bniegiem lub li\u015b\u0107mi. Dzi\u0119ki swoim roz\u0142ogom mo\u017ce formowa\u0107 zwarte darnie. Bez problemu kupi\u0107 mo\u017cna zar\u00f3wno formy identyczne z typem dzikim, jak i odmiany o li\u015bciach bia\u0142o obrze\u017conych. Spaceruj\u0105c po PAN OB. CZRB \u0142atwo przekona\u0107 si\u0119 jaka to u\u017cyteczna bylina! Jak o\u017cywia listopadow\u0105 szarzyzn\u0119, \u015bnie\u017cne krajobrazy pe\u0142ni zimy, wreszcie br\u0105zy marca.<\/p>\n<figure id=\"attachment_3716\" aria-describedby=\"caption-attachment-3716\" style=\"width: 1920px\" class=\"wp-caption alignnone\"><a href=\"https:\/\/ogrod.pan.pl\/blog\/wp-content\/uploads\/2022\/03\/RuniankaJaponska_001.jpg\"><img loading=\"lazy\" decoding=\"async\" class=\"wp-image-3716 size-full\" src=\"https:\/\/ogrod.pan.pl\/blog\/wp-content\/uploads\/2022\/03\/RuniankaJaponska_001.jpg\" alt=\"\" width=\"1920\" height=\"1200\" srcset=\"https:\/\/ogrod.pan.pl\/blog\/wp-content\/uploads\/2022\/03\/RuniankaJaponska_001.jpg 1920w, https:\/\/ogrod.pan.pl\/blog\/wp-content\/uploads\/2022\/03\/RuniankaJaponska_001-300x188.jpg 300w, https:\/\/ogrod.pan.pl\/blog\/wp-content\/uploads\/2022\/03\/RuniankaJaponska_001-1024x640.jpg 1024w, https:\/\/ogrod.pan.pl\/blog\/wp-content\/uploads\/2022\/03\/RuniankaJaponska_001-768x480.jpg 768w, https:\/\/ogrod.pan.pl\/blog\/wp-content\/uploads\/2022\/03\/RuniankaJaponska_001-1536x960.jpg 1536w\" sizes=\"auto, (max-width: 1920px) 100vw, 1920px\" \/><\/a><figcaption id=\"caption-attachment-3716\" class=\"wp-caption-text\">Runianka japo\u0144ska<\/figcaption><\/figure>\n<p style=\"text-align: justify;\">A co z wieczn\u0105 zieleni\u0105 na skalniaki, smagane wiatrem lub pra\u017cone gor\u0105cym S\u0142o\u0144cem? Tu sprawa jest znacznie trudniejsza. Niemal wszystkie zimotrwa\u0142e \u201eli\u015bciaki\u201d cierpia\u0142yby i szybko zbrzyd\u0142y w takich warunkach. Na szcz\u0119\u015bcie z Ameryki P\u00f3\u0142nocnej przyby\u0142 do nas floks szydlasty <em>Phlox subulata<\/em>. Jak d\u0142o\u0144 winna mie\u0107 sprawne wszystkie 5 palc\u00f3w, tak alpinarium wiosn\u0105 musi by\u0107 obsadzone pi\u0119cioma \u201eska\u0142olubami\u201d (pr\u00f3cz floksu b\u0119d\u0105 to \u017cagwin ogrodowy, g\u0119si\u00f3wka kaukaska, ubiorek wieczniezielony oraz smagliczka skalna).<\/p>\n<p style=\"text-align: justify;\"><strong>Dla zaawansowanych&#8230;<\/strong><\/p>\n<p style=\"text-align: justify;\">Gdy ju\u017c opanujemy tajniki piel\u0119gnacji, a jeszcze zanim bluszcz i runianka opanuj\u0105 zupe\u0142nie nasz\u0105 dzia\u0142k\u0119 mo\u017cemy poeksperymentowa\u0107 z czym\u015b trudniejszym. Z drzewami i krzewami, jakich od dawna zazdro\u015bcili\u015bmy naszym brytyjskim i holenderskim pracodawcom. Wystarczy nieco bardziej atlantycki klimat albo naprawd\u0119 du\u017co wysi\u0142ku i pomy\u015blunku, by tak\u017ce w Polsce utrzyma\u0107 pod domem jaki\u015b kolekcjonerski rarytas. Sarkokokka Hookera <em>Sarcococca hookeriana<\/em> to himalajska kuzynka bukszpanu. Ro\u015bnie dziko od Afganistanu i Chin przez p\u0142n.-wsch. Indie po Bhutan i Nepal, w reglowych lasach na wysoko\u015bci od 1000 do 3500 m.n.p.m. Doskonale wytrzyma spadek temp. do 15 stopni poni\u017cej 0 Celsjusza, ale marnieje przy braku os\u0142on od wiatru i s\u0142o\u0144ca. Ro\u015bnie powoli, za to kwitnie zim\u0105 lub na przedwio\u015bniu, rozsiewaj\u0105c mocny, przyjemny zapach. Na kwiaty skimmii japo\u0144skiej <em>Skimmia japonica <\/em>przyjdzie nam poczeka\u0107 do kwietnia b\u0105d\u017a maja, jednak ca\u0142\u0105 zim\u0119 i przedwio\u015bnie krzewink\u0119 t\u0105 zdobi\u0105 wielkie, r\u00f3\u017cowe p\u0105czki oraz czerwone owoce. Starsze odmiany s\u0105 dwupienne tak samo jako ostrokrzewy i rokitniki, dlatego owoc\u00f3w doczekamy si\u0119 tylko na \u017ce\u0144skich okazach, o ile obok ro\u015bnie jaki\u015b \u201em\u0119\u017cczyzna\u201d&#8230;<\/p>\n<figure id=\"attachment_3717\" aria-describedby=\"caption-attachment-3717\" style=\"width: 1920px\" class=\"wp-caption alignnone\"><a href=\"https:\/\/ogrod.pan.pl\/blog\/wp-content\/uploads\/2022\/03\/skimia-japonica.jpg\"><img loading=\"lazy\" decoding=\"async\" class=\"wp-image-3717 size-full\" src=\"https:\/\/ogrod.pan.pl\/blog\/wp-content\/uploads\/2022\/03\/skimia-japonica.jpg\" alt=\"\" width=\"1920\" height=\"1280\" srcset=\"https:\/\/ogrod.pan.pl\/blog\/wp-content\/uploads\/2022\/03\/skimia-japonica.jpg 1920w, https:\/\/ogrod.pan.pl\/blog\/wp-content\/uploads\/2022\/03\/skimia-japonica-300x200.jpg 300w, https:\/\/ogrod.pan.pl\/blog\/wp-content\/uploads\/2022\/03\/skimia-japonica-1024x683.jpg 1024w, https:\/\/ogrod.pan.pl\/blog\/wp-content\/uploads\/2022\/03\/skimia-japonica-768x512.jpg 768w, https:\/\/ogrod.pan.pl\/blog\/wp-content\/uploads\/2022\/03\/skimia-japonica-1536x1024.jpg 1536w, https:\/\/ogrod.pan.pl\/blog\/wp-content\/uploads\/2022\/03\/skimia-japonica-740x493.jpg 740w\" sizes=\"auto, (max-width: 1920px) 100vw, 1920px\" \/><\/a><figcaption id=\"caption-attachment-3717\" class=\"wp-caption-text\">Skimmia japonica<\/figcaption><\/figure>\n<p style=\"text-align: justify;\">&nbsp;<\/p>\n<p style=\"text-align: justify;\">Rododendrony i laurowi\u015bnie s\u0105 wieczniezielone z definicji, a wi\u0119kszo\u015b\u0107 sadzonych w Polsce wiciokrzew\u00f3w traci li\u015bcie jesieni\u0105. Tym niemniej mo\u017cna spr\u00f3bowa\u0107 z wiciokrzewami zimotrwa\u0142ymi. Kto chce by jej pergola pozosta\u0142a szmaragdowa od listopada do marca-kwietnia, a zima nie ods\u0142oni\u0142a \u015bmietnika mo\u017ce naby\u0107 wiciokrzew Giralda <em>Lonicera giraldii <\/em>(syn.<em> L. japonica<\/em>). Pono\u0107 ca\u0142kiem dobrze wytrzyma nawet mocne \u015bwiat\u0142o i ja\u0142ow\u0105 gleb\u0119.<\/p>\n<figure id=\"attachment_3718\" aria-describedby=\"caption-attachment-3718\" style=\"width: 1920px\" class=\"wp-caption alignnone\"><a href=\"https:\/\/ogrod.pan.pl\/blog\/wp-content\/uploads\/2022\/03\/japanese-honeysuckle.jpg\"><img loading=\"lazy\" decoding=\"async\" class=\"wp-image-3718 size-full\" src=\"https:\/\/ogrod.pan.pl\/blog\/wp-content\/uploads\/2022\/03\/japanese-honeysuckle.jpg\" alt=\"\" width=\"1920\" height=\"1280\" srcset=\"https:\/\/ogrod.pan.pl\/blog\/wp-content\/uploads\/2022\/03\/japanese-honeysuckle.jpg 1920w, https:\/\/ogrod.pan.pl\/blog\/wp-content\/uploads\/2022\/03\/japanese-honeysuckle-300x200.jpg 300w, https:\/\/ogrod.pan.pl\/blog\/wp-content\/uploads\/2022\/03\/japanese-honeysuckle-1024x683.jpg 1024w, https:\/\/ogrod.pan.pl\/blog\/wp-content\/uploads\/2022\/03\/japanese-honeysuckle-768x512.jpg 768w, https:\/\/ogrod.pan.pl\/blog\/wp-content\/uploads\/2022\/03\/japanese-honeysuckle-1536x1024.jpg 1536w, https:\/\/ogrod.pan.pl\/blog\/wp-content\/uploads\/2022\/03\/japanese-honeysuckle-740x493.jpg 740w\" sizes=\"auto, (max-width: 1920px) 100vw, 1920px\" \/><\/a><figcaption id=\"caption-attachment-3718\" class=\"wp-caption-text\">Wiciokrzew japo\u0144ski<\/figcaption><\/figure>\n<p style=\"text-align: justify;\">To wszystko by\u0142y ro\u015bliny pi\u0119kne i po\u017cyteczne, ale do\u015b\u0107 niskie. A co z prawdziwymi drzewami? Czy wci\u0105\u017c jeste\u015bmy skazani wy\u0142\u0105cznie na iglaki? By\u0107 mo\u017ce nie! Przybywa w Polsce mi\u0142o\u015bnik\u00f3w wieczniezielonych d\u0119b\u00f3w oraz magnolii. Dziwimy si\u0119 czemu nasi s\u0105siedzi \u2013 Czesi i S\u0142owacy sadz\u0105 w swoich arboretach r\u00f3\u017cne ciekawe gatunki z g\u00f3r Utah albo znad Morza \u015ar\u00f3dziemnego? A my w ciep\u0142ym Szczecinie i Gorzowie chuchamy na nie i dmuchamy jakby dopiero co przyjecha\u0142y z Puszczy Amazo\u0144skiej? Gratk\u0105 dla wielbicielek zimotrwa\u0142ych d\u0119b\u00f3w sta\u0142 si\u0119 d\u0105b Turnera <em>Quercus <\/em>x <em>turneri <\/em>\u2018Pseudoturneri\u2019. To pochodz\u0105ca z Wielkiej Brytanii hybryda, prawdopodobnie naszego d. szypu\u0142kowego z d. ostrolistnym<em>, <\/em>s\u0142yn\u0105cym z jadalnych \u017co\u0142\u0119dzi. Po pi\u0119tach depcze mu kolejny zimotrwa\u0142y obiekt po\u017c\u0105dania z rodzaju <em>Quercus<\/em>, mianowicie d\u0105b nie\u015bplikolistny (meksyka\u0144ski) <em>Q. rhysophylla<\/em> odmiany \u2018Maya\u2019.<\/p>\n<figure id=\"attachment_3719\" aria-describedby=\"caption-attachment-3719\" style=\"width: 1920px\" class=\"wp-caption alignnone\"><a href=\"https:\/\/ogrod.pan.pl\/blog\/wp-content\/uploads\/2022\/03\/swierk-ajanski-12.jpg\"><img loading=\"lazy\" decoding=\"async\" class=\"wp-image-3719 size-full\" src=\"https:\/\/ogrod.pan.pl\/blog\/wp-content\/uploads\/2022\/03\/swierk-ajanski-12.jpg\" alt=\"\" width=\"1920\" height=\"1200\" srcset=\"https:\/\/ogrod.pan.pl\/blog\/wp-content\/uploads\/2022\/03\/swierk-ajanski-12.jpg 1920w, https:\/\/ogrod.pan.pl\/blog\/wp-content\/uploads\/2022\/03\/swierk-ajanski-12-300x188.jpg 300w, https:\/\/ogrod.pan.pl\/blog\/wp-content\/uploads\/2022\/03\/swierk-ajanski-12-1024x640.jpg 1024w, https:\/\/ogrod.pan.pl\/blog\/wp-content\/uploads\/2022\/03\/swierk-ajanski-12-768x480.jpg 768w, https:\/\/ogrod.pan.pl\/blog\/wp-content\/uploads\/2022\/03\/swierk-ajanski-12-1536x960.jpg 1536w\" sizes=\"auto, (max-width: 1920px) 100vw, 1920px\" \/><\/a><figcaption id=\"caption-attachment-3719\" class=\"wp-caption-text\">\u015awierk aja\u0144ski<\/figcaption><\/figure>\n<p><strong>Dobre, bo polskie: wieczniezielone paprocie do ogrodu<\/strong><\/p>\n<p style=\"text-align: justify;\">Wiele os\u00f3b s\u0105dzi, \u017ce wieczniezielone paprocie musz\u0105 by\u0107 egzotami. Tymczasem w naszych lasach i g\u00f3rach jak najbardziej znale\u017a\u0107 mo\u017cna miejscowe gatunki o w pe\u0142ni zimotrwa\u0142ych li\u015bciach. Dodajmy do tego paprocie sprowadzane z Syberii i Kanady, a otrzymamy szerok\u0105 palet\u0119 gatunk\u00f3w i odmian, kt\u00f3rych niekiedy nie trzeba nawet okrywa\u0107 zim\u0105. Wiele uroku wnosz\u0105 do Powsina rodzime paprotniki jak: paprotka zwyczajna, j\u0119zycznik i podrze\u0144 \u017cebrowiec. Paprotk\u0119 zwyczajn\u0105 <em>Polypodium vulgare<\/em> nie bez powodu zwano \u201es\u0142odyczk\u0105\u201d. Jej s\u0142odkie k\u0142\u0105cza pozwoli\u0142y naszym przodkom przetrwa\u0107 niejeden przedn\u00f3wek i niejedno przegrane powstanie. Jest bardzo \u017cywotna, poradzi sobie nawet w pe\u0142nym S\u0142o\u0144cu o ile ma wilgotno w glebie, cho\u0107 nie zawsze zawi\u0105zuje zarodniki. Sk\u0105d ta bujno\u015b\u0107? Okazuje si\u0119, \u017ce paprotki zwyczajne to naturalne hybrydy p. syberyjskiej <em>P. sibiricum<\/em> z p. lukrecjow\u0105 <em>P. glycyrrhiza<\/em>.<\/p>\n<figure id=\"attachment_3720\" aria-describedby=\"caption-attachment-3720\" style=\"width: 1920px\" class=\"wp-caption alignnone\"><a href=\"https:\/\/ogrod.pan.pl\/blog\/wp-content\/uploads\/2022\/03\/paprotka-zwyczajna.jpg\"><img loading=\"lazy\" decoding=\"async\" class=\"wp-image-3720 size-full\" src=\"https:\/\/ogrod.pan.pl\/blog\/wp-content\/uploads\/2022\/03\/paprotka-zwyczajna.jpg\" alt=\"\" width=\"1920\" height=\"1200\" srcset=\"https:\/\/ogrod.pan.pl\/blog\/wp-content\/uploads\/2022\/03\/paprotka-zwyczajna.jpg 1920w, https:\/\/ogrod.pan.pl\/blog\/wp-content\/uploads\/2022\/03\/paprotka-zwyczajna-300x188.jpg 300w, https:\/\/ogrod.pan.pl\/blog\/wp-content\/uploads\/2022\/03\/paprotka-zwyczajna-1024x640.jpg 1024w, https:\/\/ogrod.pan.pl\/blog\/wp-content\/uploads\/2022\/03\/paprotka-zwyczajna-768x480.jpg 768w, https:\/\/ogrod.pan.pl\/blog\/wp-content\/uploads\/2022\/03\/paprotka-zwyczajna-1536x960.jpg 1536w\" sizes=\"auto, (max-width: 1920px) 100vw, 1920px\" \/><\/a><figcaption id=\"caption-attachment-3720\" class=\"wp-caption-text\">Paprotka zwyczajna<\/figcaption><\/figure>\n<p style=\"text-align: justify;\">W akwariach morskich trzyma si\u0119 bajecznie kolorowe w\u0119\u017cowid\u0142a i rozgwiazdy, a w Powsinie mamy j\u0119zyczniki <em>Asplenium scolopendrium<\/em> (dawniej <em>Phyllitis scolopendrium<\/em>), tak\u017ce wygl\u0105daj\u0105ce niczym jakie\u015b ogromne, szmaragdowe szkar\u0142upnie. Daj\u0105 rad\u0119 nawet w\u015br\u00f3d rozpalonych latem wapiennych g\u0142az\u00f3w powsi\u0144skich \u201ePienin\u201d, cho\u0107 s\u0105 tam bledsze i mniejsze ni\u017c pod okapem drzew na Rabacie Cienistej.<\/p>\n<figure id=\"attachment_3721\" aria-describedby=\"caption-attachment-3721\" style=\"width: 1920px\" class=\"wp-caption alignnone\"><a href=\"https:\/\/ogrod.pan.pl\/blog\/wp-content\/uploads\/2022\/03\/Jezyczniki-w-Powsinie.jpg\"><img loading=\"lazy\" decoding=\"async\" class=\"wp-image-3721 size-full\" src=\"https:\/\/ogrod.pan.pl\/blog\/wp-content\/uploads\/2022\/03\/Jezyczniki-w-Powsinie.jpg\" alt=\"\" width=\"1920\" height=\"1200\" srcset=\"https:\/\/ogrod.pan.pl\/blog\/wp-content\/uploads\/2022\/03\/Jezyczniki-w-Powsinie.jpg 1920w, https:\/\/ogrod.pan.pl\/blog\/wp-content\/uploads\/2022\/03\/Jezyczniki-w-Powsinie-300x188.jpg 300w, https:\/\/ogrod.pan.pl\/blog\/wp-content\/uploads\/2022\/03\/Jezyczniki-w-Powsinie-1024x640.jpg 1024w, https:\/\/ogrod.pan.pl\/blog\/wp-content\/uploads\/2022\/03\/Jezyczniki-w-Powsinie-768x480.jpg 768w, https:\/\/ogrod.pan.pl\/blog\/wp-content\/uploads\/2022\/03\/Jezyczniki-w-Powsinie-1536x960.jpg 1536w\" sizes=\"auto, (max-width: 1920px) 100vw, 1920px\" \/><\/a><figcaption id=\"caption-attachment-3721\" class=\"wp-caption-text\">J\u0119zyczniki w Powsinie<\/figcaption><\/figure>\n<p style=\"text-align: justify;\">Nast\u0119pnym, rzekomym egzotem b\u0119dzie podrze\u0144 \u017cebrowiec <em>Blechnum spicant<\/em>. Gdy wysia\u0142 si\u0119 kiedy\u015b w szklarence na poddaszu budynku Banku Gen\u00f3w, to wi\u0119kszo\u015b\u0107 starych pracownik\u00f3w bra\u0142a go za przybysza z Oran\u017cerii. Tymczasem to twardy g\u00f3ral z Sudet\u00f3w i Karpat, na Ni\u017cu Polskim niezwykle rzadki jako relikt zlodowace\u0144. Wypuszcza dwa typy li\u015bci. Zimotrwa\u0142e s\u0105 tylko te asymilacyjne, do od\u017cywiania na drodze fotosyntezy i oddychania. D\u0142u\u017csze od nich li\u015bcie zarodniono\u015bne zgin\u0105 jesieni\u0105, rozsiawszy najpierw zarodniki.<\/p>\n<p>mgr Adam Kapler<\/p>\n","protected":false},"excerpt":{"rendered":"<p>Od listopada do kwietnia bardzo brakuje nam \u017cywej zieleni li\u015bci. Za spraw\u0105 ocieplaj\u0105cego si\u0119 klimatu oraz wysi\u0142k\u00f3w pokole\u0144 \u0142owc\u00f3w ro\u015blin i szk\u00f3\u0142karzy przybywa jednak drzew, krzew\u00f3w i ro\u015blin zielnych, kt\u00f3rych \u017cywa, szmaragdowa ziele\u0144 mo\u017ce nam w Polsce towarzyszy\u0107 przez 365 dni roku. Do niedawna grupa ta sk\u0142ada\u0142a si\u0119 przede wszystkim z iglak\u00f3w, kt\u00f3rym towarzyszy\u0142y nieliczne&#8230;<\/p>\n","protected":false},"author":6,"featured_media":3717,"comment_status":"closed","ping_status":"closed","sticky":false,"template":"","format":"standard","meta":{"_kad_blocks_custom_css":"","_kad_blocks_head_custom_js":"","_kad_blocks_body_custom_js":"","_kad_blocks_footer_custom_js":"","ngg_post_thumbnail":0,"_kad_post_transparent":"","_kad_post_title":"","_kad_post_layout":"","_kad_post_sidebar_id":"","_kad_post_content_style":"","_kad_post_vertical_padding":"","_kad_post_feature":"","_kad_post_feature_position":"","_kad_post_header":false,"_kad_post_footer":false,"_kad_post_classname":"","footnotes":""},"categories":[1,34,26],"tags":[524,527,530,525,526,528,529],"class_list":["post-3710","post","type-post","status-publish","format-standard","has-post-thumbnail","hentry","category-rozne","category-w-naszym-ogrodzie","category-z-notatnika-przyrodnika","tag-bergenia","tag-fargesia-rufa","tag-lonicera-giraldii","tag-ostrokrzew","tag-ostrokrzew-okolkowy","tag-runianka-japonska","tag-skimmia-japonica"],"taxonomy_info":{"category":[{"value":1,"label":"R\u00f3\u017cne"},{"value":34,"label":"W naszym Ogrodzie"},{"value":26,"label":"Z notatnika przyrodnika"}],"post_tag":[{"value":524,"label":"Bergenia"},{"value":527,"label":"Fargesia rufa"},{"value":530,"label":"Lonicera giraldii"},{"value":525,"label":"Ostrokrzew"},{"value":526,"label":"Ostrokrzew ok\u00f3\u0142kowy"},{"value":528,"label":"runianka japo\u0144ska"},{"value":529,"label":"Skimmia japonica"}]},"featured_image_src_large":["https:\/\/ogrod.pan.pl\/blog\/wp-content\/uploads\/2022\/03\/skimia-japonica-1024x683.jpg",1024,683,true],"author_info":{"display_name":"admin_1","author_link":"https:\/\/ogrod.pan.pl\/blog\/author\/admin_1\/"},"comment_info":0,"category_info":[{"term_id":1,"name":"R\u00f3\u017cne","slug":"rozne","term_group":0,"term_taxonomy_id":1,"taxonomy":"category","description":"","parent":18,"count":46,"filter":"raw","cat_ID":1,"category_count":46,"category_description":"","cat_name":"R\u00f3\u017cne","category_nicename":"rozne","category_parent":18},{"term_id":34,"name":"W naszym Ogrodzie","slug":"w-naszym-ogrodzie","term_group":0,"term_taxonomy_id":34,"taxonomy":"category","description":"","parent":18,"count":65,"filter":"raw","cat_ID":34,"category_count":65,"category_description":"","cat_name":"W naszym Ogrodzie","category_nicename":"w-naszym-ogrodzie","category_parent":18},{"term_id":26,"name":"Z notatnika przyrodnika","slug":"z-notatnika-przyrodnika","term_group":0,"term_taxonomy_id":26,"taxonomy":"category","description":"","parent":18,"count":95,"filter":"raw","cat_ID":26,"category_count":95,"category_description":"","cat_name":"Z notatnika przyrodnika","category_nicename":"z-notatnika-przyrodnika","category_parent":18}],"tag_info":[{"term_id":524,"name":"Bergenia","slug":"bergenia","term_group":0,"term_taxonomy_id":524,"taxonomy":"post_tag","description":"","parent":0,"count":1,"filter":"raw"},{"term_id":527,"name":"Fargesia rufa","slug":"fargesia-rufa","term_group":0,"term_taxonomy_id":527,"taxonomy":"post_tag","description":"","parent":0,"count":1,"filter":"raw"},{"term_id":530,"name":"Lonicera giraldii","slug":"lonicera-giraldii","term_group":0,"term_taxonomy_id":530,"taxonomy":"post_tag","description":"","parent":0,"count":1,"filter":"raw"},{"term_id":525,"name":"Ostrokrzew","slug":"ostrokrzew","term_group":0,"term_taxonomy_id":525,"taxonomy":"post_tag","description":"","parent":0,"count":1,"filter":"raw"},{"term_id":526,"name":"Ostrokrzew ok\u00f3\u0142kowy","slug":"ostrokrzew-okolkowy","term_group":0,"term_taxonomy_id":526,"taxonomy":"post_tag","description":"","parent":0,"count":1,"filter":"raw"},{"term_id":528,"name":"runianka japo\u0144ska","slug":"runianka-japonska","term_group":0,"term_taxonomy_id":528,"taxonomy":"post_tag","description":"","parent":0,"count":1,"filter":"raw"},{"term_id":529,"name":"Skimmia japonica","slug":"skimmia-japonica","term_group":0,"term_taxonomy_id":529,"taxonomy":"post_tag","description":"","parent":0,"count":1,"filter":"raw"}],"_links":{"self":[{"href":"https:\/\/ogrod.pan.pl\/blog\/wp-json\/wp\/v2\/posts\/3710","targetHints":{"allow":["GET"]}}],"collection":[{"href":"https:\/\/ogrod.pan.pl\/blog\/wp-json\/wp\/v2\/posts"}],"about":[{"href":"https:\/\/ogrod.pan.pl\/blog\/wp-json\/wp\/v2\/types\/post"}],"author":[{"embeddable":true,"href":"https:\/\/ogrod.pan.pl\/blog\/wp-json\/wp\/v2\/users\/6"}],"replies":[{"embeddable":true,"href":"https:\/\/ogrod.pan.pl\/blog\/wp-json\/wp\/v2\/comments?post=3710"}],"version-history":[{"count":0,"href":"https:\/\/ogrod.pan.pl\/blog\/wp-json\/wp\/v2\/posts\/3710\/revisions"}],"wp:featuredmedia":[{"embeddable":true,"href":"https:\/\/ogrod.pan.pl\/blog\/wp-json\/wp\/v2\/media\/3717"}],"wp:attachment":[{"href":"https:\/\/ogrod.pan.pl\/blog\/wp-json\/wp\/v2\/media?parent=3710"}],"wp:term":[{"taxonomy":"category","embeddable":true,"href":"https:\/\/ogrod.pan.pl\/blog\/wp-json\/wp\/v2\/categories?post=3710"},{"taxonomy":"post_tag","embeddable":true,"href":"https:\/\/ogrod.pan.pl\/blog\/wp-json\/wp\/v2\/tags?post=3710"}],"curies":[{"name":"wp","href":"https:\/\/api.w.org\/{rel}","templated":true}]}}