{"id":3488,"date":"2021-10-19T09:24:46","date_gmt":"2021-10-19T07:24:46","guid":{"rendered":"https:\/\/ogrod-powsin.pl\/blog\/?p=3488"},"modified":"2021-10-19T09:26:24","modified_gmt":"2021-10-19T07:26:24","slug":"jesienny-powsin-w-obiektywie","status":"publish","type":"post","link":"https:\/\/ogrod.pan.pl\/blog\/jesienny-powsin-w-obiektywie\/","title":{"rendered":"Jesienny Powsin w obiektywie"},"content":{"rendered":"<p style=\"text-align: justify;\">Jesie\u0144 w przyrodzie to wyj\u0105tkowy czas, znaczony feeri\u0105 barw, nastrojowych mgie\u0142 i b\u0142yszcz\u0105cej, porannej rosy. To tak\u017ce jeden z najwspanialszych okres\u00f3w do fotografowania Natury. Ogr\u00f3d Botaniczny w Powsinie oferuje mnogo\u015b\u0107 temat\u00f3w zdj\u0119ciowych o ka\u017cdej porze roku, ale jesie\u0144 jest tutaj naprawd\u0119 wyj\u0105tkowa.<\/p>\n<p><a href=\"https:\/\/ogrod.pan.pl\/blog\/wp-content\/uploads\/2021\/10\/DSC4393.jpg\"><img loading=\"lazy\" decoding=\"async\" class=\"alignnone size-full wp-image-3490\" src=\"https:\/\/ogrod.pan.pl\/blog\/wp-content\/uploads\/2021\/10\/DSC4393.jpg\" alt=\"\" width=\"1600\" height=\"1103\" srcset=\"https:\/\/ogrod.pan.pl\/blog\/wp-content\/uploads\/2021\/10\/DSC4393.jpg 1600w, https:\/\/ogrod.pan.pl\/blog\/wp-content\/uploads\/2021\/10\/DSC4393-300x207.jpg 300w, https:\/\/ogrod.pan.pl\/blog\/wp-content\/uploads\/2021\/10\/DSC4393-1024x706.jpg 1024w, https:\/\/ogrod.pan.pl\/blog\/wp-content\/uploads\/2021\/10\/DSC4393-768x529.jpg 768w, https:\/\/ogrod.pan.pl\/blog\/wp-content\/uploads\/2021\/10\/DSC4393-1536x1059.jpg 1536w\" sizes=\"auto, (max-width: 1600px) 100vw, 1600px\" \/><\/a><\/p>\n<p style=\"text-align: justify;\">Fotografowanie jesiennej przyrody jest relatywnie \u0142atwe, je\u015bli tylko posiadamy do tego odpowiednie narz\u0119dzia. Pierwszym wyborem wi\u0119kszo\u015bci odwiedzaj\u0105cych jesienny Powsin jest smartfon. Post\u0119p technologiczny ostatnich lat sprawi\u0142, \u017ce telefony kom\u00f3rkowe s\u0105 w stanie wykonywa\u0107 naprawd\u0119 dobrej jako\u015bci zdj\u0119cia. Nale\u017cy jednak pami\u0119ta\u0107, \u017ce nie s\u0105 \u201enarz\u0119dziem idealnym\u201d. Podstawow\u0105 barier\u0119 stanowi jako\u015b\u0107 obrazu w warunkach ograniczonego o\u015bwietlenia oraz limitacje obiektyw\u00f3w.<\/p>\n<p><a href=\"https:\/\/ogrod.pan.pl\/blog\/wp-content\/uploads\/2021\/10\/DSC4429.jpg\"><img loading=\"lazy\" decoding=\"async\" class=\"alignnone size-full wp-image-3491\" src=\"https:\/\/ogrod.pan.pl\/blog\/wp-content\/uploads\/2021\/10\/DSC4429.jpg\" alt=\"\" width=\"1600\" height=\"1087\" srcset=\"https:\/\/ogrod.pan.pl\/blog\/wp-content\/uploads\/2021\/10\/DSC4429.jpg 1600w, https:\/\/ogrod.pan.pl\/blog\/wp-content\/uploads\/2021\/10\/DSC4429-300x204.jpg 300w, https:\/\/ogrod.pan.pl\/blog\/wp-content\/uploads\/2021\/10\/DSC4429-1024x696.jpg 1024w, https:\/\/ogrod.pan.pl\/blog\/wp-content\/uploads\/2021\/10\/DSC4429-768x522.jpg 768w, https:\/\/ogrod.pan.pl\/blog\/wp-content\/uploads\/2021\/10\/DSC4429-1536x1044.jpg 1536w\" sizes=\"auto, (max-width: 1600px) 100vw, 1600px\" \/><\/a><\/p>\n<p style=\"text-align: justify;\">Warto zwr\u00f3ci\u0107 uwag\u0119 na fakt, i\u017c sprz\u0119t fotograficzny sta\u0142 si\u0119 w XXI wieku o wiele bardziej dost\u0119pny dla mi\u0142o\u015bnika fotografii. Nie odstraszaj\u0105 tak bardzo jak kiedy\u015b ceny, a szeroki wyb\u00f3r aparat\u00f3w, obiektyw\u00f3w oraz akcesori\u00f3w fotograficznych sprawia, \u017ce fotografuj\u0105cy mo\u017ce bez problemu dostosowa\u0107 sw\u00f3j system fotograficzny do indywidualnych potrzeb. Nie ulega w\u0105tpliwo\u015bci, \u017ce dla bardziej wymagaj\u0105cych fotograf\u00f3w bezlusterkowiec lub lustrzanka z dedykowanym obiektywem pozwoli na otrzymanie lepszej jako\u015bci obrazu, ni\u017c smartfon.<\/p>\n<p><a href=\"https:\/\/ogrod.pan.pl\/blog\/wp-content\/uploads\/2021\/10\/DSC_0237.jpg\"><img loading=\"lazy\" decoding=\"async\" class=\"alignnone size-full wp-image-3492\" src=\"https:\/\/ogrod.pan.pl\/blog\/wp-content\/uploads\/2021\/10\/DSC_0237.jpg\" alt=\"\" width=\"1600\" height=\"1000\" srcset=\"https:\/\/ogrod.pan.pl\/blog\/wp-content\/uploads\/2021\/10\/DSC_0237.jpg 1600w, https:\/\/ogrod.pan.pl\/blog\/wp-content\/uploads\/2021\/10\/DSC_0237-300x188.jpg 300w, https:\/\/ogrod.pan.pl\/blog\/wp-content\/uploads\/2021\/10\/DSC_0237-1024x640.jpg 1024w, https:\/\/ogrod.pan.pl\/blog\/wp-content\/uploads\/2021\/10\/DSC_0237-768x480.jpg 768w, https:\/\/ogrod.pan.pl\/blog\/wp-content\/uploads\/2021\/10\/DSC_0237-1536x960.jpg 1536w\" sizes=\"auto, (max-width: 1600px) 100vw, 1600px\" \/><\/a><\/p>\n<p style=\"text-align: justify;\">Warto pami\u0119ta\u0107, \u017ce r\u00f3wnie wa\u017cnym elementem sk\u0142adowym w procesie powstawania dobrej i ciekawej fotografii jest wiedza. Technologie XXI wieku otworzy\u0142y przed nami nowe mo\u017cliwo\u015bci. Nie zwalniaj\u0105 nas, jednak z obowi\u0105zku poznania technik fotografowania, dzi\u0119ki kt\u00f3rym nasze zdj\u0119cia stan\u0105 si\u0119 lepsze technicznie i \u2013 co najwa\u017cniejsze \u2013 ciekawsze artystycznie. W Ogrodzie PAN regularnie prowadzimy warsztaty oraz spacery fotograficzne, kt\u00f3re pomagaj\u0105 uczestnikom w zdobyciu wiedzy z zakresu obs\u0142ugi sprz\u0119tu fotograficznego, jak i technik fotografowania. I cho\u0107 tematem przewodnim zaj\u0119\u0107 jest szeroko poj\u0119ta fotografia przyrodnicza, to przekazywana podczas szkole\u0144 wiedza znajdzie szerokie zastosowanie w wielu innych dziedzinach fotografii.<\/p>\n<p><a href=\"https:\/\/ogrod.pan.pl\/blog\/wp-content\/uploads\/2021\/10\/DSC4872.jpg\"><img loading=\"lazy\" decoding=\"async\" class=\"alignnone size-full wp-image-3493\" src=\"https:\/\/ogrod.pan.pl\/blog\/wp-content\/uploads\/2021\/10\/DSC4872.jpg\" alt=\"\" width=\"1600\" height=\"1156\" srcset=\"https:\/\/ogrod.pan.pl\/blog\/wp-content\/uploads\/2021\/10\/DSC4872.jpg 1600w, https:\/\/ogrod.pan.pl\/blog\/wp-content\/uploads\/2021\/10\/DSC4872-300x217.jpg 300w, https:\/\/ogrod.pan.pl\/blog\/wp-content\/uploads\/2021\/10\/DSC4872-1024x740.jpg 1024w, https:\/\/ogrod.pan.pl\/blog\/wp-content\/uploads\/2021\/10\/DSC4872-768x555.jpg 768w, https:\/\/ogrod.pan.pl\/blog\/wp-content\/uploads\/2021\/10\/DSC4872-1536x1110.jpg 1536w\" sizes=\"auto, (max-width: 1600px) 100vw, 1600px\" \/><\/a><\/p>\n<p style=\"text-align: justify;\">Kolorowa jesie\u0144 powoli dobiega ko\u0144ca. Ale nie warto rozpacza\u0107. Zima w ogrodzie b\u0119dzie bowiem r\u00f3wnie ciekawym tematem fotograficznym! Nale\u017cy mie\u0107 nadziej\u0119, \u017ce i w tym roku spadnie ca\u0142a masa \u015bniegu, kt\u00f3ry przykryje bia\u0142ym szalem drzewa i krzewy w Arboretum. A to ju\u017c wspania\u0142y pocz\u0105tek fotograficznej przygody, chocia\u017cby z zieleni\u0105 drzew i bogactwem kolor\u00f3w kryj\u0105cych si\u0119 w\u015br\u00f3d nich ptak\u00f3w\u2026<\/p>\n<p>Zapraszam na warsztaty fotograficzne do Ogrodu! Wi\u0119cej informacji na ich temat pojawia\u0107 si\u0119 b\u0119dzie na Facebooku ogrodu oraz na stronie <a href=\"http:\/\/www.photowalk.pl\" target=\"_blank\" rel=\"noopener\">www.photowalk.pl<\/a><\/p>\n<p style=\"text-align: justify;\">Jaros\u0142aw T. Deluga<\/p>\n","protected":false},"excerpt":{"rendered":"<p>Jesie\u0144 w przyrodzie to wyj\u0105tkowy czas, znaczony feeri\u0105 barw, nastrojowych mgie\u0142 i b\u0142yszcz\u0105cej, porannej rosy. To tak\u017ce jeden z najwspanialszych okres\u00f3w do fotografowania Natury. Ogr\u00f3d Botaniczny w Powsinie oferuje mnogo\u015b\u0107 temat\u00f3w zdj\u0119ciowych o ka\u017cdej porze roku, ale jesie\u0144 jest tutaj naprawd\u0119 wyj\u0105tkowa. Fotografowanie jesiennej przyrody jest relatywnie \u0142atwe, je\u015bli tylko posiadamy do tego odpowiednie narz\u0119dzia&#8230;.<\/p>\n","protected":false},"author":6,"featured_media":3493,"comment_status":"closed","ping_status":"closed","sticky":false,"template":"","format":"standard","meta":{"_kad_blocks_custom_css":"","_kad_blocks_head_custom_js":"","_kad_blocks_body_custom_js":"","_kad_blocks_footer_custom_js":"","ngg_post_thumbnail":0,"_kad_post_transparent":"","_kad_post_title":"","_kad_post_layout":"","_kad_post_sidebar_id":"","_kad_post_content_style":"","_kad_post_vertical_padding":"","_kad_post_feature":"","_kad_post_feature_position":"","_kad_post_header":false,"_kad_post_footer":false,"_kad_post_classname":"","footnotes":""},"categories":[34,19],"tags":[463,465,464,462],"class_list":["post-3488","post","type-post","status-publish","format-standard","has-post-thumbnail","hentry","category-w-naszym-ogrodzie","category-news","tag-fotografia-przyrodnicza","tag-jaroslaw-deluga","tag-jesien-w-ogrodzie","tag-warsztaty-photowalkpl"],"taxonomy_info":{"category":[{"value":34,"label":"W naszym Ogrodzie"},{"value":19,"label":"Wydarzenia"}],"post_tag":[{"value":463,"label":"Fotografia przyrodnicza"},{"value":465,"label":"Jaros\u0142aw Deluga"},{"value":464,"label":"Jesie\u0144 w ogrodzie"},{"value":462,"label":"Warsztaty PhotowalkPL"}]},"featured_image_src_large":["https:\/\/ogrod.pan.pl\/blog\/wp-content\/uploads\/2021\/10\/DSC4872-1024x740.jpg",1024,740,true],"author_info":{"display_name":"admin_1","author_link":"https:\/\/ogrod.pan.pl\/blog\/author\/admin_1\/"},"comment_info":0,"category_info":[{"term_id":34,"name":"W naszym Ogrodzie","slug":"w-naszym-ogrodzie","term_group":0,"term_taxonomy_id":34,"taxonomy":"category","description":"","parent":18,"count":65,"filter":"raw","cat_ID":34,"category_count":65,"category_description":"","cat_name":"W naszym Ogrodzie","category_nicename":"w-naszym-ogrodzie","category_parent":18},{"term_id":19,"name":"Wydarzenia","slug":"news","term_group":0,"term_taxonomy_id":19,"taxonomy":"category","description":"","parent":18,"count":27,"filter":"raw","cat_ID":19,"category_count":27,"category_description":"","cat_name":"Wydarzenia","category_nicename":"news","category_parent":18}],"tag_info":[{"term_id":463,"name":"Fotografia przyrodnicza","slug":"fotografia-przyrodnicza","term_group":0,"term_taxonomy_id":463,"taxonomy":"post_tag","description":"","parent":0,"count":1,"filter":"raw"},{"term_id":465,"name":"Jaros\u0142aw Deluga","slug":"jaroslaw-deluga","term_group":0,"term_taxonomy_id":465,"taxonomy":"post_tag","description":"","parent":0,"count":1,"filter":"raw"},{"term_id":464,"name":"Jesie\u0144 w ogrodzie","slug":"jesien-w-ogrodzie","term_group":0,"term_taxonomy_id":464,"taxonomy":"post_tag","description":"","parent":0,"count":1,"filter":"raw"},{"term_id":462,"name":"Warsztaty PhotowalkPL","slug":"warsztaty-photowalkpl","term_group":0,"term_taxonomy_id":462,"taxonomy":"post_tag","description":"","parent":0,"count":1,"filter":"raw"}],"_links":{"self":[{"href":"https:\/\/ogrod.pan.pl\/blog\/wp-json\/wp\/v2\/posts\/3488","targetHints":{"allow":["GET"]}}],"collection":[{"href":"https:\/\/ogrod.pan.pl\/blog\/wp-json\/wp\/v2\/posts"}],"about":[{"href":"https:\/\/ogrod.pan.pl\/blog\/wp-json\/wp\/v2\/types\/post"}],"author":[{"embeddable":true,"href":"https:\/\/ogrod.pan.pl\/blog\/wp-json\/wp\/v2\/users\/6"}],"replies":[{"embeddable":true,"href":"https:\/\/ogrod.pan.pl\/blog\/wp-json\/wp\/v2\/comments?post=3488"}],"version-history":[{"count":0,"href":"https:\/\/ogrod.pan.pl\/blog\/wp-json\/wp\/v2\/posts\/3488\/revisions"}],"wp:featuredmedia":[{"embeddable":true,"href":"https:\/\/ogrod.pan.pl\/blog\/wp-json\/wp\/v2\/media\/3493"}],"wp:attachment":[{"href":"https:\/\/ogrod.pan.pl\/blog\/wp-json\/wp\/v2\/media?parent=3488"}],"wp:term":[{"taxonomy":"category","embeddable":true,"href":"https:\/\/ogrod.pan.pl\/blog\/wp-json\/wp\/v2\/categories?post=3488"},{"taxonomy":"post_tag","embeddable":true,"href":"https:\/\/ogrod.pan.pl\/blog\/wp-json\/wp\/v2\/tags?post=3488"}],"curies":[{"name":"wp","href":"https:\/\/api.w.org\/{rel}","templated":true}]}}