{"id":3336,"date":"2021-07-12T10:50:13","date_gmt":"2021-07-12T08:50:13","guid":{"rendered":"https:\/\/ogrod-powsin.pl\/blog\/?p=3336"},"modified":"2021-07-15T12:15:08","modified_gmt":"2021-07-15T10:15:08","slug":"profesor-jerzy-puchalski-dzielo-i-osoba-jubileusz-50-lecia-pracy-zawodowej","status":"publish","type":"post","link":"https:\/\/ogrod.pan.pl\/blog\/profesor-jerzy-puchalski-dzielo-i-osoba-jubileusz-50-lecia-pracy-zawodowej\/","title":{"rendered":"Profesor Jerzy Puchalski \u2013 dzie\u0142o i osoba \u2013 jubileusz 50-lecia pracy zawodowej"},"content":{"rendered":"<p style=\"text-align: justify;\"><em>Przem\u00f3wienie dra Paw\u0142a Kojsa, dyrektora \u015al\u0105skiego Ogrodu Botanicznego, podczas sesji jubileuszowej, kt\u00f3ra odby\u0142a si\u0119 w ramach 50. Zjazdu Ogrod\u00f3w Botanicznych i Arboret\u00f3w w Polsce w dniu 17 czerwca 2021 r. w Bydgoszczy.<\/em><\/p>\n<p style=\"text-align: justify;\">Mam ogromny zaszczyt przybli\u017cy\u0107 Pa\u0144stwu posta\u0107 dla \u015brodowiska ogrod\u00f3w botanicznych niezmiernie wa\u017cn\u0105, a w perspektywie ostatnich dekad wyj\u0105tkow\u0105, kt\u00f3ra niedawno obchodzi\u0142a jubileusz 50-lecia pracy zawodowej \u2013 Prof. dr. hab. Jerzego Puchalskiego.<\/p>\n<p><a href=\"https:\/\/ogrod.pan.pl\/blog\/wp-content\/uploads\/2021\/07\/prof-Puchalski.jpg\"><img loading=\"lazy\" decoding=\"async\" class=\"alignnone size-full wp-image-3339\" src=\"https:\/\/ogrod.pan.pl\/blog\/wp-content\/uploads\/2021\/07\/prof-Puchalski.jpg\" alt=\"\" width=\"1920\" height=\"1200\" srcset=\"https:\/\/ogrod.pan.pl\/blog\/wp-content\/uploads\/2021\/07\/prof-Puchalski.jpg 1920w, https:\/\/ogrod.pan.pl\/blog\/wp-content\/uploads\/2021\/07\/prof-Puchalski-300x188.jpg 300w, https:\/\/ogrod.pan.pl\/blog\/wp-content\/uploads\/2021\/07\/prof-Puchalski-1024x640.jpg 1024w, https:\/\/ogrod.pan.pl\/blog\/wp-content\/uploads\/2021\/07\/prof-Puchalski-768x480.jpg 768w, https:\/\/ogrod.pan.pl\/blog\/wp-content\/uploads\/2021\/07\/prof-Puchalski-1536x960.jpg 1536w\" sizes=\"auto, (max-width: 1920px) 100vw, 1920px\" \/><\/a><\/p>\n<p style=\"text-align: justify;\">50 lat pracy zawodowej, w ca\u0142o\u015bci zwi\u0105zanej z zak\u0142adaniem, rozwojem i przez blisko trzy dekady prowadzeniem Ogrodu Botanicznego Polskiej Akademii Nauk, a tak\u017ce rozwojem \u015brodowiska ogrod\u00f3w botanicznych w Polsce i w Europie, to jubileusz szczeg\u00f3lny. W trakcie tego wyst\u0105pienia nie spos\u00f3b wymieni\u0107 wszystkie osi\u0105gni\u0119cia Pana Profesora (samo ich wymienienie zajmuje niemal godzin\u0119, a wraz z ich kr\u00f3tk\u0105 charakterystyk\u0105 ponad trzy). Dlatego oczywistym jest to, \u017ce wybrane przeze mnie epizody z \u017cycia zawodowego Pana Profesora nie oddadz\u0105 nawet drobnej cz\u0119\u015bci jego dokona\u0144 i zas\u0142ug. Wyb\u00f3r zdarze\u0144, fakt\u00f3w i kontekst\u00f3w przywo\u0142anych w moim wyst\u0105pieniu jest oczywi\u015bcie subiektywny, ale nie przypadkowy.<\/p>\n<p style=\"text-align: justify;\">Profesora Jerzego Puchalskiego pozna\u0142em blisko 25 lat temu (w 1996 roku) przy okazji stara\u0144 zwi\u0105zanych z utworzeniem \u015al\u0105skiego Ogrodu Botanicznego w Miko\u0142owie. Borykali\u015bmy si\u0119 w\u00f3wczas z licznymi problemami, kt\u00f3rych tylko cz\u0119\u015b\u0107 by\u0142a zwi\u0105zana z ekonomiczn\u0105 sytuacj\u0105, w jakiej w\u00f3wczas znajdowa\u0142a si\u0119 polska gospodarka. Kr\u00f3tko m\u00f3wi\u0105c, nie by\u0142o w\u00f3wczas na \u015al\u0105sku ani woli, ani wiary w to, \u017ce w czasie kiedy wiele instytucji boryka\u0142o si\u0119 z problemami finansowymi, a wiele innych by\u0142o z tych samych powod\u00f3w zamykanych, mo\u017ce powsta\u0107 nowy ogr\u00f3d botaniczny. Wiedz\u0105c o tym, \u017ce najlepszym momentem do tworzenia rzeczy nowych s\u0105 g\u0142\u0119bokie kryzysy, niewielki zesp\u00f3\u0142 wywodz\u0105cy si\u0119 z Uniwersytetu \u015al\u0105skiego w Katowicach i Klubu Ekologicznego oddzia\u0142u g\u00f3rno\u015bl\u0105skiego poszukiwa\u0142 wsparcia wsz\u0119dzie, gdzie by\u0142o to mo\u017cliwe. Troch\u0119 w desperacji, a troch\u0119 licz\u0105c na to, \u017ce ewentualne wsparcie ze strony powa\u017cnej instytucji naukowej pozwoli nam na rozpocz\u0119cie budowy nowego ogrodu botanicznego, zwr\u00f3cili\u015bmy si\u0119 o pomoc mi\u0119dzy innymi do Ogrodu Botanicznego Polskiej Akademii Nauk. Napisali\u015bmy list z pro\u015bb\u0105 o wsparcie i (jednak) ku naszemu zaskoczeniu odezwa\u0142 si\u0119 do nas dyrektor Ogrodu Botanicznego Polskiej Akademii Nauk \u2013 dr hab. Jerzy Puchalski. Dla \u015brodowiska ogrod\u00f3w botanicznych by\u0142 ju\u017c w\u00f3wczas postaci\u0105 bardzo znacz\u0105c\u0105, ale ca\u0142y czas systematycznie buduj\u0105c\u0105 swoj\u0105 si\u0142\u0119 spo\u0142eczn\u0105 zar\u00f3wno w kraju, jak i za granic\u0105. Decyzj\u0119 o przyje\u017adzie na \u015al\u0105sk podj\u0105\u0142 bardzo szybko i zaanga\u017cowa\u0142 w ca\u0142\u0105 spraw\u0119 znacz\u0105ce osoby po stronie Akademii, m.in. \u00f3wczesnego przewodnicz\u0105cego II Wydzia\u0142u Nauk Biologicznych prof.&nbsp;Tadeusza Chojnackiego oraz dw\u00f3ch cz\u0142onk\u00f3w Akademii ze \u015al\u0105ska: prof. Mieczys\u0142awa Chor\u0105\u017cego i prof. Kornela Gibi\u0144skiego. Jeszcze w tym samym roku, 1997, dosz\u0142o do spotkania w sprawie utworzenia ogrodu botanicznego, najpierw w Katowicach, nast\u0119pnie w Warszawie. Zaanga\u017cowanie Prof. Jerzego Puchalskiego w budow\u0119 \u015al\u0105skiego Ogrodu Botanicznego okaza\u0142o si\u0119 w kolejnych latach kluczowe i doprowadzi\u0142o najpierw do utworzenia w 1998, w ramach ogrodu botanicznego Polskiej Akademii Nauk, Pracowni Bior\u00f3\u017cnorodno\u015bci G\u00f3rnego \u015al\u0105ska w Miko\u0142owie, a nast\u0119pnie w 2003 roku powo\u0142ania Zwi\u0105zku Stowarzysze\u0144 \u2013 \u015al\u0105ski Ogr\u00f3d Botaniczny w Miko\u0142owie. W\u0142a\u015bnie w tym czasie pozna\u0142em Pana Profesora Jerzego Puchalskiego jako osob\u0119 o du\u017cej wyobra\u017ani, patrz\u0105c\u0105 na wydarzenia z szerokiej perspektywy, precyzyjnie planuj\u0105c\u0105 kolejne dzia\u0142ania, a dodatkowo o ogromnym talencie organizacyjnym. Je\u015bli nie wiedzia\u0142bym w\u00f3wczas o r\u00f3wnolegle rozwijaj\u0105cej si\u0119 karierze naukowej Pana Profesora, uzna\u0142bym go za niezmiernie utalentowanego i sprawnego menad\u017cera precyzyjnie kontroluj\u0105cego relacje z prze\u0142o\u017conymi i doskonale buduj\u0105cego sieci kontakt\u00f3w (networking) pozwalaj\u0105cych realizowa\u0107 bardzo trudne i ambitne zadania. Jednak ta dzia\u0142alno\u015b\u0107 nie by\u0142a w jego ca\u0142ej karierze dominuj\u0105ca i stanowi\u0142a uzupe\u0142nienie jego prawdziwej pasji, jak\u0105 by\u0142a szeroko poj\u0119ta ochrona konserwatorska ro\u015blin.<\/p>\n<p style=\"text-align: justify;\">Na pewno spotkanie Profesora Puchalskiego mia\u0142o dla mnie i dla ca\u0142ego naszego zespo\u0142u ogromne znaczenie i w du\u017cej mierze wp\u0142yn\u0119\u0142o na kolejne nasze zawodowe wybory. Pan Profesor towarzyszy \u015al\u0105skiemu Ogrodowi Botanicznemu w Miko\u0142owie do dnia dzisiejszego, obecnie jako przewodnicz\u0105cy Rady Naukowej.<\/p>\n<p style=\"text-align: justify;\">Nie jeste\u015bmy jednak na mapie ogrod\u00f3w botanicznych w Polsce jedyn\u0105 instytucj\u0105, w powstaniu kt\u00f3rej Profesor Puchalski osobi\u015bcie odegra\u0142 znacz\u0105c\u0105 rol\u0119. Jego dzia\u0142ania na przestrzeni ostatnich 20 lat, w tym siedemnastu jako przewodnicz\u0105cego Rady Ogrod\u00f3w Botanicznych i Arboret\u00f3w w Polsce, zmieni\u0142y nasze \u015brodowisko w zasadzie ca\u0142kowicie. W czasie, kiedy Prof. Jerzy Puchalski pe\u0142ni\u0142 t\u0119 funkcj\u0119, do Rady do\u0142\u0105czy\u0142o kilkana\u015bcie nowych ogrod\u00f3w botanicznych i arboret\u00f3w, tworz\u0105c bardzo r\u00f3\u017cnorodn\u0105 mozaik\u0119 instytucji naukowych, samorz\u0105dowych, zarz\u0105dzanych przez Lasy Pa\u0144stwowe, stowarzyszenia i osoby fizyczne. Aby jednak zrozumie\u0107 tak niecodzienn\u0105, otwart\u0105, inkluzywn\u0105 postaw\u0119 Profesora Jerzego Puchalskiego, warto spojrze\u0107 na wydarzenia, kt\u00f3re go ukszta\u0142towa\u0142y i wybory, kt\u00f3rych sam musia\u0142 dokona\u0107. A wybory te nie by\u0142y \u0142atwe.<\/p>\n<p><a href=\"https:\/\/ogrod.pan.pl\/blog\/wp-content\/uploads\/2021\/07\/ProfPuchalski_5.jpg\"><img loading=\"lazy\" decoding=\"async\" class=\"alignnone size-full wp-image-3340\" src=\"https:\/\/ogrod.pan.pl\/blog\/wp-content\/uploads\/2021\/07\/ProfPuchalski_5.jpg\" alt=\"\" width=\"1920\" height=\"1200\" srcset=\"https:\/\/ogrod.pan.pl\/blog\/wp-content\/uploads\/2021\/07\/ProfPuchalski_5.jpg 1920w, https:\/\/ogrod.pan.pl\/blog\/wp-content\/uploads\/2021\/07\/ProfPuchalski_5-300x188.jpg 300w, https:\/\/ogrod.pan.pl\/blog\/wp-content\/uploads\/2021\/07\/ProfPuchalski_5-1024x640.jpg 1024w, https:\/\/ogrod.pan.pl\/blog\/wp-content\/uploads\/2021\/07\/ProfPuchalski_5-768x480.jpg 768w, https:\/\/ogrod.pan.pl\/blog\/wp-content\/uploads\/2021\/07\/ProfPuchalski_5-1536x960.jpg 1536w\" sizes=\"auto, (max-width: 1920px) 100vw, 1920px\" \/><\/a><\/p>\n<p style=\"text-align: justify;\">Jerzy Puchalski urodzi\u0142 si\u0119 5 sierpnia 1947 roku w Warszawie. W latach 1965-1970 studiowa\u0142 w Szkole G\u0142\u00f3wnej Gospodarstwa Wiejskiego w Warszawie na Wydziale Technologii \u017bywno\u015bci. W 1970 roku uzyska\u0142 tytu\u0142 zawodowy magistra in\u017cyniera technologii \u017cywno\u015bci. Bezpo\u015brednio po sko\u0144czeniu studi\u00f3w z dniem 1 lipca 1970 roku podj\u0105\u0142 prac\u0119 w Pracowni Zasob\u00f3w Genowych Ro\u015blin Uprawnych powo\u0142anej w tym samym roku przy Zak\u0142adzie Genetyki Ro\u015blin PAN, kt\u00f3rej zadaniem by\u0142o stworzenie podstaw do utworzenia przez Polsk\u0105 Akademi\u0119 Nauk nowej plac\u00f3wki naukowej \u2013 Ogrodu Botanicznego w Powsinie.<\/p>\n<p style=\"text-align: justify;\">\u017beby przybli\u017cy\u0107 ten czas, poprosz\u0119 Pa\u0144stwa, \u017ceby\u015bcie wyobrazili sobie kontekst spo\u0142eczno-historyczny pocz\u0105tku lat 70. Ostatnie lato ery Gomu\u0142ki. Niewielu obywateli i niewiele obywatelek spodziewa si\u0119 dramatycznego wzrostu o 36 procent cen d\u017cem\u00f3w i powide\u0142, kt\u00f3re zostan\u0105 zadekretowane przez biuro polityczne PZPR 30 listopada 1970 roku. W zwi\u0105zku z podwy\u017ckami cen \u017cywno\u015bci na p\u00f3\u0142nocy Polski wkr\u00f3tce wybuchn\u0105 protesty, strajki i zamieszki trwaj\u0105ce od 14-22 grudnia, kt\u00f3re zostan\u0105 brutalnie st\u0142umione.<\/p>\n<p style=\"text-align: justify;\">20 grudnia 1970 roku I sekretarzem PZPR zostaje Edward Gierek (robotnik m\u00f3wi\u0105cy po francusku, spo\u0142ecznik i wolontariusz, kt\u00f3ry w ramach jednego z czyn\u00f3w partyjnych, ju\u017c pod koniec swojej dekady, posadzi d\u0105b w Ogrodzie Botanicznym PAN w alei 50-lecia PRL), kt\u00f3ry za po\u017cyczki z zachodu przez kolejne 10 lat pr\u00f3buje wybudowa\u0107 nad Wis\u0142\u0105 drug\u0105 Japoni\u0119. Jeszcze nie wie, \u017ce do zbudowania Japonii potrzebni s\u0105 Japo\u0144czycy i niepotrzebny jest Wielki Brat. Ja mam w\u00f3wczas 2 lata i 2 dni, wkr\u00f3tce urodzi si\u0119 m\u00f3j brat Rafa\u0142 i umrze m\u00f3j dziadek Rafa\u0142\u2026 W\u0142a\u015bnie wtedy na prze\u0142omie 1970 i 1971 na scen\u0119 zawodow\u0105 wchodzi mgr Jerzy Puchalski.<\/p>\n<p style=\"text-align: justify;\">Wr\u00f3\u0107my jednak do Pracowni Zasob\u00f3w Genowych Ro\u015blin U\u017cytkowych, kt\u00f3ra czasowo by\u0142a zlokalizowana w Skierniewicach na tzw. Sabedianach, gdzie istnia\u0142 za\u0142o\u017cony przez nestora polskiej genetyki ro\u015blin prof. Edmunda Malinowskiego O\u015brodek Bada\u0144 Genetycznych. W latach 1970-1974 Jerzy Puchalski, jako asystent, a potem starszy asystent, prowadzi\u0142 badania nad wykorzystaniem izoenzym\u00f3w w taksonomii gatunk\u00f3w i odmian <em>Secale<\/em>. Bra\u0142 tak\u017ce udzia\u0142 w rozwoju tej pracowni i stworzeniu podstaw badawczych dla Ogrodu Botanicznego PAN. Ogr\u00f3d Botaniczny zosta\u0142 utworzony przez Polsk\u0105 Akademi\u0119 Nauk z dniem 1 lipca 1974 roku, a Jerzy Puchalski wraz z innymi pracownikami by\u0142ej Pracowni ZGRU zosta\u0142 w\u0142\u0105czony s\u0142u\u017cbowo do tej nowej plac\u00f3wki.<\/p>\n<p style=\"text-align: justify;\">Zabior\u0119 Pa\u0144stwa znowu na moment do 1 lipca1974 roku. Ca\u0142a Polska jest w\u00f3wczas w euforii. Co prawda powodem tej euforii nie by\u0142o oficjalne powo\u0142anie Ogrodu Botanicznego PAN, a wygrany mecz z Jugos\u0142awi\u0105 2:1, co oznacza\u0142o wej\u015bcie Polski do p\u00f3\u0142fina\u0142u M\u015a 74, ale korelacja miejsca, czasu i wydarze\u0144 niezmiernie buduj\u0105ca, jednocze\u015bnie dobrze ilustruj\u0105ca czas wstawania z kolan po erze gomu\u0142kowskiej, czas propagandy sukcesu, czas wielkich modernizacyjnych przedsi\u0119wzi\u0119\u0107 ery gierkowskiej, nie zawsze sensownych, ale zawsze spektakularnych.&nbsp; No i jak tu wierzy\u0107, \u017ce nie mo\u017cna wej\u015b\u0107 dwa razy do tej samej rzeki\u2026<\/p>\n<p style=\"text-align: justify;\">Magistrowi Puchalskiemu powierzono kierowanie Pracowni\u0105 Taksonomii Eksperymentalnej, prowadz\u0105c\u0105 szerokie badania biochemiczne, fizjologiczne i anatomiczne nad ro\u015blinami. Jerzy Puchalski pe\u0142ni\u0142 te\u017c funkcj\u0119 sekretarza Rady Naukowej Ogrodu Botanicznego PAN powo\u0142anej w 1975 roku. W 1977 roku Porfesor wyjecha\u0142 na 18-miesi\u0119czny sta\u017c naukowy na Uniwersytecie Cornella w USA w ramach polsko-ameryka\u0144skiej wymiany naukowej organizowanej przez Brethren Church. Prowadzi\u0142 tam badania nad taksonomi\u0105 i filogenez\u0105 gatunk\u00f3w ro\u015blin warzywnych z rodzaju <em>Cucumis <\/em>i <em>Cucurbita<\/em>. Po powrocie do kraju w\u0142\u0105czy\u0142 si\u0119 w prace organizacyjne przy rozwoju Ogrodu Botanicznego PAN w Powsinie. Dalej w latach 1978\u20131981 pe\u0142ni\u0142 funkcj\u0119 kierownika Pracowni Taksonomii Eksperymentalnej przekszta\u0142conej potem w Pracowni\u0119 Taksonomii i Struktury Ro\u015blin. W 1982 roku uzyska\u0142 stopie\u0144 naukowy doktora nauk przyrodniczych nadany przez Rad\u0119 Wydzia\u0142u Biologii i Ochrony \u015arodowiska Uniwersytetu \u015al\u0105skiego w Katowicach. W tym samym roku Polska Akademia Nauk powierzy\u0142a dr. Jerzemu Puchalskiemu funkcj\u0119 zast\u0119pcy dyrektora ds. naukowych Ogrodu Botanicznego PAN, kt\u00f3r\u0105 pe\u0142ni\u0142 przez 7 lat. W tym czasie znacznemu rozwojowi uleg\u0142a dzia\u0142alno\u015b\u0107 badawcza Ogrodu. Wprowadzone zosta\u0142y nowe kierunki jak biofizyka, genetyka czy kultury tkankowe. Dzia\u0142alno\u015b\u0107 badawcza finansowana by\u0142a najpierw z problemu mi\u0119dzyresortowego PAN, a potem z Centralnego Programu Bada\u0144 Podstawowych PAN, kt\u00f3re Ogr\u00f3d Botaniczny koordynowa\u0142. Bra\u0142y w nich udzia\u0142 inne ogrody botaniczne i instytucje naukowe realizuj\u0105ce badania nad r\u00f3\u017cnorodno\u015bci\u0105 gatunk\u00f3w flory i zasobami genetycznymi ro\u015blin uprawnych. Dr Jerzy Puchalski pe\u0142ni\u0142 w tych projektach CPBP funkcj\u0119 sekretarza zespo\u0142u koordynacyjnego. W ostatnich dw\u00f3ch latach programu 1989\u20131990 CPBP 0.5.04 Polska Akademia Nauk powierzy\u0142a dr. Jerzemu Puchalskiemu funkcj\u0119 kierownika tego programu. W 1980 roku Jerzy Puchalski rozpocz\u0105\u0142 bardzo szerok\u0105 wsp\u00f3\u0142prac\u0119 z o\u015brodkami ameryka\u0144skimi zajmuj\u0105cymi si\u0119 zasobami genowymi \u017cyta. W latach 1980\u20132015 by\u0142 kierownikiem a\u017c o\u015bmiu projekt\u00f3w finansowanych przez Departament Rolnictwa USA. Szczeg\u00f3lnie \u015bcis\u0142\u0105 wsp\u00f3\u0142prac\u0119 Jerzy Puchalski prowadzi\u0142 z Narodowym Centrum Zachowania Zasob\u00f3w Genowych Ro\u015blin USA w Fort Collins w Stanie Kolorado \u2013 najwi\u0119kszym bankiem gen\u00f3w na \u015bwiecie. Prace te umo\u017cliwi\u0142y stworzenie wsp\u00f3lnej polsko-ameryka\u0144skiej kolekcji zasob\u00f3w genowych <em>Secale<\/em> uwa\u017canej za \u015bwiatow\u0105 kolekcj\u0119 wiod\u0105c\u0105 tej ro\u015bliny w skali \u015bwiatowej.<\/p>\n<p style=\"text-align: justify;\">W marcu 1989 roku, w zwi\u0105zku ze \u015bmierci\u0105 dotychczasowego dyrektora Ogrodu Botanicznego PAN prof. Bogus\u0142awa Molskiego, Polska Akademia Nauk powierzy\u0142a dr. Jerzemu Puchalskiemu pe\u0142nienie obowi\u0105zk\u00f3w dyrektora tej plac\u00f3wki naukowej do dnia 30 czerwca 1990 roku. W tym czasie uda\u0142o mu si\u0119 przeprowadzi\u0107 bardzo g\u0142\u0119bok\u0105 restrukturyzacj\u0119 Ogrodu oraz doprowadzi\u0107 12 maja 1990 roku do jego otwarcia do zwiedzania publicznego. Z dniem 1 lipca 1990 roku dr Jerzy Puchalski, w wyniku przeprowadzonego konkursu, zacz\u0105\u0142 pe\u0142ni\u0107 funkcj\u0119 dyrektora tej plac\u00f3wki naukowej. Po tym okresie uda\u0142o si\u0119 rozwin\u0105\u0107 dzia\u0142alno\u015b\u0107 badawcz\u0105, utworzy\u0107 nowe kolekcj\u0119 ro\u015blinne oraz wykona\u0107 wiele prac inwestycyjnych.<\/p>\n<p style=\"text-align: justify;\">W 1994 roku Jerzy Puchalski uzyska\u0142 stopie\u0144 naukowy doktora habilitowanego nauk rolniczych nadany przez Rad\u0119 Wydzia\u0142u Rolniczego Akademii Rolniczo-Technicznej w Olsztynie. W wyniku kolejnych konkurs\u00f3w na dyrektora Jerzy Puchalski pe\u0142ni\u0142 funkcj\u0119 dyrektora tej plac\u00f3wki naukowej do ko\u0144ca lutego 2017 roku. Kierowa\u0142 tak\u017ce Zak\u0142adem Oceny i Ochrony R\u00f3\u017cnorodno\u015bci Ro\u015blin prowadz\u0105cym badania nad ochron\u0105 zagro\u017conych gatunk\u00f3w ro\u015blin oraz nad zasobami genowymi <em>Secale <\/em>i <em>Malus<\/em>.<\/p>\n<p style=\"text-align: justify;\">Jerzy Puchalski kierowa\u0142 w tym zakresie wieloma projektami krajowymi i mi\u0119dzynarodowymi. Z jego inicjatywy w 1992 roku powsta\u0142 kriogeniczny bank nasion flory Polski, co da\u0142o podstaw\u0119 do realizacji kilku projekt\u00f3w Unii Europejskiej. W projekcie ENSCONET \u2013 Europejskiej Sieci Bank\u00f3w Nasion Ro\u015blin Rodzimych (2004-2009) by\u0142 cz\u0142onkiem zespo\u0142u koordynacyjnego projektu oraz liderem g\u0142\u00f3wnej grupy badawczej \u201eSeed Curation\u201d, w kt\u00f3rej bra\u0142y udzia\u0142 24 ogrody botaniczne z 17 kraj\u00f3w UE. Potem z jego inicjatywy realizowane by\u0142y kolejne projekty konserwatorskie nad ochron\u0105 <em>ex situ<\/em> zagro\u017conych i rzadkich gatunk\u00f3w naszej flory: FlorNatur, FlorNatur ROBiA, a ostatnio FlorIntegral.<\/p>\n<p style=\"text-align: justify;\">W 2009 roku Prezydent RP nada\u0142 Jerzemu Puchalskiemu tytu\u0142 naukowy profesora nauk rolniczych.<\/p>\n<p style=\"text-align: justify;\">Profesor Jerzy Puchalski ma bardzo znacz\u0105cy dorobek w zakresie bada\u0144 i ochrony bior\u00f3\u017cnorodno\u015bci. Jego osi\u0105gni\u0119cia w tym zakresie powodowa\u0142y, \u017ce by\u0142 wybierany do wielu znacz\u0105cych organizacji mi\u0119dzynarodowych i krajowych. W latach 1993\u20132007 by\u0142 cz\u0142onkiem dw\u00f3ch grup eksperckich Rady Europy zwi\u0105zanych z ochron\u0105 flory europejskiej. W tzw. Grupie Ekspert\u00f3w ds. Ro\u015blin Konwencji Berne\u0144skiej w latach 2001\u20132007 pe\u0142ni\u0142 funkcj\u0119 przewodnicz\u0105cego tej presti\u017cowej organizacji. Od 2004 roku by\u0142 powo\u0142ywany przez UNEP (Unated Nations Environment Programm) jako ekspert ds. konwencji o r\u00f3\u017cnorodno\u015bci biologicznej.<\/p>\n<p style=\"text-align: justify;\">Przez kilka kadencji Profesor Jerzy Puchalski by\u0142 cz\u0142onkiem rad naukowych: Instytutu Dendrologii PAN w K\u00f3rniku, Instytutu Ochrony \u015arodowiska w Warszawie, Le\u015bnego Banku Gen\u00f3w Kostrzyca, Ogrodu Botanicznego UAM w Poznaniu, Ogrodu Zoologicznego w Warszawie i \u015al\u0105skiego Ogrodu Botanicznego w Miko\u0142owie (w kt\u00f3rej od pocz\u0105tku pe\u0142ni\u0142 funkcj\u0119 przewodnicz\u0105cego). Obecnie jest przewodnicz\u0105cym Rady Naukowej PAN Ogrodu Botanicznego \u2013 CZRB w Powsinie. Profesor by\u0142 tak\u017ce wybierany cz\u0142onkiem komitet\u00f3w naukowych PAN: Botaniki (przez pi\u0119\u0107 kadencji) oraz Fizjologii, Genetyki i Hodowli Ro\u015blin.<\/p>\n<p><a href=\"https:\/\/ogrod.pan.pl\/blog\/wp-content\/uploads\/2021\/07\/ProfPuchalski_2.jpg\"><img loading=\"lazy\" decoding=\"async\" class=\"alignnone size-full wp-image-3341\" src=\"https:\/\/ogrod.pan.pl\/blog\/wp-content\/uploads\/2021\/07\/ProfPuchalski_2.jpg\" alt=\"\" width=\"1920\" height=\"1200\" srcset=\"https:\/\/ogrod.pan.pl\/blog\/wp-content\/uploads\/2021\/07\/ProfPuchalski_2.jpg 1920w, https:\/\/ogrod.pan.pl\/blog\/wp-content\/uploads\/2021\/07\/ProfPuchalski_2-300x188.jpg 300w, https:\/\/ogrod.pan.pl\/blog\/wp-content\/uploads\/2021\/07\/ProfPuchalski_2-1024x640.jpg 1024w, https:\/\/ogrod.pan.pl\/blog\/wp-content\/uploads\/2021\/07\/ProfPuchalski_2-768x480.jpg 768w, https:\/\/ogrod.pan.pl\/blog\/wp-content\/uploads\/2021\/07\/ProfPuchalski_2-1536x960.jpg 1536w\" sizes=\"auto, (max-width: 1920px) 100vw, 1920px\" \/><\/a><\/p>\n<p style=\"text-align: justify;\">W roku 1996 minister rolnictwa powo\u0142a\u0142 Jerzego Puchalskiego w sk\u0142ad Rady ds. Ochrony Ro\u015blinnych Zasob\u00f3w Genowych, kt\u00f3ra koordynowa\u0142a wszystkie dzia\u0142ania w zakresie oceny i ochrony zasob\u00f3w ro\u015blinnych w Polsce. By\u0142 cz\u0142onkiem tej rady a\u017c do 2019 roku.<\/p>\n<p style=\"text-align: justify;\">Bardzo wa\u017cna cz\u0119\u015b\u0107 dzia\u0142alno\u015bci Profesora, wspomniana ju\u017c na wst\u0119pie, jest zwi\u0105zana z ogrodami botanicznymi w Polsce, w Europie i na \u015bwiecie. W \u015brodowisku tym by\u0142 prawdziwym autorytetem. W latach 1992\u20132019 by\u0142 cz\u0142onkiem organ\u00f3w zarz\u0105dzaj\u0105cych Rad\u0105 Ogrod\u00f3w Botanicznych i Arboret\u00f3w w Polsce. W latach 1996\u20132010 by\u0142 przewodnicz\u0105cym Rady, a w latach 1992\u20131996 i 2011\u20132019 wiceprzewodnicz\u0105cym lub wiceprezesem zarz\u0105du. Przez 16 lat (2003\u20132019) by\u0142 przedstawicielem polskich ogrod\u00f3w botanicznych w Europejskim Konsorcjum Ogrod\u00f3w Botanicznych. Pe\u0142ni\u0142 r\u00f3wnie\u017c wa\u017cn\u0105 funkcj\u0119 w \u015bwiatowej organizacji ogrod\u00f3w botanicznych. W latach 2004\u20132017 by\u0142 wybierany do zaszczytnego grona cz\u0142onk\u00f3w Mi\u0119dzynarodowej Rady Doradc\u00f3w BGCI, jako przedstawiciel 19 kraj\u00f3w Europy Wschodniej i \u015arodkowej. W latach 1992\u20132007 by\u0142 redaktorem naczelnym czasopisma naukowego Polskiego Towarzystwa Botanicznego pt. \u201eBiuletyn Ogrod\u00f3w Botanicznych, Muze\u00f3w i Zbior\u00f3w\u201d (wydawanego jako rocznik), kt\u00f3ry z jego inicjatywy sta\u0142 si\u0119 nowym tytu\u0142em dla \u015brodowiska ogrod\u00f3w botanicznych. Profesor Jerzy Puchalski mia\u0142 du\u017cy wk\u0142ad w rozw\u00f3j swojego macierzystego Ogrodu Botanicznego PAN w Powsinie, ale odegra\u0142 te\u017c du\u017c\u0105 rol\u0119 w tworzeniu nowych ogrod\u00f3w botanicznych, zw\u0142aszcza \u015al\u0105skiego Ogrodu Botanicznego w Miko\u0142owie, a tak\u017ce Arboretum Bramy Morawskiej w Raciborzu, Ogrodu Botanicznego GeoNatura w Kielcach i Ogrodu Botanicznego \u201ePodlaski Ogr\u00f3d Zio\u0142owy\u201d w Korycinach.<\/p>\n<p style=\"text-align: justify;\">Profesor Jerzy Puchalski by\u0142 tak\u017ce organizatorem licznych konferencji krajowych i mi\u0119dzynarodowych, zwi\u0105zanych g\u0142\u00f3wnie z dzia\u0142alno\u015bci\u0105 bank\u00f3w gen\u00f3w oraz ogrod\u00f3w botanicznych.<br \/>\nProfesor Jerzy Puchalski by\u0142 wielokrotnie nagradzany i wyr\u00f3\u017cniany za swoje osi\u0105gni\u0119cia odznaczeniami pa\u0144stwowymi, medalami oraz nagrodami naukowymi.<\/p>\n<p style=\"text-align: justify;\">***<\/p>\n<p style=\"text-align: justify;\">Na zako\u0144czenie chcia\u0142bym podzieli\u0107 si\u0119 z Pa\u0144stwem moj\u0105 refleksj\u0105 na temat Pana Profesora jako osoby.<\/p>\n<p style=\"text-align: justify;\">W relacji Pan Profesor Jerzy Puchalski jest wymagaj\u0105cy i oczekuje od wsp\u00f3\u0142pracownik\u00f3w pe\u0142nego zaanga\u017cowania w to, co robi\u0105. W\u00f3wczas nawet je\u015bli pojawi\u0105 si\u0119 jakie\u015b problemy, mo\u017cna liczy\u0107 na jego pe\u0142ne i bezwarunkowe wsparcie. Uczulony jest na wszelkie formy kombinowania i oszukiwania. Podobnie traktuje wszelkie pr\u00f3by wymuszania, manipulacji, oznaki nie\u017cyczliwo\u015bci i nierzetelno\u015bci. W tym zakresie ma rozwini\u0119ty sz\u00f3sty zmys\u0142. W takich sytuacjach szybko traci zainteresowanie wsp\u00f3\u0142prac\u0105 i w\u0142a\u015bciwie relacja taka natychmiast ustaje. W trakcie wielu lat wsp\u00f3\u0142pracy pozna\u0142em Pana Profesora jako osob\u0119 otwart\u0105, \u017cyczliw\u0105, a jednocze\u015bnie niezmiernie przenikliw\u0105, precyzyjnie planuj\u0105c\u0105 dzia\u0142ania, znakomicie antycypuj\u0105c\u0105 ryzyka i szanse rozwojowe, doskona\u0142ego organizatora r\u00f3\u017cnego rodzaju wydarze\u0144, ale przede wszystkim serdecznego i dobrego Cz\u0142owieka.<\/p>\n<p style=\"text-align: justify;\">Jurku, przyjmij ode mnie serdeczne podzi\u0119kowania za wszystko, co od Ciebie przez te \u0107wier\u0107 wieku otrzyma\u0142em, a od ca\u0142ej spo\u0142eczno\u015bci \u015al\u0105skich Ogrod\u00f3w Botanicznych ogromne wyrazy wdzi\u0119czno\u015bci za Tw\u00f3j czas, po\u015bwi\u0119cenie i zaanga\u017cowanie w budow\u0119 i rozw\u00f3j ogrod\u00f3w w Miko\u0142owie i Radzionkowie.<\/p>\n<p style=\"text-align: justify;\">Pawe\u0142 Kojs<\/p>\n<p>&nbsp;<\/p>\n","protected":false},"excerpt":{"rendered":"<p>Przem\u00f3wienie dra Paw\u0142a Kojsa, dyrektora \u015al\u0105skiego Ogrodu Botanicznego, podczas sesji jubileuszowej, kt\u00f3ra odby\u0142a si\u0119 w ramach 50. Zjazdu Ogrod\u00f3w Botanicznych i Arboret\u00f3w w Polsce w dniu 17 czerwca 2021 r. w Bydgoszczy. Mam ogromny zaszczyt przybli\u017cy\u0107 Pa\u0144stwu posta\u0107 dla \u015brodowiska ogrod\u00f3w botanicznych niezmiernie wa\u017cn\u0105, a w perspektywie ostatnich dekad wyj\u0105tkow\u0105, kt\u00f3ra niedawno obchodzi\u0142a jubileusz 50-lecia&#8230;<\/p>\n","protected":false},"author":6,"featured_media":3341,"comment_status":"closed","ping_status":"closed","sticky":false,"template":"","format":"standard","meta":{"_acf_changed":false,"_kad_blocks_custom_css":"","_kad_blocks_head_custom_js":"","_kad_blocks_body_custom_js":"","_kad_blocks_footer_custom_js":"","ngg_post_thumbnail":0,"_kad_post_transparent":"","_kad_post_title":"","_kad_post_layout":"","_kad_post_sidebar_id":"","_kad_post_content_style":"","_kad_post_vertical_padding":"","_kad_post_feature":"","_kad_post_feature_position":"","_kad_post_header":false,"_kad_post_footer":false,"_kad_post_classname":"","footnotes":""},"categories":[309,19],"tags":[415,168,414,416],"class_list":["post-3336","post","type-post","status-publish","format-standard","has-post-thumbnail","hentry","category-biografie","category-news","tag-50-zjazd-ogrodow-botanicznych-i-arboretow-w-polsce","tag-pan-ogrod-botaniczny-w-powsinie","tag-profesor-jerzy-puchalski","tag-slaski-ogrod-botaniczny-w-mikolowie"],"acf":[],"taxonomy_info":{"category":[{"value":309,"label":"Biografie"},{"value":19,"label":"Wydarzenia"}],"post_tag":[{"value":415,"label":"50. Zjazd Ogrod\u00f3w Botanicznych i Arboret\u00f3w w Polsce"},{"value":168,"label":"PAN Ogr\u00f3d Botaniczny w Powsinie"},{"value":414,"label":"Profesor Jerzy Puchalski"},{"value":416,"label":"\u015al\u0105ski Ogr\u00f3d Botaniczny w Miko\u0142owie"}]},"featured_image_src_large":["https:\/\/ogrod.pan.pl\/blog\/wp-content\/uploads\/2021\/07\/ProfPuchalski_2-1024x640.jpg",1024,640,true],"author_info":{"display_name":"admin_1","author_link":"https:\/\/ogrod.pan.pl\/blog\/author\/admin_1\/"},"comment_info":0,"category_info":[{"term_id":309,"name":"Biografie","slug":"biografie","term_group":0,"term_taxonomy_id":309,"taxonomy":"category","description":"","parent":0,"count":5,"filter":"raw","term_order":"0","cat_ID":309,"category_count":5,"category_description":"","cat_name":"Biografie","category_nicename":"biografie","category_parent":0},{"term_id":19,"name":"Wydarzenia","slug":"news","term_group":0,"term_taxonomy_id":19,"taxonomy":"category","description":"","parent":18,"count":27,"filter":"raw","term_order":"0","cat_ID":19,"category_count":27,"category_description":"","cat_name":"Wydarzenia","category_nicename":"news","category_parent":18}],"tag_info":[{"term_id":415,"name":"50. Zjazd Ogrod\u00f3w Botanicznych i Arboret\u00f3w w Polsce","slug":"50-zjazd-ogrodow-botanicznych-i-arboretow-w-polsce","term_group":0,"term_taxonomy_id":415,"taxonomy":"post_tag","description":"","parent":0,"count":1,"filter":"raw","term_order":"0"},{"term_id":168,"name":"PAN Ogr\u00f3d Botaniczny w Powsinie","slug":"pan-ogrod-botaniczny-w-powsinie","term_group":0,"term_taxonomy_id":168,"taxonomy":"post_tag","description":"","parent":0,"count":64,"filter":"raw","term_order":"0"},{"term_id":414,"name":"Profesor Jerzy Puchalski","slug":"profesor-jerzy-puchalski","term_group":0,"term_taxonomy_id":414,"taxonomy":"post_tag","description":"","parent":0,"count":1,"filter":"raw","term_order":"0"},{"term_id":416,"name":"\u015al\u0105ski Ogr\u00f3d Botaniczny w Miko\u0142owie","slug":"slaski-ogrod-botaniczny-w-mikolowie","term_group":0,"term_taxonomy_id":416,"taxonomy":"post_tag","description":"","parent":0,"count":1,"filter":"raw","term_order":"0"}],"_links":{"self":[{"href":"https:\/\/ogrod.pan.pl\/blog\/wp-json\/wp\/v2\/posts\/3336","targetHints":{"allow":["GET"]}}],"collection":[{"href":"https:\/\/ogrod.pan.pl\/blog\/wp-json\/wp\/v2\/posts"}],"about":[{"href":"https:\/\/ogrod.pan.pl\/blog\/wp-json\/wp\/v2\/types\/post"}],"author":[{"embeddable":true,"href":"https:\/\/ogrod.pan.pl\/blog\/wp-json\/wp\/v2\/users\/6"}],"replies":[{"embeddable":true,"href":"https:\/\/ogrod.pan.pl\/blog\/wp-json\/wp\/v2\/comments?post=3336"}],"version-history":[{"count":0,"href":"https:\/\/ogrod.pan.pl\/blog\/wp-json\/wp\/v2\/posts\/3336\/revisions"}],"wp:featuredmedia":[{"embeddable":true,"href":"https:\/\/ogrod.pan.pl\/blog\/wp-json\/wp\/v2\/media\/3341"}],"wp:attachment":[{"href":"https:\/\/ogrod.pan.pl\/blog\/wp-json\/wp\/v2\/media?parent=3336"}],"wp:term":[{"taxonomy":"category","embeddable":true,"href":"https:\/\/ogrod.pan.pl\/blog\/wp-json\/wp\/v2\/categories?post=3336"},{"taxonomy":"post_tag","embeddable":true,"href":"https:\/\/ogrod.pan.pl\/blog\/wp-json\/wp\/v2\/tags?post=3336"}],"curies":[{"name":"wp","href":"https:\/\/api.w.org\/{rel}","templated":true}]}}