{"id":3204,"date":"2021-05-10T23:20:59","date_gmt":"2021-05-10T21:20:59","guid":{"rendered":"https:\/\/ogrod-powsin.pl\/blog\/?p=3204"},"modified":"2021-05-10T23:20:59","modified_gmt":"2021-05-10T21:20:59","slug":"sakura-nie-tylko-w-ogrodzie","status":"publish","type":"post","link":"https:\/\/ogrod.pan.pl\/blog\/sakura-nie-tylko-w-ogrodzie\/","title":{"rendered":"Sakura (nie tylko) w Ogrodzie"},"content":{"rendered":"<p style=\"text-align: justify;\">Od lutego do maja mieszka\u0144cy Japonii wyczekuj\u0105 prognoz pogody, kt\u00f3rych kluczowym elementem jest informacja o stanie kwitnienia wi\u015bni. Gdy w ko\u0144cu nadchodzi wyczekiwany moment kwitnienia sakur, rozpoczyna si\u0119 festiwal podziwiania ich kwiat\u00f3w zwany <i>hanami&#8230; <\/i>Co roku kwitn\u0105ce wi\u015bnie mo\u017cna tak\u017ce podziwia\u0107 w Ogrodzie Botanicznym w Powsinie. Przy okazji tego wydarzenia, organizowany jest konkurs fotograficzny &#8222;Sakura w Ogrodzie&#8221;.&nbsp; W tym roku, jego wspania\u0142e uzupe\u0142nienie stanowi\u0105 fotografie kwitn\u0105cych sakur, kt\u00f3re dotar\u0142y do nas prosto z Japonii! O tym, jak do tego dosz\u0142o i co planujemy z nimi zrobi\u0107, pisze <strong>prof. dr hab. Romuald Zabielski &#8211; wiceprezes PAN.<\/strong><\/p>\n<p style=\"text-align: justify;\">&#8222;Pomys\u0142 wystawy powsta\u0142 zim\u0105 tego roku w smutnym czasie nasilonych ogranicze\u0144 spowodowanych pandemi\u0105 COVID-19 w Polsce i Japonii. W tym czasie korespondowa\u0142em z Profesorem Seiyu Kato, moim mentorem w zakresie fizjologii zwierz\u0105t, ale te\u017c pierwszym przewodnikiem po Japonii i wieloletnim przyjacielem. Informowa\u0142em go o przygotowaniach do tegorocznego Miesi\u0105ca Japo\u0144skiego w Ogrodzie Botanicznym PAN w Powsinie, o szykowanych wystawach i prof. Kato wpad\u0142 na pomys\u0142 by poprosi\u0107 poprzez Facebook swoich koleg\u00f3w z ro\u017cnych cz\u0119\u015bci Japonii, aby sfotografowali dla nas kwitn\u0105ce drzewa wi\u015bniowe w swojej okolicy. Na propozycj\u0119 odpowiedzia\u0142o 16 fotograf\u00f3w amator\u00f3w &#8211; nauczycieli akademickich r\u00f3\u017cnych specjalno\u015bci i emerytowanych profesor\u00f3w przysy\u0142aj\u0105c prace, kt\u00f3re nied\u0142ugo potem dotar\u0142y do Ogrodu Botanicznego w Powsinie. Jako \u017ce na Hokkaido sakura zakwitnie dopiero w maju, Koledzy z Sapporo i Otaru przys\u0142ali nam swoje zesz\u0142oroczne zdj\u0119cia. Niestety, i wida\u0107 to na niekt\u00f3rych fotografiach, sakura nie by\u0142a tak t\u0142umnie podziwiana przez Japo\u0144czyk\u00f3w z uwagi na ograniczenia pandemiczne. Zwykle pod wi\u015bniami ogl\u0105damy nieprzebrane t\u0142umy spacerowicz\u00f3w. S\u0105 takie miejsca, jak np. Park Ueno w Tokio, w kt\u00f3rych trudno si\u0119 przecisn\u0105\u0107 przez alejki wype\u0142nione imprezowiczami. A tu na wi\u0119kszo\u015bci fotografii mamy pustki. Co wi\u0119cej, tegoroczne kwitnienie sakury w Japonii nast\u0105pi\u0142o nieoczekiwanie wcze\u015bnie, najwcze\u015bniej od czasu, w kt\u00f3rym zacz\u0119to je rejestrowa\u0107, to jest od 812 roku! A w dodatku bardzo szybko si\u0119 sko\u0144czy\u0142o, p\u0142atki osypa\u0142y si\u0119 skracaj\u0105c i tak bardzo kr\u00f3tki czas r\u00f3\u017cowo-bia\u0142ych chmurek zdobi\u0105cych od po\u0142udnia do p\u00f3\u0142nocy ca\u0142\u0105 Japoni\u0119&#8221;.<\/p>\n<p style=\"text-align: justify;\">The idea of \u200b\u200bthe exhibition was born this winter in a pandemic time in Poland and Japan. At that time, I was in touch with Professor Seiyu Kato, my mentor in the field of animal physiology, but also the first guide to Japan and a long-time friend. I have informed him about the preparations for the coming Japanese Month in the Botanical Garden of the Polish Academy of Sciences in Powsin, about the upcoming exhibitions. Then Prof. Kato came up with the idea to ask his colleagues from different parts of Japan via FaceBook to take pictures of cherry trees blooming in their area for us. Sixteen amateur photographers &#8211; academic teachers of various disciplines and retired professors responded to the proposal by sending him their works, which were soon delivered to the Botanical Garden in Powsin. As sakura will not bloom in Hokkaido until mid-May, his colleagues from Sapporo and Otaru sent their photos from last year. Unfortunately, and you can see it in some photos, sakura was not so much admired by the Japanese due to pandemic limitations. Usually, we see countless crowds of walkers under the cherry trees. There are places like Ueno Park in Tokyo where it is difficult to squeeze through the alleys filled with party people. And here we have voids in most of the photos. Moreover, this year&#8217;s sakura blooming in Japan happened unexpectedly early, at the earliest since they started to be recorded, that is from 812! In addition, it ended very quickly, the petals fell, shortening the very short time of pink and white clouds decorating the whole of Japan from South to North. |<strong> Romuald Zabielski<\/strong><\/p>\n<p><strong>&nbsp;Zapraszamy do obejrzenia wybranych fotografii, nades\u0142anych z Japonii.<br \/>\n<\/strong><\/p>\nngg_shortcode_0_placeholder\n","protected":false},"excerpt":{"rendered":"<p>Od lutego do maja mieszka\u0144cy Japonii wyczekuj\u0105 prognoz pogody, kt\u00f3rych kluczowym elementem jest informacja o stanie kwitnienia wi\u015bni. Gdy w ko\u0144cu nadchodzi wyczekiwany moment kwitnienia sakur, rozpoczyna si\u0119 festiwal podziwiania ich kwiat\u00f3w zwany hanami&#8230; Co roku kwitn\u0105ce wi\u015bnie mo\u017cna tak\u017ce podziwia\u0107 w Ogrodzie Botanicznym w Powsinie. Przy okazji tego wydarzenia, organizowany jest konkurs fotograficzny &#8222;Sakura&#8230;<\/p>\n","protected":false},"author":6,"featured_media":3231,"comment_status":"closed","ping_status":"closed","sticky":false,"template":"","format":"standard","meta":{"_acf_changed":false,"_kad_blocks_custom_css":"","_kad_blocks_head_custom_js":"","_kad_blocks_body_custom_js":"","_kad_blocks_footer_custom_js":"","ngg_post_thumbnail":0,"_kad_post_transparent":"","_kad_post_title":"","_kad_post_layout":"","_kad_post_sidebar_id":"","_kad_post_content_style":"","_kad_post_vertical_padding":"","_kad_post_feature":"","_kad_post_feature_position":"","_kad_post_header":false,"_kad_post_footer":false,"_kad_post_classname":"","footnotes":""},"categories":[35,19],"tags":[],"class_list":["post-3204","post","type-post","status-publish","format-standard","has-post-thumbnail","hentry","category-po-drugiej-stronie-swiata","category-news"],"acf":[],"taxonomy_info":{"category":[{"value":35,"label":"Po drugiej stronie \u015bwiata"},{"value":19,"label":"Wydarzenia"}]},"featured_image_src_large":["https:\/\/ogrod.pan.pl\/blog\/wp-content\/uploads\/2021\/05\/Chieri-Sato_Iwate-1024x683.jpg",1024,683,true],"author_info":{"display_name":"admin_1","author_link":"https:\/\/ogrod.pan.pl\/blog\/author\/admin_1\/"},"comment_info":0,"category_info":[{"term_id":35,"name":"Po drugiej stronie \u015bwiata","slug":"po-drugiej-stronie-swiata","term_group":0,"term_taxonomy_id":35,"taxonomy":"category","description":"","parent":18,"count":15,"filter":"raw","term_order":"0","cat_ID":35,"category_count":15,"category_description":"","cat_name":"Po drugiej stronie \u015bwiata","category_nicename":"po-drugiej-stronie-swiata","category_parent":18},{"term_id":19,"name":"Wydarzenia","slug":"news","term_group":0,"term_taxonomy_id":19,"taxonomy":"category","description":"","parent":18,"count":27,"filter":"raw","term_order":"0","cat_ID":19,"category_count":27,"category_description":"","cat_name":"Wydarzenia","category_nicename":"news","category_parent":18}],"tag_info":false,"_links":{"self":[{"href":"https:\/\/ogrod.pan.pl\/blog\/wp-json\/wp\/v2\/posts\/3204","targetHints":{"allow":["GET"]}}],"collection":[{"href":"https:\/\/ogrod.pan.pl\/blog\/wp-json\/wp\/v2\/posts"}],"about":[{"href":"https:\/\/ogrod.pan.pl\/blog\/wp-json\/wp\/v2\/types\/post"}],"author":[{"embeddable":true,"href":"https:\/\/ogrod.pan.pl\/blog\/wp-json\/wp\/v2\/users\/6"}],"replies":[{"embeddable":true,"href":"https:\/\/ogrod.pan.pl\/blog\/wp-json\/wp\/v2\/comments?post=3204"}],"version-history":[{"count":0,"href":"https:\/\/ogrod.pan.pl\/blog\/wp-json\/wp\/v2\/posts\/3204\/revisions"}],"wp:featuredmedia":[{"embeddable":true,"href":"https:\/\/ogrod.pan.pl\/blog\/wp-json\/wp\/v2\/media\/3231"}],"wp:attachment":[{"href":"https:\/\/ogrod.pan.pl\/blog\/wp-json\/wp\/v2\/media?parent=3204"}],"wp:term":[{"taxonomy":"category","embeddable":true,"href":"https:\/\/ogrod.pan.pl\/blog\/wp-json\/wp\/v2\/categories?post=3204"},{"taxonomy":"post_tag","embeddable":true,"href":"https:\/\/ogrod.pan.pl\/blog\/wp-json\/wp\/v2\/tags?post=3204"}],"curies":[{"name":"wp","href":"https:\/\/api.w.org\/{rel}","templated":true}]}}