{"id":2771,"date":"2020-11-11T16:32:40","date_gmt":"2020-11-11T15:32:40","guid":{"rendered":"https:\/\/ogrod-powsin.pl\/blog\/?p=2771"},"modified":"2020-11-17T11:35:13","modified_gmt":"2020-11-17T10:35:13","slug":"drogi-do-niepodleglosci-polskich-botanikow","status":"publish","type":"post","link":"https:\/\/ogrod.pan.pl\/blog\/drogi-do-niepodleglosci-polskich-botanikow\/","title":{"rendered":"Drogi do niepodleg\u0142o\u015bci polskich botanik\u00f3w"},"content":{"rendered":"<figure id=\"attachment_2773\" aria-describedby=\"caption-attachment-2773\" style=\"width: 175px\" class=\"wp-caption alignleft\"><a href=\"https:\/\/ogrod.pan.pl\/blog\/wp-content\/uploads\/2020\/11\/Stanislaw_Wodzicki.jpg\"><img loading=\"lazy\" decoding=\"async\" class=\"wp-image-2773\" src=\"https:\/\/ogrod.pan.pl\/blog\/wp-content\/uploads\/2020\/11\/Stanislaw_Wodzicki-253x300.jpg\" alt=\"\" width=\"175\" height=\"208\" srcset=\"https:\/\/ogrod.pan.pl\/blog\/wp-content\/uploads\/2020\/11\/Stanislaw_Wodzicki-253x300.jpg 253w, https:\/\/ogrod.pan.pl\/blog\/wp-content\/uploads\/2020\/11\/Stanislaw_Wodzicki.jpg 675w\" sizes=\"auto, (max-width: 175px) 100vw, 175px\" \/><\/a><figcaption id=\"caption-attachment-2773\" class=\"wp-caption-text\">Stanis\u0142aw Wodzicki<\/figcaption><\/figure>\n<p style=\"text-align: justify;\">Dzie\u0144 Niepodleg\u0142o\u015bci to doskona\u0142a okazja, by wspomnie\u0107 wk\u0142ad polskich botanik\u00f3w i botaniczek w walk\u0119 o wyzwolenie ziem polskich.<\/p>\n<p style=\"text-align: justify;\">Tw\u00f3rc\u0105 jednego z najbogatszych, prywatnych ogrod\u00f3w botanicznych Europy w I po\u0142owie XIX wieku by\u0142 hrabia <strong>Stanis\u0142aw Wodzicki<\/strong> (1764-1843), uczestnik Insurekcji Ko\u015bciuszkowskiej, potem prezes Komisji Potrzeb Wojskowych Ksi\u0119stwa Warszawskiego. W powstaniu listopadowym brali udzia\u0142 dyrektorzy dwu istniej\u0105cych do dzi\u015b ogrod\u00f3w botanicznych: za\u0142o\u017cyciel i pierwszy dyrektor warszawskiego w Alejach Ujazdowskich <strong>Micha\u0142 Szubert<\/strong> (1787-1860) oraz p\u00f3\u017aniejszy reformator krakowskiego Ogrodu <strong>Rafa\u0142 Czerwiakowski<\/strong> (1808-1882). Jako artylerzysta bi\u0142 si\u0119 pod Olszynk\u0105 Grochowsk\u0105 <strong>Wojciech Jastrz\u0119bowski<\/strong> (1799-1882), p\u00f3\u017aniejszy wyk\u0142adowca botaniki, zoologii oraz ogrodnictwa w Instytucie Gospodarstwa Wiejskiego i Le\u015bnictwa na Marymoncie, tw\u00f3rca wzorcowych szk\u00f3\u0142ek, plantacji ro\u015blin rzadko uprawianych, propagator nasadze\u0144 ochronnych wzd\u0142u\u017c tor\u00f3w kolejowych.<\/p>\n<figure id=\"attachment_2775\" aria-describedby=\"caption-attachment-2775\" style=\"width: 175px\" class=\"wp-caption alignleft\"><a href=\"https:\/\/ogrod.pan.pl\/blog\/wp-content\/uploads\/2020\/11\/Michal-Szubert.jpg\"><img loading=\"lazy\" decoding=\"async\" class=\"wp-image-2775\" src=\"https:\/\/ogrod.pan.pl\/blog\/wp-content\/uploads\/2020\/11\/Michal-Szubert.jpg\" alt=\"\" width=\"175\" height=\"231\"><\/a><figcaption id=\"caption-attachment-2775\" class=\"wp-caption-text\">Micha\u0142 Szubert<\/figcaption><\/figure>\n<p style=\"text-align: justify;\">Upadek Powstania Listopadowego wygna\u0142 z Polski <strong>J\u00f3zefa Warszewicza<\/strong> (1812-66), kt\u00f3ry sta\u0142 si\u0119 s\u0142ynnym \u201e\u0142owc\u0105 storczyk\u00f3w\u201d Ameryki \u015arodkowej oraz Po\u0142udniowej. Sam tylko Ogr\u00f3d UJ zyska\u0142 dzi\u0119ki niemu 10 tys. gatunk\u00f3w! W nast\u0119pnym polskim powstaniu \u2013 styczniowym uczestniczy\u0142 jako kurier Rz\u0105du Narodowego <strong>Ferdynand Karo<\/strong> (1845-1927). Uwolniony z Cytadeli dzi\u0119ki \u0142ap\u00f3wce&nbsp; doko\u0144czy\u0142 studia i praktyk\u0119 aptekarsk\u0105, po czym dobrowolnie osiad\u0142 na Syberii celem badania tamtejszej, przebogatej flory. Do Europy przys\u0142a\u0142 ponad 80 tysi\u0119cy arkuszy zielnikowych, przechowywanych do dzi\u015b m.in. w Pary\u017cu, Berlinie, Wiedniu, Florencji, Genui, Bazylei i Warszawie, a nawet ameryka\u0144skim Saint Louis. Kl\u0119ski powstania w\u0119gierskiego (w kt\u00f3rym uczestniczy\u0142 jako lekarz wojskowy) i styczniowego sprawi\u0142y, \u017ce znany badacz mch\u00f3w i europejskiej s\u0142awy medyk <strong>Tytus Cha\u0142ubi\u0144ski<\/strong> (1820-89) stworzy\u0142 platform\u0119 swobodnej wymiany my\u015bli niepodleg\u0142o\u015bciowej dla patriot\u00f3w trzech zabor\u00f3w w Zakopanem i przyleg\u0142ych do\u0144, s\u0142abo spenetrowanych w\u00f3wczas przez austriackich szpicli Tatrach.<\/p>\n<figure id=\"attachment_2777\" aria-describedby=\"caption-attachment-2777\" style=\"width: 175px\" class=\"wp-caption alignleft\"><a href=\"https:\/\/ogrod.pan.pl\/blog\/wp-content\/uploads\/2020\/11\/Ferdynand-Karo.jpg\"><img loading=\"lazy\" decoding=\"async\" class=\"wp-image-2777\" src=\"https:\/\/ogrod.pan.pl\/blog\/wp-content\/uploads\/2020\/11\/Ferdynand-Karo-300x171.jpg\" alt=\"\" width=\"175\" height=\"100\" srcset=\"https:\/\/ogrod.pan.pl\/blog\/wp-content\/uploads\/2020\/11\/Ferdynand-Karo-300x171.jpg 300w, https:\/\/ogrod.pan.pl\/blog\/wp-content\/uploads\/2020\/11\/Ferdynand-Karo.jpg 512w\" sizes=\"auto, (max-width: 175px) 100vw, 175px\" \/><\/a><figcaption id=\"caption-attachment-2777\" class=\"wp-caption-text\">Ferdynand Karo<\/figcaption><\/figure>\n<p style=\"text-align: justify;\">W skuteczno\u015b\u0107 w\u0142asnego czynu or\u0119\u017cnego u boku Niemiec i Austro-W\u0119gier wierzy\u0142 niejeden z lwowskich i krakowskich biolog\u00f3w ro\u015blin, z dyrektorem Ogrodu UJ, inicjatorem s\u0142ynnych \u201eczwartk\u00f3w botanicznych\u201d (z jakich z czasem wyro\u015bnie PTB) <strong>Marianem Raciborskim<\/strong> (1863-1917) na czele. Dlatego do Legionu Wschodniego wst\u0105pi\u0142 ochotniczo jako podoficer jego wychowanek <strong>W\u0142adys\u0142aw Szafer<\/strong> (1886-1970). P\u00f3\u017aniejszy ojciec-za\u0142o\u017cyciel park\u00f3w narodowych w Bia\u0142owie\u017cy, Pieninach, G\u00f3rach \u015awi\u0119tokrzyskich, Babiej G\u00f3rze, Tatrach i Ojcowie zosta\u0142 zdegradowany za odmow\u0119 z\u0142o\u017cenia przysi\u0119gi na wierno\u015b\u0107 kajzerowi. Na szcz\u0119\u015bcie mia\u0142 ma\u0142o anga\u017cuj\u0105c\u0105 s\u0142u\u017cb\u0119 jako bakteriolog wojskowy, tote\u017c m\u00f3g\u0142 zajmowa\u0107 si\u0119 tworzeniem fundament\u00f3w botaniki i ochrony przyrody w odradzaj\u0105cej si\u0119 Polsce. \u017bo\u0142nierzem Legion\u00f3w Polskich by\u0142 te\u017c <strong>Stanis\u0142aw Goli\u0144ski<\/strong> (1868-1931), absolwent Kr\u00f3lewskiego Instytutu Pomologicznego w Pr\u00f3szkowie pod Opolem (kt\u00f3re dzi\u015b rewitalizuje swoje pi\u0119kne sady dzi\u0119ki dyrekcji PAN Ogrodowi Botanicznemu \u2013 CZRB w Powsinie). Wiele dla niepodleg\u0142o\u015bci Polski i wyzwolenia kobiet zrobi\u0142a jego \u017cona Zofia Daszy\u0144ska, zbijaj\u0105c w swej pracy \u201eRozw\u00f3j i samodzielno\u015b\u0107 gospodarcza ziem polskich\u201d tezy innej znanej feministki i botaniczki-amatorki Ro\u017cy Luksemburg o niemo\u017cno\u015bci odbudowy Polski.<\/p>\n<figure id=\"attachment_2779\" aria-describedby=\"caption-attachment-2779\" style=\"width: 174px\" class=\"wp-caption alignleft\"><a href=\"https:\/\/ogrod.pan.pl\/blog\/wp-content\/uploads\/2020\/11\/Wojciech_Jastrze\u0328bowski.jpg\"><img loading=\"lazy\" decoding=\"async\" class=\"wp-image-2779\" src=\"https:\/\/ogrod.pan.pl\/blog\/wp-content\/uploads\/2020\/11\/Wojciech_Jastrze\u0328bowski-257x300.jpg\" alt=\"\" width=\"174\" height=\"203\" srcset=\"https:\/\/ogrod.pan.pl\/blog\/wp-content\/uploads\/2020\/11\/Wojciech_Jastrze\u0328bowski-257x300.jpg 257w, https:\/\/ogrod.pan.pl\/blog\/wp-content\/uploads\/2020\/11\/Wojciech_Jastrze\u0328bowski.jpg 703w\" sizes=\"auto, (max-width: 174px) 100vw, 174px\" \/><\/a><figcaption id=\"caption-attachment-2779\" class=\"wp-caption-text\">Wojciech Jastrz\u0119bowski<\/figcaption><\/figure>\n<p style=\"text-align: justify;\">Okupacja hitlerowska i stalinowska ziem Rzeczypospolitej przynios\u0142y fenomen Polskiego Pa\u0144stwa Podziemnego, szczeg\u00f3lnie tajnego nauczania i ochrony zbior\u00f3w muzealnych. Pi\u0119kne karty zapisali na tym polu wspomniany wy\u017cej W. Szafer, a tak\u017ce <strong>Alina Skirgie\u0142\u0142o <\/strong>(1911-2007),<strong> Jan Radomski <\/strong>(1898-1977),<strong> Leonidas \u015awiejkowski <\/strong>(1914-78) czy <strong>Karol Starmach <\/strong>(1900-1988). Nie dla wszystkich walka sko\u0144czy\u0142a si\u0119 w latach 1944-1945. Przyk\u0142adowo wybitna palinolo\u017cka, zas\u0142u\u017cona dla poznania czwartorz\u0119du Polski i Mongolii, <strong>Janina Oszast<\/strong> (1908-86) zorganizowa\u0142a we wrze\u015bniu 1946 r. dwa punkty przerzutowe dla uciekaj\u0105cych nielegalnie za granic\u0119. Ju\u017c w pa\u017adzierniku tego samego roku otrzyma\u0142a za to 6 lat wi\u0119zienia. Amnestionowana trzy lata p\u00f3\u017aniej, nie\u015bwiadoma prowokatorskiego charakteru tzw. V Komendy WiN, zosta\u0142a ponownie aresztowana pod koniec 1952 r. i po dwu latach ci\u0119\u017ckiego \u015bledztwa skazana w po\u0142owie 1954 r. na 4 lata pozbawienia wolno\u015bci&#8230;<\/p>\n<p style=\"text-align: justify;\">Wiele epizod\u00f3w z dziej\u00f3w walk o wyzwolenie Polski pojawia si\u0119 w biografii profesora <strong>Karola Starmacha<\/strong> (1900-1988). Ten \u015bwiatowej s\u0142awy hydrobiolog, przysz\u0142y redaktor \u201eFlory s\u0142odkowodnej Polski\u201d, przyszed\u0142 na \u015bwiat w ubogiej, wielodzietnej rodzinie galicyjskich ch\u0142op\u00f3w. Nim w 1921 r. zda\u0142 matur\u0119 jako ekstern w My\u015blenicach, to zd\u0105\u017cy\u0142 ju\u017c walczy\u0107 o Lw\u00f3w (1918-19) oraz w wojnie z bolszewikami (1920). W odrodzonej Rzeczypospolitej pracowa\u0142 na Wydziale Rolniczym UJ, a jednocze\u015bnie kierowa\u0142 Wieczorow\u0105 Szko\u0142\u0105 Zawodow\u0105 dla Ogrodnik\u00f3w oraz wyk\u0142ada\u0142 w dwu innych szko\u0142ach dla pracuj\u0105cych: Centralnej Pracowni Przyrodniczej i Pedagogium Pa\u0144stwowym. Jakby tego by\u0142o ma\u0142o, uko\u0144czy\u0142 r\u00f3wnie\u017c studium wychowania fizycznego, wiedzia\u0142 bowiem, \u017ce bez t\u0119\u017cyzny fizycznej trudno o owocne badania terenowe i zwyci\u0119sk\u0105 walk\u0119 zbrojn\u0105.<\/p>\n<figure id=\"attachment_2781\" aria-describedby=\"caption-attachment-2781\" style=\"width: 175px\" class=\"wp-caption alignleft\"><a href=\"https:\/\/ogrod.pan.pl\/blog\/wp-content\/uploads\/2020\/11\/Karol_Starmach.jpg\"><img loading=\"lazy\" decoding=\"async\" class=\"wp-image-2781\" src=\"https:\/\/ogrod.pan.pl\/blog\/wp-content\/uploads\/2020\/11\/Karol_Starmach-227x300.jpg\" alt=\"\" width=\"175\" height=\"231\" srcset=\"https:\/\/ogrod.pan.pl\/blog\/wp-content\/uploads\/2020\/11\/Karol_Starmach-227x300.jpg 227w, https:\/\/ogrod.pan.pl\/blog\/wp-content\/uploads\/2020\/11\/Karol_Starmach.jpg 484w\" sizes=\"auto, (max-width: 175px) 100vw, 175px\" \/><\/a><figcaption id=\"caption-attachment-2781\" class=\"wp-caption-text\">Karol Starmach<\/figcaption><\/figure>\n<p style=\"text-align: justify;\">Na pocz\u0105tku II wojny \u015bwiatowej K. Starmach sta\u0142 si\u0119 jedn\u0105 z ofiar Sonderaktion Krakau, trafiaj\u0105c do niemieckich oboz\u00f3w koncentracyjnych w Sachsenhausen i Dachau. Nie dotar\u0142 do\u0144 apel W. Szafera o zbojkotowanie lub zignorowanie \u201ezaproszenia\u201d funkcjonariusza SS Bruno Mullera, zatem aresztowano go 6 listopada 1939 r. wraz z grup\u0105 niemal 200 profesor\u00f3w UJ i AGH. Jako wybitny fykolog (badacz glon\u00f3w) zosta\u0142 uwolniony dzi\u0119ki swojej \u017conie, kt\u00f3ra w por\u0119 zaalarmowa\u0142a ich niemieckiego koleg\u0119 po fachu A. Thienemanna. W Pu\u0142awach funkcjonowa\u0142 jeden z nielicznych zak\u0142ad\u00f3w badawczych w Generalnej Guberni: Institut f\u00fcr Fischerei, Landwirtschaftliche Forschungsanstalt des Generalgouverments (Zak\u0142ad Rybacki Pa\u0144stwowego Instytutu Rolniczego). Podobnie jak w wielu innych instytucjach naukowych urz\u0119dowym kierownikiem by\u0142 osobnik mierny, bierny, ale wierny Fuhrerowi \u2013 W. Sch\u00e4perclaus \u2013 jeden z tych, co to nie sprawdzaj\u0105 si\u0119 w metropolii, ale nadaj\u0105 do kontroli \u201epodludzi\u201d w krajach podbitych i kolonizowanych. Wykorzystuj\u0105c ca\u0142y sw\u00f3j ch\u0142opski spryt oraz wielkie do\u015bwiadczenie \u017co\u0142nierskie i cywilne, Starmach przej\u0105\u0142 faktyczn\u0105 w\u0142adz\u0119 w tej plac\u00f3wce, wykorzystuj\u0105c jej zasoby do prowadzenia zaj\u0119\u0107 m.in. z botaniki dla student\u00f3w farmacji oraz rolnictwa, jak r\u00f3wnie\u017c z hydrobiologii dla student\u00f3w rybactwa oraz biologii w tajnych strukturach UJ. Mimo niemieckiego nazwiska przodk\u00f3w, odm\u00f3wi\u0142 podpisania volkslisty. Odr\u00f3\u017cni\u0142o go to chocia\u017cby od innego weterana wojny polsko-bolszewickiej 1920, r\u00f3wnie\u017c nauczyciela gimnazjalnego, dokonuj\u0105cego prze\u0142omowych odkry\u0107 mi\u0119dzy jednym a drugim sprawdzianem, Jana Zerndta, kt\u00f3remu \u015bwiatowa nauka zawdzi\u0119cza monografi\u0119 \u017ce\u0144skich zarodnik\u00f3w karbo\u0144skich wid\u0142ak\u00f3w z G\u00f3rnego \u015al\u0105ska, uwa\u017can\u0105 dzi\u015b za jedno z najwi\u0119kszych osi\u0105gni\u0119\u0107 w badaniach flor kopalnych.<\/p>\n<p style=\"text-align: justify;\">Jak przysta\u0142o na mistrza wielozadaniowo\u015bci w stolicy Generalnej Guberni Karol Starmach w\u0142\u0105czy\u0142 si\u0119 w inne prace na rzecz Polskiego Pa\u0144stwa Podziemnego. Dzia\u0142a\u0142 chocia\u017cby w konspiracyjnym Okr\u0119gowym Biurze O\u015bwiaty i Kultury dla Krakowa, w Stronnictwie Ludowym \u201eRoch\u201d (1941-1944), a p\u00f3\u017aniej (1944-1945) w Zrzeszeniu Pracy Ludowej \u201eOrka\u201d. W tym samym czasie jego \u017cona Bronis\u0142awa (1902-65) wyda\u0142a s\u0142ynny poradnik \u201eSto potraw z ziemniak\u00f3w\u201d, kt\u00f3ry pozwoli\u0142 niejednemu unikn\u0105\u0107 \u015bmierci g\u0142odowej i szkorbutu. Okupacja przynios\u0142a obojgu uczonym osobist\u0105 tragedi\u0119: \u015bmier\u0107 c\u00f3rki wskutek zaka\u017cenia niedaj\u0105cej si\u0119 wyleczy\u0107 w warunkach wojennych.<\/p>\n<p style=\"text-align: justify;\">Po wyzwoleniu Starmach zosta\u0142 m.in. radnym Krakowa, przewodnicz\u0105cym ko\u0142a grodzkiego PSL i dzia\u0142aczem Rady Naukowej dla Ziem Odzyskanych. Utrzymywa\u0142 jednak kontakty z \u017co\u0142nierzem WiN E. Ralskim, przekazuj\u0105c mu wiadomo\u015bci z prac PSL oraz WRN w Krakowie, a jednocze\u015bnie otrzymuj\u0105c ode\u0144 materia\u0142y wywiadowcze dla najwy\u017cszych w\u0142adz PSL. Sta\u0142o si\u0119 to przyczyn\u0105 zatrzymania przez WUBP, skazania na 10 lat wi\u0119zienia, kt\u00f3re odsiadywa\u0142 w os\u0142awionych katowniach Wronek i warszawskiego Mokotowa. Znowu pomog\u0142a interwencja ma\u0142\u017conki, tym razem u \u00f3wczesnego rektora UJ i pos\u0142a na Sejm PRL, genetyka Teodora Marchlewskiego. Teodor Marchlewski doskonale zna\u0142 Starmacha dzi\u0119ki wsp\u00f3lnemu pobytowi w Sachsenhausen. Jako bratanek s\u0142ynnego bolszewika Juliana Marchlewskiego, wsp\u00f3\u0142tw\u00f3rcy Kominternu i przewodnicz\u0105cego RewKomu Polski w 1920, cieszy\u0142 si\u0119 do \u015bmierci ogromnymi wp\u0142ywami w Polsce Ludowej.<\/p>\n<figure id=\"attachment_2783\" aria-describedby=\"caption-attachment-2783\" style=\"width: 175px\" class=\"wp-caption alignleft\"><a href=\"https:\/\/ogrod.pan.pl\/blog\/wp-content\/uploads\/2020\/11\/Hildebrandia-rivularis.jpg\"><img loading=\"lazy\" decoding=\"async\" class=\"wp-image-2783\" src=\"https:\/\/ogrod.pan.pl\/blog\/wp-content\/uploads\/2020\/11\/Hildebrandia-rivularis-300x201.jpg\" alt=\"\" width=\"175\" height=\"117\" srcset=\"https:\/\/ogrod.pan.pl\/blog\/wp-content\/uploads\/2020\/11\/Hildebrandia-rivularis-300x201.jpg 300w, https:\/\/ogrod.pan.pl\/blog\/wp-content\/uploads\/2020\/11\/Hildebrandia-rivularis-1024x685.jpg 1024w, https:\/\/ogrod.pan.pl\/blog\/wp-content\/uploads\/2020\/11\/Hildebrandia-rivularis-768x514.jpg 768w, https:\/\/ogrod.pan.pl\/blog\/wp-content\/uploads\/2020\/11\/Hildebrandia-rivularis-740x493.jpg 740w, https:\/\/ogrod.pan.pl\/blog\/wp-content\/uploads\/2020\/11\/Hildebrandia-rivularis.jpg 1200w\" sizes=\"auto, (max-width: 175px) 100vw, 175px\" \/><\/a><figcaption id=\"caption-attachment-2783\" class=\"wp-caption-text\">Hildenbrandia rivularis<\/figcaption><\/figure>\n<p style=\"text-align: justify;\">Wracaj\u0105c do Starmacha, by\u0142 on nie tylko self-made manem w ameryka\u0144skim stylu, ale i prawdziwym cz\u0142owiekiem instytucj\u0105. \u015awiatow\u0105 s\u0142aw\u0119 przynios\u0142o mu wyja\u015bnienie skomplikowanego cyklu \u017cyciowego hildenbrandii rzecznej <em>Hildenbrandia rivularis<\/em> \u2013 s\u0142odkowodnego krasnorostu, charakterystycznego dla bystro p\u0142yn\u0105cych, bardzo czystych w\u00f3d g\u00f3rskich potok\u00f3w oraz kr\u00f3ciutkich, rw\u0105cych rzek Pomorza. Opisa\u0142 ponadto kilkana\u015bcie nowych dla nauki gatunk\u00f3w glon\u00f3w z wielu grup systematycznych, m.in.: bruzdnic\u0119 <em>Peridiniopsis lenticula<\/em>, r\u00f3\u017cnowiciowaca <em>Centritractus elipsoideus<\/em>, z\u0142otowiciowca <em>Pseudokephyrion tatricum<\/em> tudzie\u017c zielenic\u0119 <em>Entocladia cladophorae<\/em>. Przez ca\u0142e \u017cycie zawodowe najwi\u0119cej uwagi po\u015bwi\u0119ca\u0142 jednakowo\u017c sinicom (cyjanobakteriom), rozpracowuj\u0105c wiele praktycznych aspekt\u00f3w biologii w\u00f3d, szczeg\u00f3lnie w zbiornikach zaporowych, nara\u017conych na tak zwane zakwity tych fotosyntezuj\u0105cych bakterii. W ci\u0105gu swojego owocnego \u017cycia Starmach wypromowa\u0142 osiem habilitacji, ponad 30 doktorat\u00f3w i co najmniej sto magisteri\u00f3w.<\/p>\n<p style=\"text-align: justify;\">mgr Adam Kapler<\/p>\n","protected":false},"excerpt":{"rendered":"<p>Dzie\u0144 Niepodleg\u0142o\u015bci to doskona\u0142a okazja, by wspomnie\u0107 wk\u0142ad polskich botanik\u00f3w i botaniczek w walk\u0119 o wyzwolenie ziem polskich. Tw\u00f3rc\u0105 jednego z najbogatszych, prywatnych ogrod\u00f3w botanicznych Europy w I po\u0142owie XIX wieku by\u0142 hrabia Stanis\u0142aw Wodzicki (1764-1843), uczestnik Insurekcji Ko\u015bciuszkowskiej, potem prezes Komisji Potrzeb Wojskowych Ksi\u0119stwa Warszawskiego. W powstaniu listopadowym brali udzia\u0142 dyrektorzy dwu istniej\u0105cych do&#8230;<\/p>\n","protected":false},"author":6,"featured_media":2787,"comment_status":"closed","ping_status":"closed","sticky":false,"template":"","format":"standard","meta":{"_kad_blocks_custom_css":"","_kad_blocks_head_custom_js":"","_kad_blocks_body_custom_js":"","_kad_blocks_footer_custom_js":"","ngg_post_thumbnail":0,"_kad_post_transparent":"","_kad_post_title":"","_kad_post_layout":"","_kad_post_sidebar_id":"","_kad_post_content_style":"","_kad_post_vertical_padding":"","_kad_post_feature":"","_kad_post_feature_position":"","_kad_post_header":false,"_kad_post_footer":false,"_kad_post_classname":"","footnotes":""},"categories":[309,8],"tags":[297,313,317,314,316,312,315,311,310],"class_list":["post-2771","post","type-post","status-publish","format-standard","has-post-thumbnail","hentry","category-biografie","category-edukacja","tag-adam-kapler","tag-alina-skirgiello","tag-dzien-niepodleglosci","tag-jan-radomski","tag-janina-oszast","tag-karol-starmach","tag-leonidas-swiejkowski","tag-stanislaw-golinski","tag-wladyslaw-szafer"],"taxonomy_info":{"category":[{"value":309,"label":"Biografie"},{"value":8,"label":"Edukacja"}],"post_tag":[{"value":297,"label":"Adam Kapler"},{"value":313,"label":"Alina Skirgie\u0142\u0142o"},{"value":317,"label":"Dzie\u0144 Niepodleg\u0142o\u015bci"},{"value":314,"label":"Jan Radomski"},{"value":316,"label":"Janina Oszast"},{"value":312,"label":"Karol Starmach"},{"value":315,"label":"Leonidas \u015awiejkowski"},{"value":311,"label":"Stanis\u0142aw Goli\u0144ski"},{"value":310,"label":"W\u0142adys\u0142aw Szafer"}]},"featured_image_src_large":["https:\/\/ogrod.pan.pl\/blog\/wp-content\/uploads\/2020\/11\/Flaga-1024x577.jpg",1024,577,true],"author_info":{"display_name":"admin_1","author_link":"https:\/\/ogrod.pan.pl\/blog\/author\/admin_1\/"},"comment_info":0,"category_info":[{"term_id":309,"name":"Biografie","slug":"biografie","term_group":0,"term_taxonomy_id":309,"taxonomy":"category","description":"","parent":0,"count":5,"filter":"raw","cat_ID":309,"category_count":5,"category_description":"","cat_name":"Biografie","category_nicename":"biografie","category_parent":0},{"term_id":8,"name":"Edukacja","slug":"edukacja","term_group":0,"term_taxonomy_id":8,"taxonomy":"category","description":"","parent":18,"count":30,"filter":"raw","cat_ID":8,"category_count":30,"category_description":"","cat_name":"Edukacja","category_nicename":"edukacja","category_parent":18}],"tag_info":[{"term_id":297,"name":"Adam Kapler","slug":"adam-kapler","term_group":0,"term_taxonomy_id":297,"taxonomy":"post_tag","description":"","parent":0,"count":20,"filter":"raw"},{"term_id":313,"name":"Alina Skirgie\u0142\u0142o","slug":"alina-skirgiello","term_group":0,"term_taxonomy_id":313,"taxonomy":"post_tag","description":"","parent":0,"count":2,"filter":"raw"},{"term_id":317,"name":"Dzie\u0144 Niepodleg\u0142o\u015bci","slug":"dzien-niepodleglosci","term_group":0,"term_taxonomy_id":317,"taxonomy":"post_tag","description":"","parent":0,"count":1,"filter":"raw"},{"term_id":314,"name":"Jan Radomski","slug":"jan-radomski","term_group":0,"term_taxonomy_id":314,"taxonomy":"post_tag","description":"","parent":0,"count":1,"filter":"raw"},{"term_id":316,"name":"Janina Oszast","slug":"janina-oszast","term_group":0,"term_taxonomy_id":316,"taxonomy":"post_tag","description":"","parent":0,"count":1,"filter":"raw"},{"term_id":312,"name":"Karol Starmach","slug":"karol-starmach","term_group":0,"term_taxonomy_id":312,"taxonomy":"post_tag","description":"","parent":0,"count":1,"filter":"raw"},{"term_id":315,"name":"Leonidas \u015awiejkowski","slug":"leonidas-swiejkowski","term_group":0,"term_taxonomy_id":315,"taxonomy":"post_tag","description":"","parent":0,"count":1,"filter":"raw"},{"term_id":311,"name":"Stanis\u0142aw Goli\u0144ski","slug":"stanislaw-golinski","term_group":0,"term_taxonomy_id":311,"taxonomy":"post_tag","description":"","parent":0,"count":1,"filter":"raw"},{"term_id":310,"name":"W\u0142adys\u0142aw Szafer","slug":"wladyslaw-szafer","term_group":0,"term_taxonomy_id":310,"taxonomy":"post_tag","description":"","parent":0,"count":1,"filter":"raw"}],"_links":{"self":[{"href":"https:\/\/ogrod.pan.pl\/blog\/wp-json\/wp\/v2\/posts\/2771","targetHints":{"allow":["GET"]}}],"collection":[{"href":"https:\/\/ogrod.pan.pl\/blog\/wp-json\/wp\/v2\/posts"}],"about":[{"href":"https:\/\/ogrod.pan.pl\/blog\/wp-json\/wp\/v2\/types\/post"}],"author":[{"embeddable":true,"href":"https:\/\/ogrod.pan.pl\/blog\/wp-json\/wp\/v2\/users\/6"}],"replies":[{"embeddable":true,"href":"https:\/\/ogrod.pan.pl\/blog\/wp-json\/wp\/v2\/comments?post=2771"}],"version-history":[{"count":0,"href":"https:\/\/ogrod.pan.pl\/blog\/wp-json\/wp\/v2\/posts\/2771\/revisions"}],"wp:featuredmedia":[{"embeddable":true,"href":"https:\/\/ogrod.pan.pl\/blog\/wp-json\/wp\/v2\/media\/2787"}],"wp:attachment":[{"href":"https:\/\/ogrod.pan.pl\/blog\/wp-json\/wp\/v2\/media?parent=2771"}],"wp:term":[{"taxonomy":"category","embeddable":true,"href":"https:\/\/ogrod.pan.pl\/blog\/wp-json\/wp\/v2\/categories?post=2771"},{"taxonomy":"post_tag","embeddable":true,"href":"https:\/\/ogrod.pan.pl\/blog\/wp-json\/wp\/v2\/tags?post=2771"}],"curies":[{"name":"wp","href":"https:\/\/api.w.org\/{rel}","templated":true}]}}