{"id":2633,"date":"2020-09-14T15:10:54","date_gmt":"2020-09-14T13:10:54","guid":{"rendered":"https:\/\/ogrod-powsin.pl\/blog\/?p=2633"},"modified":"2020-09-14T15:12:57","modified_gmt":"2020-09-14T13:12:57","slug":"stare-odmiany-jabloni-w-ogrodzie","status":"publish","type":"post","link":"https:\/\/ogrod.pan.pl\/blog\/stare-odmiany-jabloni-w-ogrodzie\/","title":{"rendered":"Stare odmiany jab\u0142oni w Ogrodzie"},"content":{"rendered":"<p style=\"text-align: justify;\"><a href=\"https:\/\/ogrod.pan.pl\/blog\/wp-content\/uploads\/2020\/09\/Jablon_002-scaled.jpg\"><img loading=\"lazy\" decoding=\"async\" class=\" wp-image-2634 alignleft\" src=\"https:\/\/ogrod.pan.pl\/blog\/wp-content\/uploads\/2020\/09\/Jablon_002-300x169.jpg\" alt=\"\" width=\"199\" height=\"112\" srcset=\"https:\/\/ogrod.pan.pl\/blog\/wp-content\/uploads\/2020\/09\/Jablon_002-300x169.jpg 300w, https:\/\/ogrod.pan.pl\/blog\/wp-content\/uploads\/2020\/09\/Jablon_002-1024x576.jpg 1024w, https:\/\/ogrod.pan.pl\/blog\/wp-content\/uploads\/2020\/09\/Jablon_002-768x432.jpg 768w, https:\/\/ogrod.pan.pl\/blog\/wp-content\/uploads\/2020\/09\/Jablon_002-1536x864.jpg 1536w, https:\/\/ogrod.pan.pl\/blog\/wp-content\/uploads\/2020\/09\/Jablon_002-2048x1152.jpg 2048w\" sizes=\"auto, (max-width: 199px) 100vw, 199px\" \/><\/a>W naszym Ogrodzie od przesz\u0142o 30 lat prowadzimy kolekcj\u0119 zachowawcz\u0105 starych odmian jab\u0142oni. Dok\u0142adnie w 1987 r. rozpocz\u0119to gromadzenie pierwszych odmian, na drodze zbioru materia\u0142u, jakim s\u0105 jednoroczne p\u0119dy (tzw. zrazy) z sad\u00f3w zachowanych w formie zorganizowanej i utrzymywanych w kulturze uprawy, jak i tych p\u00f3\u0142dzikich, zapomnianych i gin\u0105cych. Pierwsze z nich to na pewno inne kolekcje, takie jak sad kolekcyjny Instytutu Ogrodnictwa w Skierniewicach oraz licznych arboret\u00f3w, skansen\u00f3w i kolekcji prywatnych. Miejsca drugiego typu to ju\u017c nieistniej\u0105ce wsie, ostatki sad\u00f3w le\u017c\u0105cych w\u015br\u00f3d istniej\u0105cych miejscowo\u015bci, nie miej\u0105ce jednak okre\u015blonego w\u0142a\u015bciciela lub pojedyncze drzewa, towarzysz\u0105ce funkcjonuj\u0105cym gospodarstwom, kt\u00f3re cho\u0107 niepiel\u0119gnowane specjalnie, nie wadz\u0105 w codziennym \u017cyciu i przez szacunek dla starego drzewa, s\u0105 tylko i a\u017c po prostu zachowywane. Specjalnie do tych miejsc organizujemy corocznie kilkudniowe ekspedycje terenowe. W ten spos\u00f3b nasz Ogr\u00f3d, we wskazanym okresie wzbogaci\u0142 si\u0119 w jeden z wi\u0119kszych przegl\u0105d\u00f3w odmian jab\u0142oni, licz\u0105cy obecnie niemal 700 odmian, staj\u0105c si\u0119 licz\u0105cym punktem na mapie reprezentowania zmienno\u015bci genetycznej rodzaju <em>Malus<\/em><\/p>\n<p style=\"text-align: justify;\"><a href=\"https:\/\/ogrod.pan.pl\/blog\/wp-content\/uploads\/2020\/09\/Jablon_020.jpg\"><img loading=\"lazy\" decoding=\"async\" class=\" wp-image-2635 alignleft\" src=\"https:\/\/ogrod.pan.pl\/blog\/wp-content\/uploads\/2020\/09\/Jablon_020-300x188.jpg\" alt=\"\" width=\"199\" height=\"125\" srcset=\"https:\/\/ogrod.pan.pl\/blog\/wp-content\/uploads\/2020\/09\/Jablon_020-300x188.jpg 300w, https:\/\/ogrod.pan.pl\/blog\/wp-content\/uploads\/2020\/09\/Jablon_020-1024x640.jpg 1024w, https:\/\/ogrod.pan.pl\/blog\/wp-content\/uploads\/2020\/09\/Jablon_020-768x480.jpg 768w, https:\/\/ogrod.pan.pl\/blog\/wp-content\/uploads\/2020\/09\/Jablon_020-1536x960.jpg 1536w, https:\/\/ogrod.pan.pl\/blog\/wp-content\/uploads\/2020\/09\/Jablon_020.jpg 1920w\" sizes=\"auto, (max-width: 199px) 100vw, 199px\" \/><\/a>W 2009 r. poszerzyli\u015bmy zakres ochrony odmian historycznych jab\u0142oni, realizuj\u0105c projekt Narodowego Centrum Bada\u0144 i Rozwoju &#8211; \u201eZastosowanie metod kriogenicznych w celu utworzenia banku gen\u00f3w historycznych odmian jab\u0142oni\u201d. Specyfika tego przedsi\u0119wzi\u0119cia polega\u0142a na wykorzystaniu ultraniskich temperatur par ciek\u0142ego azotu (-160 st.C) i znacznej przebudowy formy prowadzenia kolekcji. Wykorzystywane s\u0105 w niej bowiem nie ca\u0142e ro\u015bliny a ich fragmenty, w postaci samych p\u0105k\u00f3w na 1,5 cm fragmencie p\u0119du. To diametralnie zmniejsza ca\u0142\u0105 kolekcj\u0119, gdy\u017c nawet 100 takich pr\u00f3bek mie\u015bci si\u0119 w gar\u015bci, a ka\u017cdy z nich mo\u017ce by\u0107 w przysz\u0142o\u015bci samodzielnym drzewem. W latach projektowych (do 2012 r) zgromadzono 121 odmian pochodz\u0105cych g\u0142\u00f3wnie z Ogrodu oraz kilku kolekcji wsp\u00f3\u0142pracuj\u0105cych z nami. W dalszych latach prace kontynuowano w ramach kolejnych edycji Programu Wieloletniego MRiRW. Obecnie w stanie g\u0142\u0119bokiego zamro\u017cenia w naszym Banku Gen\u00f3w przechowujemy 260 odmian.<\/p>\n<p style=\"text-align: justify;\"><a href=\"https:\/\/ogrod.pan.pl\/blog\/wp-content\/uploads\/2020\/09\/DSC_0115.jpg\"><img loading=\"lazy\" decoding=\"async\" class=\" wp-image-2636 alignleft\" src=\"https:\/\/ogrod.pan.pl\/blog\/wp-content\/uploads\/2020\/09\/DSC_0115-300x188.jpg\" alt=\"\" width=\"199\" height=\"125\" srcset=\"https:\/\/ogrod.pan.pl\/blog\/wp-content\/uploads\/2020\/09\/DSC_0115-300x188.jpg 300w, https:\/\/ogrod.pan.pl\/blog\/wp-content\/uploads\/2020\/09\/DSC_0115-1024x640.jpg 1024w, https:\/\/ogrod.pan.pl\/blog\/wp-content\/uploads\/2020\/09\/DSC_0115-768x480.jpg 768w, https:\/\/ogrod.pan.pl\/blog\/wp-content\/uploads\/2020\/09\/DSC_0115-1536x960.jpg 1536w, https:\/\/ogrod.pan.pl\/blog\/wp-content\/uploads\/2020\/09\/DSC_0115.jpg 1920w\" sizes=\"auto, (max-width: 199px) 100vw, 199px\" \/><\/a>Co roku, w trzeci\u0105 sobot\u0119 wrze\u015bnia organizujemy Dzie\u0144 Jab\u0142oni, przybli\u017caj\u0105cy nasze starania maj\u0105ce na celu gromadzenie, prezentacj\u0119 i zachowanie starych odmian jab\u0142oni. To okazja nie tylko do zobaczenia post\u0119pu tych prac, ale przede wszystkim pog\u0142\u0119bienia wiedzy o uprawie tego gatunku. W ramach Dnia prezentujemy tak\u017ce wystaw\u0119 owoc\u00f3w kilkudziesi\u0119ciu odmian oraz spacer po sadzie kolekcyjny wraz z jego opiekunem, okraszony du\u017c\u0105 ilo\u015bci\u0105 ciekawostek dotycz\u0105cych pochodzenia odmian. Ka\u017cdy z go\u015bci ma co roku tak\u017ce szans\u0119 rozpocz\u0119cia przygody z upraw\u0105 starych odmian. Najwytrwalszym uczestnikom przekazujemy nieodp\u0142atnie jednoroczne, doniczkowane drzewka, kt\u00f3re jak mamy nadziej\u0119, b\u0119d\u0105 stanowi\u0142y na lata kolejny poziom ochrony tych cennych ro\u015blin u\u017cytkowych.<\/p>\n<p>mgr in\u017c. Konrad Woli\u0144ski<\/p>\n<p>&nbsp;<\/p>\n","protected":false},"excerpt":{"rendered":"<p>W naszym Ogrodzie od przesz\u0142o 30 lat prowadzimy kolekcj\u0119 zachowawcz\u0105 starych odmian jab\u0142oni. Dok\u0142adnie w 1987 r. rozpocz\u0119to gromadzenie pierwszych odmian, na drodze zbioru materia\u0142u, jakim s\u0105 jednoroczne p\u0119dy (tzw. zrazy) z sad\u00f3w zachowanych w formie zorganizowanej i utrzymywanych w kulturze uprawy, jak i tych p\u00f3\u0142dzikich, zapomnianych i gin\u0105cych. Pierwsze z nich to na pewno&#8230;<\/p>\n","protected":false},"author":6,"featured_media":2635,"comment_status":"closed","ping_status":"closed","sticky":false,"template":"","format":"standard","meta":{"_kad_blocks_custom_css":"","_kad_blocks_head_custom_js":"","_kad_blocks_body_custom_js":"","_kad_blocks_footer_custom_js":"","ngg_post_thumbnail":0,"_kad_post_transparent":"","_kad_post_title":"","_kad_post_layout":"","_kad_post_sidebar_id":"","_kad_post_content_style":"","_kad_post_vertical_padding":"","_kad_post_feature":"","_kad_post_feature_position":"","_kad_post_header":false,"_kad_post_footer":false,"_kad_post_classname":"","footnotes":""},"categories":[34],"tags":[137,136,294,168,293],"class_list":["post-2633","post","type-post","status-publish","format-standard","has-post-thumbnail","hentry","category-w-naszym-ogrodzie","tag-dzien-jabloni","tag-jablonie","tag-mgr-inz-konrad-wolinski","tag-pan-ogrod-botaniczny-w-powsinie","tag-stare-odmiany-jabloni"],"taxonomy_info":{"category":[{"value":34,"label":"W naszym Ogrodzie"}],"post_tag":[{"value":137,"label":"Dzie\u0144 Jab\u0142oni"},{"value":136,"label":"Jab\u0142onie"},{"value":294,"label":"mgr in\u017c. Konrad Woli\u0144ski"},{"value":168,"label":"PAN Ogr\u00f3d Botaniczny w Powsinie"},{"value":293,"label":"Stare odmiany jab\u0142oni"}]},"featured_image_src_large":["https:\/\/ogrod.pan.pl\/blog\/wp-content\/uploads\/2020\/09\/Jablon_020-1024x640.jpg",1024,640,true],"author_info":{"display_name":"admin_1","author_link":"https:\/\/ogrod.pan.pl\/blog\/author\/admin_1\/"},"comment_info":0,"category_info":[{"term_id":34,"name":"W naszym Ogrodzie","slug":"w-naszym-ogrodzie","term_group":0,"term_taxonomy_id":34,"taxonomy":"category","description":"","parent":18,"count":65,"filter":"raw","cat_ID":34,"category_count":65,"category_description":"","cat_name":"W naszym Ogrodzie","category_nicename":"w-naszym-ogrodzie","category_parent":18}],"tag_info":[{"term_id":137,"name":"Dzie\u0144 Jab\u0142oni","slug":"dzien-jabloni","term_group":0,"term_taxonomy_id":137,"taxonomy":"post_tag","description":"","parent":0,"count":3,"filter":"raw"},{"term_id":136,"name":"Jab\u0142onie","slug":"jablonie","term_group":0,"term_taxonomy_id":136,"taxonomy":"post_tag","description":"","parent":0,"count":5,"filter":"raw"},{"term_id":294,"name":"mgr in\u017c. Konrad Woli\u0144ski","slug":"mgr-inz-konrad-wolinski","term_group":0,"term_taxonomy_id":294,"taxonomy":"post_tag","description":"","parent":0,"count":4,"filter":"raw"},{"term_id":168,"name":"PAN Ogr\u00f3d Botaniczny w Powsinie","slug":"pan-ogrod-botaniczny-w-powsinie","term_group":0,"term_taxonomy_id":168,"taxonomy":"post_tag","description":"","parent":0,"count":64,"filter":"raw"},{"term_id":293,"name":"Stare odmiany jab\u0142oni","slug":"stare-odmiany-jabloni","term_group":0,"term_taxonomy_id":293,"taxonomy":"post_tag","description":"","parent":0,"count":1,"filter":"raw"}],"_links":{"self":[{"href":"https:\/\/ogrod.pan.pl\/blog\/wp-json\/wp\/v2\/posts\/2633","targetHints":{"allow":["GET"]}}],"collection":[{"href":"https:\/\/ogrod.pan.pl\/blog\/wp-json\/wp\/v2\/posts"}],"about":[{"href":"https:\/\/ogrod.pan.pl\/blog\/wp-json\/wp\/v2\/types\/post"}],"author":[{"embeddable":true,"href":"https:\/\/ogrod.pan.pl\/blog\/wp-json\/wp\/v2\/users\/6"}],"replies":[{"embeddable":true,"href":"https:\/\/ogrod.pan.pl\/blog\/wp-json\/wp\/v2\/comments?post=2633"}],"version-history":[{"count":0,"href":"https:\/\/ogrod.pan.pl\/blog\/wp-json\/wp\/v2\/posts\/2633\/revisions"}],"wp:featuredmedia":[{"embeddable":true,"href":"https:\/\/ogrod.pan.pl\/blog\/wp-json\/wp\/v2\/media\/2635"}],"wp:attachment":[{"href":"https:\/\/ogrod.pan.pl\/blog\/wp-json\/wp\/v2\/media?parent=2633"}],"wp:term":[{"taxonomy":"category","embeddable":true,"href":"https:\/\/ogrod.pan.pl\/blog\/wp-json\/wp\/v2\/categories?post=2633"},{"taxonomy":"post_tag","embeddable":true,"href":"https:\/\/ogrod.pan.pl\/blog\/wp-json\/wp\/v2\/tags?post=2633"}],"curies":[{"name":"wp","href":"https:\/\/api.w.org\/{rel}","templated":true}]}}