{"id":2519,"date":"2020-07-13T17:32:52","date_gmt":"2020-07-13T15:32:52","guid":{"rendered":"https:\/\/ogrod-powsin.pl\/blog\/?p=2519"},"modified":"2020-07-13T17:32:52","modified_gmt":"2020-07-13T15:32:52","slug":"komary-cale-chmary-a-do-tego-jeszcze-kleszcze","status":"publish","type":"post","link":"https:\/\/ogrod.pan.pl\/blog\/komary-cale-chmary-a-do-tego-jeszcze-kleszcze\/","title":{"rendered":"Komary? Ca\u0142e chmary, a do tego jeszcze kleszcze&#8230;"},"content":{"rendered":"<p style=\"text-align: justify;\">Tego lata wyj\u0105tkow\u0105 zmor\u0105 s\u0105 licznie wyst\u0119puj\u0105ce komary oraz kleszcze. Ich zwi\u0119kszona liczebno\u015b\u0107, w por\u00f3wnaniu do ostatnich kilku lat, jest spowodowana wilgotn\u0105 i ciep\u0142\u0105 pogod\u0105. Sp\u0119dzanie czasu na \u015bwie\u017cym powietrzu staje si\u0119 wtedy ma\u0142o przyjemne i do\u015b\u0107 uci\u0105\u017cliwe. Jednak zamiast chowa\u0107 si\u0119 w domu, warto rozwi\u0105za\u0107 ten problem na kilka sposob\u00f3w. A jedn\u0105 z naturalnych metod odstraszenia komar\u00f3w oraz kleszczy jest sadzenie odpowiednich ro\u015blin. Zar\u00f3wno komary jak i kleszcze do polowania wykorzystuj\u0105 zmys\u0142 w\u0119chu \u2013 szacuje si\u0119, \u017ce s\u0105 w stanie wyczu\u0107 swoj\u0105 ofiar\u0119 nawet z odleg\u0142o\u015bci kilkudziesi\u0119ciu metr\u00f3w. Wyczuwaj\u0105 j\u0105 z powodu emitowania przez nie licznych zwi\u0105zk\u00f3w zawartych w wydychanym powietrzu oraz pocie. W zwi\u0105zku z tym mo\u017cna si\u0119 domy\u015bla\u0107, \u017ce s\u0105 te\u017c substancje, kt\u00f3re s\u0105 mniej przez nie lubiane\u2026 Takimi zwi\u0105zkami s\u0105 intensywnie pachn\u0105ce olejki eteryczne wydzielane przez liczne ro\u015bliny, g\u0142\u00f3wnie nale\u017c\u0105ce do niezwykle aromatycznej rodziny jasnotowatych (<em>Lamiaceae<\/em>). Przed Pa\u0144stwem kilka popularnych ro\u015blin, kt\u00f3re pomog\u0105 w odstraszeniu komar\u00f3w i kleszczy:<\/p>\n<p style=\"text-align: justify;\"><strong><a href=\"https:\/\/ogrod.pan.pl\/blog\/wp-content\/uploads\/2020\/07\/Komarzyca.jpg\"><img loading=\"lazy\" decoding=\"async\" class=\" wp-image-2523 alignleft\" src=\"https:\/\/ogrod.pan.pl\/blog\/wp-content\/uploads\/2020\/07\/Komarzyca-300x188.jpg\" alt=\"\" width=\"150\" height=\"94\" srcset=\"https:\/\/ogrod.pan.pl\/blog\/wp-content\/uploads\/2020\/07\/Komarzyca-300x188.jpg 300w, https:\/\/ogrod.pan.pl\/blog\/wp-content\/uploads\/2020\/07\/Komarzyca-1024x640.jpg 1024w, https:\/\/ogrod.pan.pl\/blog\/wp-content\/uploads\/2020\/07\/Komarzyca-768x480.jpg 768w, https:\/\/ogrod.pan.pl\/blog\/wp-content\/uploads\/2020\/07\/Komarzyca-1536x960.jpg 1536w, https:\/\/ogrod.pan.pl\/blog\/wp-content\/uploads\/2020\/07\/Komarzyca.jpg 1920w\" sizes=\"auto, (max-width: 150px) 100vw, 150px\" \/><\/a>Komarzyca<\/strong> | To pospolita nazwa plektrantusa koleusowatego (<em>Plectranthus coleoides <\/em>Benth.), kt\u00f3ra ju\u017c swoj\u0105 nazw\u0105 wskazuje na swoje niezwyk\u0142e w\u0142a\u015bciwo\u015bci. Ma pi\u0119kny zwisaj\u0105cy pokr\u00f3j i dwubarwne li\u015bcie. Nadaje si\u0119 do wisz\u0105cych donic, na balustrady oraz nasadzenia z podporami. Li\u015bcie posiadaj\u0105 intensywn\u0105 wo\u0144 kadzid\u0142a.<\/p>\n<p style=\"text-align: justify;\"><strong><a href=\"https:\/\/ogrod.pan.pl\/blog\/wp-content\/uploads\/2020\/07\/Lawenda_001-1.jpg\"><img loading=\"lazy\" decoding=\"async\" class=\" wp-image-2525 alignleft\" src=\"https:\/\/ogrod.pan.pl\/blog\/wp-content\/uploads\/2020\/07\/Lawenda_001-1-300x188.jpg\" alt=\"\" width=\"150\" height=\"94\" srcset=\"https:\/\/ogrod.pan.pl\/blog\/wp-content\/uploads\/2020\/07\/Lawenda_001-1-300x188.jpg 300w, https:\/\/ogrod.pan.pl\/blog\/wp-content\/uploads\/2020\/07\/Lawenda_001-1-1024x640.jpg 1024w, https:\/\/ogrod.pan.pl\/blog\/wp-content\/uploads\/2020\/07\/Lawenda_001-1-768x480.jpg 768w, https:\/\/ogrod.pan.pl\/blog\/wp-content\/uploads\/2020\/07\/Lawenda_001-1-1536x960.jpg 1536w, https:\/\/ogrod.pan.pl\/blog\/wp-content\/uploads\/2020\/07\/Lawenda_001-1.jpg 1920w\" sizes=\"auto, (max-width: 150px) 100vw, 150px\" \/><\/a>Lawenda w\u0105skolistna <\/strong>(<em>Lavendula angustifolia<\/em>) | Niezwykle urokliwa ro\u015blina, kt\u00f3ra swoim niesamowitym zapachem odstrasza komary, kleszcze oraz meszki. Jej pi\u0119kne fioletowe kwiaty przyci\u0105gaj\u0105 za\u015b pszczo\u0142y, trzmiele oraz motyle, a ususzone i umieszczone w szafie skutecznie odstraszaj\u0105 mole ubraniowe.<\/p>\n<p style=\"text-align: justify;\"><strong><a href=\"https:\/\/ogrod.pan.pl\/blog\/wp-content\/uploads\/2020\/07\/MietaPieprzowa.jpg\"><img loading=\"lazy\" decoding=\"async\" class=\" wp-image-2527 alignleft\" src=\"https:\/\/ogrod.pan.pl\/blog\/wp-content\/uploads\/2020\/07\/MietaPieprzowa-300x194.jpg\" alt=\"\" width=\"150\" height=\"97\" srcset=\"https:\/\/ogrod.pan.pl\/blog\/wp-content\/uploads\/2020\/07\/MietaPieprzowa-300x194.jpg 300w, https:\/\/ogrod.pan.pl\/blog\/wp-content\/uploads\/2020\/07\/MietaPieprzowa-1024x662.jpg 1024w, https:\/\/ogrod.pan.pl\/blog\/wp-content\/uploads\/2020\/07\/MietaPieprzowa-768x497.jpg 768w, https:\/\/ogrod.pan.pl\/blog\/wp-content\/uploads\/2020\/07\/MietaPieprzowa.jpg 1280w\" sizes=\"auto, (max-width: 150px) 100vw, 150px\" \/><\/a>Mi\u0119ta pieprzowa<\/strong> (<em>Mentha piperita<\/em>) | To bardzo popularne i pospolicie wyst\u0119puj\u0105ce ziele, kt\u00f3re posiada same niezwyk\u0142e walory. Tak jak komarzyca oraz lawenda nale\u017cy do rodziny ro\u015blin jasnotowatych (<em>Lamiaceae<\/em>). Uprawiamy j\u0105 g\u0142\u00f3wnie ze wzgl\u0119du na w\u0142a\u015bciwo\u015bci zdrowotne. Dobrze ro\u015bnie zar\u00f3wno w gruncie, jak i w doniczkach wystawionych na balkonie i w domu. Istnieje wiele gatunk\u00f3w mi\u0119ty, znacznie r\u00f3\u017cni\u0105cych si\u0119 pokrojem oraz zapachem.<\/p>\n<p style=\"text-align: justify;\"><strong><a href=\"https:\/\/ogrod.pan.pl\/blog\/wp-content\/uploads\/2020\/07\/Pelargonia.jpg\"><img loading=\"lazy\" decoding=\"async\" class=\" wp-image-2529 alignleft\" src=\"https:\/\/ogrod.pan.pl\/blog\/wp-content\/uploads\/2020\/07\/Pelargonia-300x188.jpg\" alt=\"\" width=\"150\" height=\"94\" srcset=\"https:\/\/ogrod.pan.pl\/blog\/wp-content\/uploads\/2020\/07\/Pelargonia-300x188.jpg 300w, https:\/\/ogrod.pan.pl\/blog\/wp-content\/uploads\/2020\/07\/Pelargonia-1024x640.jpg 1024w, https:\/\/ogrod.pan.pl\/blog\/wp-content\/uploads\/2020\/07\/Pelargonia-768x480.jpg 768w, https:\/\/ogrod.pan.pl\/blog\/wp-content\/uploads\/2020\/07\/Pelargonia-1536x960.jpg 1536w, https:\/\/ogrod.pan.pl\/blog\/wp-content\/uploads\/2020\/07\/Pelargonia.jpg 1920w\" sizes=\"auto, (max-width: 150px) 100vw, 150px\" \/><\/a>Pelargonia <\/strong>(<em>Pelargonium <\/em>L\u2019Her) | Zwyci\u0119zca w rankingu najpopularniejszych ro\u015blin balkonowych. Ro\u015bliny z tego rodzaju maj\u0105 bardzo intensywny zapach, kt\u00f3ry nie ka\u017cdemu przypada do gustu. Nie przepadaj\u0105 za nim r\u00f3wnie\u017c komary oraz meszki. S\u0105 to ro\u015bliny r\u00f3\u017cnorodne, \u0142atwe w uprawie i bardzo dekoracyjne.<\/p>\n<p style=\"text-align: justify;\"><strong><a href=\"https:\/\/ogrod.pan.pl\/blog\/wp-content\/uploads\/2020\/07\/Kocimietka.jpg\"><img loading=\"lazy\" decoding=\"async\" class=\" wp-image-2531 alignleft\" src=\"https:\/\/ogrod.pan.pl\/blog\/wp-content\/uploads\/2020\/07\/Kocimietka-300x200.jpg\" alt=\"\" width=\"150\" height=\"100\" srcset=\"https:\/\/ogrod.pan.pl\/blog\/wp-content\/uploads\/2020\/07\/Kocimietka-300x200.jpg 300w, https:\/\/ogrod.pan.pl\/blog\/wp-content\/uploads\/2020\/07\/Kocimietka-1024x683.jpg 1024w, https:\/\/ogrod.pan.pl\/blog\/wp-content\/uploads\/2020\/07\/Kocimietka-768x512.jpg 768w, https:\/\/ogrod.pan.pl\/blog\/wp-content\/uploads\/2020\/07\/Kocimietka-1536x1024.jpg 1536w, https:\/\/ogrod.pan.pl\/blog\/wp-content\/uploads\/2020\/07\/Kocimietka-740x493.jpg 740w, https:\/\/ogrod.pan.pl\/blog\/wp-content\/uploads\/2020\/07\/Kocimietka.jpg 1920w\" sizes=\"auto, (max-width: 150px) 100vw, 150px\" \/><\/a>Kocimi\u0119tka w\u0142a\u015bciwa<\/strong> (<em>Nepeta caparia<\/em>) | Jej nazwa pochodzi od intensywnego zapachu przypominaj\u0105cego koci feromon, kt\u00f3ry skutecznie odstrasza komary, kleszcze oraz muszki. Jest to bylina nadaj\u0105ca si\u0119 zar\u00f3wno do uprawy w gruncie jak i w donicach, o ozdobnych oraz leczniczych walorach. Kolejna przedstawicielka rodziny jasnotowatych o zapachu podobnym do mi\u0119ty.<\/p>\n<p style=\"text-align: justify;\"><strong><a href=\"https:\/\/ogrod.pan.pl\/blog\/wp-content\/uploads\/2020\/07\/Wrotycz.jpg\"><img loading=\"lazy\" decoding=\"async\" class=\" wp-image-2532 alignleft\" src=\"https:\/\/ogrod.pan.pl\/blog\/wp-content\/uploads\/2020\/07\/Wrotycz-300x200.jpg\" alt=\"\" width=\"150\" height=\"100\" srcset=\"https:\/\/ogrod.pan.pl\/blog\/wp-content\/uploads\/2020\/07\/Wrotycz-300x200.jpg 300w, https:\/\/ogrod.pan.pl\/blog\/wp-content\/uploads\/2020\/07\/Wrotycz-1024x682.jpg 1024w, https:\/\/ogrod.pan.pl\/blog\/wp-content\/uploads\/2020\/07\/Wrotycz-768x512.jpg 768w, https:\/\/ogrod.pan.pl\/blog\/wp-content\/uploads\/2020\/07\/Wrotycz-740x493.jpg 740w, https:\/\/ogrod.pan.pl\/blog\/wp-content\/uploads\/2020\/07\/Wrotycz.jpg 1280w\" sizes=\"auto, (max-width: 150px) 100vw, 150px\" \/><\/a>Wrotycz pospolity <\/strong>(<em>Tanacetum vulgare<\/em>) | Cho\u0107 kojarzy nam si\u0119 w chwastem, mo\u017ce by\u0107 uprawiany jako ro\u015blina ozdobna lub lecznicza. Wydziela silny zapach przypominaj\u0105cy kamfor\u0119, nielubiany g\u0142\u00f3wnie przez kleszcze. Je\u017celi wrotycza nie mamy w ogrodzie, mo\u017cemy nazrywa\u0107 dziko rosn\u0105cego i powiesi\u0107 p\u0119czku na balkonie, werandzie lub tarasie, co zapewni mam ochron\u0119 przez najbli\u017cszych kilka dni.<\/p>\n<p style=\"text-align: justify;\">W celu skutecznego odstraszenia paj\u0119czak\u00f3w i owad\u00f3w wa\u017cne jest r\u00f3wnomierne rozmieszczenie aromatycznych ro\u015blin.<\/p>\n<p><strong>mgr Olga Gaczkowska<\/strong><\/p>\n","protected":false},"excerpt":{"rendered":"<p>Tego lata wyj\u0105tkow\u0105 zmor\u0105 s\u0105 licznie wyst\u0119puj\u0105ce komary oraz kleszcze. Ich zwi\u0119kszona liczebno\u015b\u0107, w por\u00f3wnaniu do ostatnich kilku lat, jest spowodowana wilgotn\u0105 i ciep\u0142\u0105 pogod\u0105. Sp\u0119dzanie czasu na \u015bwie\u017cym powietrzu staje si\u0119 wtedy ma\u0142o przyjemne i do\u015b\u0107 uci\u0105\u017cliwe. Jednak zamiast chowa\u0107 si\u0119 w domu, warto rozwi\u0105za\u0107 ten problem na kilka sposob\u00f3w. A jedn\u0105 z naturalnych&#8230;<\/p>\n","protected":false},"author":6,"featured_media":2521,"comment_status":"closed","ping_status":"closed","sticky":false,"template":"","format":"standard","meta":{"_kad_blocks_custom_css":"","_kad_blocks_head_custom_js":"","_kad_blocks_body_custom_js":"","_kad_blocks_footer_custom_js":"","ngg_post_thumbnail":0,"_kad_post_transparent":"","_kad_post_title":"","_kad_post_layout":"","_kad_post_sidebar_id":"","_kad_post_content_style":"","_kad_post_vertical_padding":"","_kad_post_feature":"","_kad_post_feature_position":"","_kad_post_header":false,"_kad_post_footer":false,"_kad_post_classname":"","footnotes":""},"categories":[26],"tags":[265,261,268,262,263,264,266,267],"class_list":["post-2519","post","type-post","status-publish","format-standard","has-post-thumbnail","hentry","category-z-notatnika-przyrodnika","tag-kocimietka","tag-komarzyca","tag-komaty","tag-lawenda","tag-mieta","tag-pelargonia","tag-wrotycz","tag-ziola"],"taxonomy_info":{"category":[{"value":26,"label":"Z notatnika przyrodnika"}],"post_tag":[{"value":265,"label":"Kocimi\u0119tka"},{"value":261,"label":"Komarzyca"},{"value":268,"label":"Komaty"},{"value":262,"label":"Lawenda"},{"value":263,"label":"Mi\u0119ta"},{"value":264,"label":"Pelargonia"},{"value":266,"label":"Wrotycz"},{"value":267,"label":"Zio\u0142a"}]},"featured_image_src_large":["https:\/\/ogrod.pan.pl\/blog\/wp-content\/uploads\/2020\/07\/Lawenda_001-1024x640.jpg",1024,640,true],"author_info":{"display_name":"admin_1","author_link":"https:\/\/ogrod.pan.pl\/blog\/author\/admin_1\/"},"comment_info":0,"category_info":[{"term_id":26,"name":"Z notatnika przyrodnika","slug":"z-notatnika-przyrodnika","term_group":0,"term_taxonomy_id":26,"taxonomy":"category","description":"","parent":18,"count":95,"filter":"raw","cat_ID":26,"category_count":95,"category_description":"","cat_name":"Z notatnika przyrodnika","category_nicename":"z-notatnika-przyrodnika","category_parent":18}],"tag_info":[{"term_id":265,"name":"Kocimi\u0119tka","slug":"kocimietka","term_group":0,"term_taxonomy_id":265,"taxonomy":"post_tag","description":"","parent":0,"count":1,"filter":"raw"},{"term_id":261,"name":"Komarzyca","slug":"komarzyca","term_group":0,"term_taxonomy_id":261,"taxonomy":"post_tag","description":"","parent":0,"count":1,"filter":"raw"},{"term_id":268,"name":"Komaty","slug":"komaty","term_group":0,"term_taxonomy_id":268,"taxonomy":"post_tag","description":"","parent":0,"count":1,"filter":"raw"},{"term_id":262,"name":"Lawenda","slug":"lawenda","term_group":0,"term_taxonomy_id":262,"taxonomy":"post_tag","description":"","parent":0,"count":1,"filter":"raw"},{"term_id":263,"name":"Mi\u0119ta","slug":"mieta","term_group":0,"term_taxonomy_id":263,"taxonomy":"post_tag","description":"","parent":0,"count":1,"filter":"raw"},{"term_id":264,"name":"Pelargonia","slug":"pelargonia","term_group":0,"term_taxonomy_id":264,"taxonomy":"post_tag","description":"","parent":0,"count":1,"filter":"raw"},{"term_id":266,"name":"Wrotycz","slug":"wrotycz","term_group":0,"term_taxonomy_id":266,"taxonomy":"post_tag","description":"","parent":0,"count":1,"filter":"raw"},{"term_id":267,"name":"Zio\u0142a","slug":"ziola","term_group":0,"term_taxonomy_id":267,"taxonomy":"post_tag","description":"","parent":0,"count":1,"filter":"raw"}],"_links":{"self":[{"href":"https:\/\/ogrod.pan.pl\/blog\/wp-json\/wp\/v2\/posts\/2519","targetHints":{"allow":["GET"]}}],"collection":[{"href":"https:\/\/ogrod.pan.pl\/blog\/wp-json\/wp\/v2\/posts"}],"about":[{"href":"https:\/\/ogrod.pan.pl\/blog\/wp-json\/wp\/v2\/types\/post"}],"author":[{"embeddable":true,"href":"https:\/\/ogrod.pan.pl\/blog\/wp-json\/wp\/v2\/users\/6"}],"replies":[{"embeddable":true,"href":"https:\/\/ogrod.pan.pl\/blog\/wp-json\/wp\/v2\/comments?post=2519"}],"version-history":[{"count":0,"href":"https:\/\/ogrod.pan.pl\/blog\/wp-json\/wp\/v2\/posts\/2519\/revisions"}],"wp:featuredmedia":[{"embeddable":true,"href":"https:\/\/ogrod.pan.pl\/blog\/wp-json\/wp\/v2\/media\/2521"}],"wp:attachment":[{"href":"https:\/\/ogrod.pan.pl\/blog\/wp-json\/wp\/v2\/media?parent=2519"}],"wp:term":[{"taxonomy":"category","embeddable":true,"href":"https:\/\/ogrod.pan.pl\/blog\/wp-json\/wp\/v2\/categories?post=2519"},{"taxonomy":"post_tag","embeddable":true,"href":"https:\/\/ogrod.pan.pl\/blog\/wp-json\/wp\/v2\/tags?post=2519"}],"curies":[{"name":"wp","href":"https:\/\/api.w.org\/{rel}","templated":true}]}}