{"id":1915,"date":"2020-01-03T18:43:46","date_gmt":"2020-01-03T17:43:46","guid":{"rendered":"https:\/\/ogrod-powsin.pl\/blog\/?p=1915"},"modified":"2020-01-03T18:43:46","modified_gmt":"2020-01-03T17:43:46","slug":"dyrektor-arkadiusz-nowak-odebral-nominacje-profesorska","status":"publish","type":"post","link":"https:\/\/ogrod.pan.pl\/blog\/dyrektor-arkadiusz-nowak-odebral-nominacje-profesorska\/","title":{"rendered":"Dyrektor Arkadiusz Nowak odebra\u0142 nominacj\u0119 profesorsk\u0105"},"content":{"rendered":"<figure id=\"attachment_1917\" aria-describedby=\"caption-attachment-1917\" style=\"width: 140px\" class=\"wp-caption alignleft\"><a href=\"https:\/\/ogrod.pan.pl\/blog\/wp-content\/uploads\/2020\/01\/DSC_2323.jpg\"><img loading=\"lazy\" decoding=\"async\" class=\"wp-image-1917\" src=\"https:\/\/ogrod.pan.pl\/blog\/wp-content\/uploads\/2020\/01\/DSC_2323-207x300.jpg\" alt=\"\" width=\"140\" height=\"203\" srcset=\"https:\/\/ogrod.pan.pl\/blog\/wp-content\/uploads\/2020\/01\/DSC_2323-207x300.jpg 207w, https:\/\/ogrod.pan.pl\/blog\/wp-content\/uploads\/2020\/01\/DSC_2323.jpg 708w\" sizes=\"auto, (max-width: 140px) 100vw, 140px\" \/><\/a><figcaption id=\"caption-attachment-1917\" class=\"wp-caption-text\">Prof. Arkadiusz Nowak<\/figcaption><\/figure>\n<p style=\"text-align: justify;\">12 grudnia 2019 roku, pracuj\u0105cy w naszym Ogrodzie na stanowisku kierownika Zak\u0142adu Biologii Konserwatorskiej Ro\u015blin oraz pe\u0142ni\u0105cy funkcj\u0119 z-cy dyrektora ds. naukowych Arkadiusz Nowak odebra\u0142 z r\u0105k Prezydenta Andrzeja Dudy nominacj\u0119 profesorsk\u0105, zostaj\u0105c jednocze\u015bnie pierwszym tytularnym biologiem \u2013 absolwentem Uniwersytetu Opolskiego. Prof. Arkadiusz Nowak jest absolwentem kierunku Ochrona i Kszta\u0142towanie \u015arodowiska<em>.<\/em> Prac\u0119 naukow\u0105 zaczyna\u0142 jako genetyk w Instytucie Ochrony \u015arodowiska UO. W latach 1996-2001 dzi\u0119ki zaanga\u017cowaniu \u00f3wczesnego Wojewody Opolskiego, Ryszarda Zembaczy\u0144skiego, jako Wojew\u00f3dzki Konserwator Przyrody, istotnie rozbudowa\u0142 system obszar\u00f3w chronionych regionu, tworz\u0105c 16 nowych rezerwat\u00f3w przyrody, Stobrawski Park Krajobrazowy, wiele u\u017cytk\u00f3w ekologicznych, zespo\u0142\u00f3w przyrodniczo-krajobrazowych i innych form ochrony przyrody. Po\u0142o\u017cy\u0142 podwaliny pod wojew\u00f3dzki system Natura 2000, wraz z biologami Uniwersytetu Opolskiego zinwentaryzowa\u0142 potencjalne ostoje siedliskowe i ptasie. W tym czasie g\u0142\u0119biej zainteresowa\u0142 si\u0119 flor\u0105 wojew\u00f3dztwa; kwiaty od m\u0142odo\u015bci zwraca\u0142y uwag\u0119 prof. Nowaka, co wyra\u017ca\u0142o si\u0119 g\u0142\u00f3wnie w motywach jego r\u0119kodzie\u0142 i na fotografiach. W 2000 roku na Wydziale Nauk Przyrodniczych Uniwersytetu Wroc\u0142awskiego obroni\u0142 prac\u0119 doktorsk\u0105 pt. \u201eCharakterystyka sozoflorystyczna wojew\u00f3dztwa opolskiego\u201d. Ten fakt sk\u0142oni\u0142 go do powrotu na uczelni\u0119 i dzi\u0119ki przychylno\u015bci prof. Krystyny Boreckiej m\u00f3g\u0142 wesprze\u0107 zesp\u00f3\u0142 Katedry Monitoringu i Planowania Przestrzennego.&nbsp;<\/p>\n<figure id=\"attachment_1920\" aria-describedby=\"caption-attachment-1920\" style=\"width: 140px\" class=\"wp-caption alignleft\"><a href=\"https:\/\/ogrod.pan.pl\/blog\/wp-content\/uploads\/2020\/01\/6.jpg\"><img loading=\"lazy\" decoding=\"async\" class=\"wp-image-1920\" src=\"https:\/\/ogrod.pan.pl\/blog\/wp-content\/uploads\/2020\/01\/6-300x201.jpg\" alt=\"\" width=\"140\" height=\"94\" srcset=\"https:\/\/ogrod.pan.pl\/blog\/wp-content\/uploads\/2020\/01\/6-300x201.jpg 300w, https:\/\/ogrod.pan.pl\/blog\/wp-content\/uploads\/2020\/01\/6-768x515.jpg 768w, https:\/\/ogrod.pan.pl\/blog\/wp-content\/uploads\/2020\/01\/6-740x493.jpg 740w, https:\/\/ogrod.pan.pl\/blog\/wp-content\/uploads\/2020\/01\/6.jpg 1024w\" sizes=\"auto, (max-width: 140px) 100vw, 140px\" \/><\/a><figcaption id=\"caption-attachment-1920\" class=\"wp-caption-text\">Prof. Arkadiusz Nowak w towarzystwie prezesa PAN, prof. Jerzego Duszy\u0144skiego<\/figcaption><\/figure>\n<p style=\"text-align: justify;\">W roku 2012 prof. Nowak uzyska\u0142 stopie\u0144 doktora habilitowanego na podstawie pracy \u201eRo\u015bliny ust\u0119puj\u0105ce i rzadkie w siedliskach antropogenicznych \u015al\u0105ska\u201d obronionej na Wydziale Nauk Biologicznych Uniwersytetu Wroc\u0142awskiego. Od tego czasu jego aktywno\u015b\u0107 badawcza przenios\u0142a si\u0119 g\u0142\u00f3wnie poza Polsk\u0119. Podj\u0105\u0142 badania syntaksonomiczne, taksonomiczne i florystyczne w \u015arodkowej Azji, g\u0142\u00f3wnie w Tad\u017cykistanie, Kirgistanie i Uzbekistanie, organizuj\u0105c ponad 30 ekspedycji naukowych. Za wk\u0142ad w poznanie ro\u015blinno\u015bci \u015arodkowej Azji zosta\u0142 uhonorowany Medalem Polskiego Towarzystwa Botanicznego im. Prof. W\u0142adys\u0142awa Szafera \u2013 najwa\u017cniejsz\u0105 nagrod\u0105 w \u015brodowisku botanicznym Polski. Prowadzi tak\u017ce badania zr\u00f3\u017cnicowania ro\u015blinno\u015bci p\u00f3l ry\u017cowych w Gruzji, Nepalu, Tajlandii, Filipinach, Kambod\u017cy, Malezji, Indonezji, Sri Lance, Argentynie, Brazylii i Chinach. Od 2017 roku prof. Nowak pracuje w PAN Ogrodzie Botanicznym \u2013 Centrum Zachowania R\u00f3\u017cnorodno\u015bci Biologicznej w Powsinie, pe\u0142ni\u0105c funkcj\u0119 zast\u0119pcy dyrektora ds. naukowych.<\/p>\n<p style=\"text-align: justify;\"><a href=\"https:\/\/ogrod.pan.pl\/blog\/wp-content\/uploads\/2020\/01\/3.jpg\"><img loading=\"lazy\" decoding=\"async\" class=\" wp-image-1926 alignleft\" src=\"https:\/\/ogrod.pan.pl\/blog\/wp-content\/uploads\/2020\/01\/3-300x199.jpg\" alt=\"\" width=\"140\" height=\"93\" srcset=\"https:\/\/ogrod.pan.pl\/blog\/wp-content\/uploads\/2020\/01\/3-300x199.jpg 300w, https:\/\/ogrod.pan.pl\/blog\/wp-content\/uploads\/2020\/01\/3-768x510.jpg 768w, https:\/\/ogrod.pan.pl\/blog\/wp-content\/uploads\/2020\/01\/3-740x493.jpg 740w, https:\/\/ogrod.pan.pl\/blog\/wp-content\/uploads\/2020\/01\/3.jpg 1024w\" sizes=\"auto, (max-width: 140px) 100vw, 140px\" \/><\/a>Profesor Nowak jest autorem ponad 300 prac naukowych, w tym ok. 90 indeksowanych w bazie Web of Science, 22 monografii naukowych i popularnonaukowych. Publikowa\u0142 w wiod\u0105cych ekologicznych i botanicznych periodykach, takich jak np. \u201eEcology\u201d, \u201eJournal of Biogeography\u201d, \u201eLand Degradation &amp; Development\u201d, \u201eJournal of Vegetation Science\u201d, \u201eApplied Vegetation Science\u201d, \u201eEcological Indicators, Journal of Missouri Botanical Garden\u201d. Zosta\u0142 zaproszony do presti\u017cowych projekt\u00f3w wydawniczych, w tym \u201eEncyclopedia of the World\u2019s Biomes Elseviera\u201d. Opisa\u0142 ok. 150 typ\u00f3w ro\u015blinno\u015bci oraz kilkana\u015bcie takson\u00f3w, g\u0142\u00f3wnie z rodzaju <em>Stipa<\/em>. By\u0142 kierownikiem lub wykonawc\u0105 wielu grant\u00f3w, w tym NCN i NCBiR. Obecnie prowadzi grant NCN po\u015bwi\u0119cony badaniu podziemnej r\u00f3\u017cnorodno\u015bci ro\u015blin pt. \u201eJaka jest prawdziwa r\u00f3\u017cnorodno\u015b\u0107 \u015brodkowoeuropejskich traworo\u015bli \u2013 analiza podziemnych element\u00f3w zbiorowisk ro\u015blinnych metod\u0105 metabarkodingu wielu loci\u201d. Od lat wsp\u00f3\u0142pracuje z sektorem gospodarczym, w tym Heidelberg Cement S.A (m.in. pe\u0142ni funkcj\u0119 przewodnicz\u0105cego jury konkursu Quarry Life Award), Cementowni\u0105 Odra S.A., Elektrowni\u0105 Opole i wieloma innymi. Ceni sobie wsp\u00f3\u0142prac\u0119 z samorz\u0105dami r\u00f3\u017cnych szczebli. Prof. Nowak w 2010 roku rozpocz\u0105\u0142 starania o rewitalizacj\u0119 Kr\u00f3lewskiej Akademii Pomologicznej w Pr\u00f3szkowie, jest g\u0142\u00f3wnym tw\u00f3rc\u0105 projektu \u201eMi\u0119dzynarodowe Centrum Badawczo-Rozwojowe Uniwersytetu Opolskiego na rzecz rolnictwa i przemys\u0142u rolno-spo\u017cywczego \u2013 Rewitalizacja Kr\u00f3lewskiej Akademii Nauk w Pr\u00f3szkowie\u201d, kt\u00f3rego celem jest m.in. odbudowa znaczenia nauk biologicznych i ogrodniczych w regionie oraz poprawa warunk\u00f3w pracy biolog\u00f3w UO.<\/p>\n<p style=\"text-align: justify;\">Poza zawodow\u0105 pasj\u0105 Prof. Arkadiusza Nowaka s\u0105 g\u00f3ry i \u015bwiat pionu. Jest pierwszym zdobywc\u0105 \u201eKorony Europy\u201d \u2013 wszystkich najwy\u017cszych szczyt\u00f3w pa\u0144stw europejskich od Burrigplatz (Luksemburg) do Elbrusu (Rosja).<\/p>\n","protected":false},"excerpt":{"rendered":"<p>12 grudnia 2019 roku, pracuj\u0105cy w naszym Ogrodzie na stanowisku kierownika Zak\u0142adu Biologii Konserwatorskiej Ro\u015blin oraz pe\u0142ni\u0105cy funkcj\u0119 z-cy dyrektora ds. naukowych Arkadiusz Nowak odebra\u0142 z r\u0105k Prezydenta Andrzeja Dudy nominacj\u0119 profesorsk\u0105, zostaj\u0105c jednocze\u015bnie pierwszym tytularnym biologiem \u2013 absolwentem Uniwersytetu Opolskiego. Prof. Arkadiusz Nowak jest absolwentem kierunku Ochrona i Kszta\u0142towanie \u015arodowiska. Prac\u0119 naukow\u0105 zaczyna\u0142 jako&#8230;<\/p>\n","protected":false},"author":6,"featured_media":1928,"comment_status":"closed","ping_status":"closed","sticky":false,"template":"","format":"standard","meta":{"_kad_blocks_custom_css":"","_kad_blocks_head_custom_js":"","_kad_blocks_body_custom_js":"","_kad_blocks_footer_custom_js":"","ngg_post_thumbnail":0,"_kad_post_transparent":"","_kad_post_title":"","_kad_post_layout":"","_kad_post_sidebar_id":"","_kad_post_content_style":"","_kad_post_vertical_padding":"","_kad_post_feature":"","_kad_post_feature_position":"","_kad_post_header":false,"_kad_post_footer":false,"_kad_post_classname":"","footnotes":""},"categories":[19],"tags":[173,168,171,172],"class_list":["post-1915","post","type-post","status-publish","format-standard","has-post-thumbnail","hentry","category-news","tag-nominacje-profesorskie","tag-pan-ogrod-botaniczny-w-powsinie","tag-prof-arkadiusz-nowak","tag-uniwersytet-opolski"],"taxonomy_info":{"category":[{"value":19,"label":"Wydarzenia"}],"post_tag":[{"value":173,"label":"Nominacje profesorskie"},{"value":168,"label":"PAN Ogr\u00f3d Botaniczny w Powsinie"},{"value":171,"label":"Prof. Arkadiusz Nowak"},{"value":172,"label":"Uniwersytet Opolski"}]},"featured_image_src_large":["https:\/\/ogrod.pan.pl\/blog\/wp-content\/uploads\/2020\/01\/open-book-1428428_1920-1024x769.jpg",1024,769,true],"author_info":{"display_name":"admin_1","author_link":"https:\/\/ogrod.pan.pl\/blog\/author\/admin_1\/"},"comment_info":0,"category_info":[{"term_id":19,"name":"Wydarzenia","slug":"news","term_group":0,"term_taxonomy_id":19,"taxonomy":"category","description":"","parent":18,"count":27,"filter":"raw","cat_ID":19,"category_count":27,"category_description":"","cat_name":"Wydarzenia","category_nicename":"news","category_parent":18}],"tag_info":[{"term_id":173,"name":"Nominacje profesorskie","slug":"nominacje-profesorskie","term_group":0,"term_taxonomy_id":173,"taxonomy":"post_tag","description":"","parent":0,"count":1,"filter":"raw"},{"term_id":168,"name":"PAN Ogr\u00f3d Botaniczny w Powsinie","slug":"pan-ogrod-botaniczny-w-powsinie","term_group":0,"term_taxonomy_id":168,"taxonomy":"post_tag","description":"","parent":0,"count":64,"filter":"raw"},{"term_id":171,"name":"Prof. Arkadiusz Nowak","slug":"prof-arkadiusz-nowak","term_group":0,"term_taxonomy_id":171,"taxonomy":"post_tag","description":"","parent":0,"count":2,"filter":"raw"},{"term_id":172,"name":"Uniwersytet Opolski","slug":"uniwersytet-opolski","term_group":0,"term_taxonomy_id":172,"taxonomy":"post_tag","description":"","parent":0,"count":1,"filter":"raw"}],"_links":{"self":[{"href":"https:\/\/ogrod.pan.pl\/blog\/wp-json\/wp\/v2\/posts\/1915","targetHints":{"allow":["GET"]}}],"collection":[{"href":"https:\/\/ogrod.pan.pl\/blog\/wp-json\/wp\/v2\/posts"}],"about":[{"href":"https:\/\/ogrod.pan.pl\/blog\/wp-json\/wp\/v2\/types\/post"}],"author":[{"embeddable":true,"href":"https:\/\/ogrod.pan.pl\/blog\/wp-json\/wp\/v2\/users\/6"}],"replies":[{"embeddable":true,"href":"https:\/\/ogrod.pan.pl\/blog\/wp-json\/wp\/v2\/comments?post=1915"}],"version-history":[{"count":0,"href":"https:\/\/ogrod.pan.pl\/blog\/wp-json\/wp\/v2\/posts\/1915\/revisions"}],"wp:featuredmedia":[{"embeddable":true,"href":"https:\/\/ogrod.pan.pl\/blog\/wp-json\/wp\/v2\/media\/1928"}],"wp:attachment":[{"href":"https:\/\/ogrod.pan.pl\/blog\/wp-json\/wp\/v2\/media?parent=1915"}],"wp:term":[{"taxonomy":"category","embeddable":true,"href":"https:\/\/ogrod.pan.pl\/blog\/wp-json\/wp\/v2\/categories?post=1915"},{"taxonomy":"post_tag","embeddable":true,"href":"https:\/\/ogrod.pan.pl\/blog\/wp-json\/wp\/v2\/tags?post=1915"}],"curies":[{"name":"wp","href":"https:\/\/api.w.org\/{rel}","templated":true}]}}